{"id":1106,"date":"2015-05-03T23:00:19","date_gmt":"2015-05-03T21:00:19","guid":{"rendered":"http:\/\/blog.brunnenbraeu.eu\/?p=1106"},"modified":"2020-02-23T12:12:50","modified_gmt":"2020-02-23T11:12:50","slug":"berghof-babelwald-im-ostallgaeudeu","status":"publish","type":"post","link":"https:\/\/blog.brunnenbraeu.eu\/?p=1106","title":{"rendered":"Berghof Babel<br \/>Wald im Ostallg\u00e4u<br \/>DEU"},"content":{"rendered":"<p style=\"text-align: justify;\">Es gibt Orte und Momente, in denen pr\u00e4sentiert sich das Allg\u00e4u so \u00fcberirdisch perfekt, dass es nur noch kitschig ist, gar nicht mehr anders als kitschig sein kann.<\/p>\n<p style=\"text-align: justify;\">Leicht wellen sich die H\u00fcgel des Voralpenlands, die Stra\u00dfe schl\u00e4ngelt sich in gleichm\u00e4\u00dfigen, ruhigen Windungen hinauf und hinab. Am Horizont gr\u00fc\u00dfen die schneebedeckten Gipfel der Alpen. Nach den Regenf\u00e4llen der vergangenen Tage steht das frische Gras leuchtend gr\u00fcn und saftig; noch saftiger und noch satter leuchten die buttergelben K\u00f6pfe des L\u00f6wenzahns.<\/p>\n<p style=\"text-align: justify;\">Allg\u00e4uer Fr\u00fchling.<\/p>\n<figure id=\"attachment_30128\" aria-describedby=\"caption-attachment-30128\" style=\"width: 709px\" class=\"wp-caption aligncenter\"><a href=\"https:\/\/www.brunnenbraeu.org\/Alben\/BerghofBabel\/album\/index.html\" target=\"_blank\" rel=\"noopener noreferrer\"><img loading=\"lazy\" decoding=\"async\" class=\"wp-image-30128 size-full\" src=\"https:\/\/blog.brunnenbraeu.eu\/wp-content\/uploads\/2015\/05\/Babel-1.jpg\" alt=\"Berghof Babel, Wald im Ostallg\u00e4u, Bier im Allg\u00e4u, Bier in Bayern, Bier vor Ort, Bierreisen, Craft Beer, Brauerei, Gasthausbrauerei\" width=\"709\" height=\"673\" srcset=\"https:\/\/blog.brunnenbraeu.eu\/wp-content\/uploads\/2015\/05\/Babel-1.jpg 709w, https:\/\/blog.brunnenbraeu.eu\/wp-content\/uploads\/2015\/05\/Babel-1-300x285.jpg 300w, https:\/\/blog.brunnenbraeu.eu\/wp-content\/uploads\/2015\/05\/Babel-1-150x142.jpg 150w\" sizes=\"auto, (max-width: 709px) 100vw, 709px\" \/><\/a><figcaption id=\"caption-attachment-30128\" class=\"wp-caption-text\">K\u00e4se- und Bierherstellung unter einem Dach<\/figcaption><\/figure>\n<p style=\"text-align: justify;\">Vor uns auf dem H\u00fcgel taucht ein gro\u00dfes, sehr gepflegtes Geh\u00f6ft auf \u2013 der <span style=\"text-decoration: underline;\"><span style=\"color: #0000ff; text-decoration: underline;\"><a style=\"color: #0000ff; text-decoration: underline;\" href=\"http:\/\/www.berghof-babel.de\" target=\"_blank\" rel=\"noopener noreferrer\">Berghof Babel<\/a><\/span><\/span>. Die H\u00e4usergruppe liegt etwas au\u00dferhalb des \u00d6rtchens Wald. Der Kies knirscht leise unter den Reifen, als wir am 3. Mai 2015 auf den Parkplatz rollen. <em>Walder K\u00e4skuche<\/em> steht an der Hauswand, und darunter <em>Schauk\u00e4serei, Brauerei<\/em>.<\/p>\n<p style=\"text-align: justify;\">\u201eMutig, mutig!\u201c, denke ich, K\u00e4sebakterien und Bierhefe traut vereint unter einem Dach, das wird wohl eine echte Herausforderung an die Betriebshygiene und die Qualit\u00e4tskontrolle sein.<\/p>\n<figure id=\"attachment_30129\" aria-describedby=\"caption-attachment-30129\" style=\"width: 792px\" class=\"wp-caption aligncenter\"><a href=\"https:\/\/www.brunnenbraeu.org\/Alben\/BerghofBabel\/album\/index.html\" target=\"_blank\" rel=\"noopener noreferrer\"><img loading=\"lazy\" decoding=\"async\" class=\"wp-image-30129 size-full\" src=\"https:\/\/blog.brunnenbraeu.eu\/wp-content\/uploads\/2015\/05\/Babel-2.jpg\" alt=\"Berghof Babel, Wald im Ostallg\u00e4u, Bier im Allg\u00e4u, Bier in Bayern, Bier vor Ort, Bierreisen, Craft Beer, Brauerei, Gasthausbrauerei\" width=\"792\" height=\"425\" srcset=\"https:\/\/blog.brunnenbraeu.eu\/wp-content\/uploads\/2015\/05\/Babel-2.jpg 792w, https:\/\/blog.brunnenbraeu.eu\/wp-content\/uploads\/2015\/05\/Babel-2-300x161.jpg 300w, https:\/\/blog.brunnenbraeu.eu\/wp-content\/uploads\/2015\/05\/Babel-2-150x80.jpg 150w, https:\/\/blog.brunnenbraeu.eu\/wp-content\/uploads\/2015\/05\/Babel-2-768x412.jpg 768w\" sizes=\"auto, (max-width: 792px) 100vw, 792px\" \/><\/a><figcaption id=\"caption-attachment-30129\" class=\"wp-caption-text\">das Sudwerk steht mitten im Saal<\/figcaption><\/figure>\n<p style=\"text-align: justify;\">Das Erdgeschoss des Geb\u00e4udes ist nicht nur gro\u00df, sondern auch gro\u00dfz\u00fcgig. Eine einladende K\u00e4setheke f\u00fcr den Direktverkauf gleich rechts, eine blitzblank polierte Brautheke der Firma <em>Kaspar Schulz<\/em> gleich links. Ein Gro\u00dfserienprodukt, gewisserma\u00dfen, aber doch immer wieder sehenswert. Vor uns der Schankraum mit \u00fcberraschend wenig Tischen, daf\u00fcr aber viel Platz davor, und rechts hinten hinter Glas die Schauk\u00e4serei.<\/p>\n<p style=\"text-align: justify;\">Staunend starren wir durch die gro\u00dfen Fenster. Blitzblank ist alles, sauber hergerichtet, effizient angeordnet. In unseren Gedanken sehen wir den K\u00e4ser zwischen den Bottichen hin und her laufen, sehen, wie er die K\u00e4seharfe durch die eingedickte, langsam ausflockende Fl\u00fcssigkeit zieht&#8230;<\/p>\n<figure id=\"attachment_30130\" aria-describedby=\"caption-attachment-30130\" style=\"width: 756px\" class=\"wp-caption aligncenter\"><a href=\"https:\/\/www.brunnenbraeu.org\/Alben\/BerghofBabel\/album\/index.html\" target=\"_blank\" rel=\"noopener noreferrer\"><img loading=\"lazy\" decoding=\"async\" class=\"wp-image-30130 size-full\" src=\"https:\/\/blog.brunnenbraeu.eu\/wp-content\/uploads\/2015\/05\/Babel-3.jpg\" alt=\"Berghof Babel, Wald im Ostallg\u00e4u, Bier im Allg\u00e4u, Bier in Bayern, Bier vor Ort, Bierreisen, Craft Beer, Brauerei, Gasthausbrauerei\" width=\"756\" height=\"425\" srcset=\"https:\/\/blog.brunnenbraeu.eu\/wp-content\/uploads\/2015\/05\/Babel-3.jpg 756w, https:\/\/blog.brunnenbraeu.eu\/wp-content\/uploads\/2015\/05\/Babel-3-300x169.jpg 300w, https:\/\/blog.brunnenbraeu.eu\/wp-content\/uploads\/2015\/05\/Babel-3-150x84.jpg 150w, https:\/\/blog.brunnenbraeu.eu\/wp-content\/uploads\/2015\/05\/Babel-3-678x381.jpg 678w\" sizes=\"auto, (max-width: 756px) 100vw, 756px\" \/><\/a><figcaption id=\"caption-attachment-30130\" class=\"wp-caption-text\">hinter Glas: die K\u00e4serei<\/figcaption><\/figure>\n<p style=\"text-align: justify;\">Doch halt, wir sind ja nicht wegen des K\u00e4ses, sondern eigentlich eher wegen des Biers hier. Flugs also einen Platz gesucht. Blitzschnell kommt die freundliche Bedienung angelaufen, und als h\u00e4tte sie unsere Fragen schon geahnt, empfiehlt sie uns die Tiroler Brotzeitplatte, da seien mehrere K\u00e4sesorten aus eigener Produktion dabei, luftgetrockneter Schinken, und nat\u00fcrlich ein Glas des hier gebrauten Biers, des Hellen. Daneben g\u00e4be es aber auch immer ein Wei\u00dfbier, und zur Zeit auch als Saisonbier einen Maibock.<\/p>\n<p style=\"text-align: justify;\">Na, wunderbar, das l\u00e4sst sich gut an.<\/p>\n<p style=\"text-align: justify;\">Die Brotzeitplatte schmeckt hervorragend, lediglich das simple Graubrot ist ein wenig einfallslos \u2013 etwas mehr als nur ein ganz normales Mischbrot h\u00e4tte es gerne sein d\u00fcrfen. Das Wald Br\u00e4u Hell dazu ist frisch, leicht herb, sehr solide und ordentlich. Und vor allem: Keine Spur einer Kreuzinfektion mit den K\u00e4sebakterien.<\/p>\n<figure id=\"attachment_30131\" aria-describedby=\"caption-attachment-30131\" style=\"width: 817px\" class=\"wp-caption aligncenter\"><a href=\"https:\/\/www.brunnenbraeu.org\/Alben\/BerghofBabel\/album\/index.html\" target=\"_blank\" rel=\"noopener noreferrer\"><img loading=\"lazy\" decoding=\"async\" class=\"wp-image-30131 size-full\" src=\"https:\/\/blog.brunnenbraeu.eu\/wp-content\/uploads\/2015\/05\/Babel-4.jpg\" alt=\"Berghof Babel, Wald im Ostallg\u00e4u, Bier im Allg\u00e4u, Bier in Bayern, Bier vor Ort, Bierreisen, Craft Beer, Brauerei, Gasthausbrauerei\" width=\"817\" height=\"425\" srcset=\"https:\/\/blog.brunnenbraeu.eu\/wp-content\/uploads\/2015\/05\/Babel-4.jpg 817w, https:\/\/blog.brunnenbraeu.eu\/wp-content\/uploads\/2015\/05\/Babel-4-300x156.jpg 300w, https:\/\/blog.brunnenbraeu.eu\/wp-content\/uploads\/2015\/05\/Babel-4-150x78.jpg 150w, https:\/\/blog.brunnenbraeu.eu\/wp-content\/uploads\/2015\/05\/Babel-4-768x400.jpg 768w\" sizes=\"auto, (max-width: 817px) 100vw, 817px\" \/><\/a><figcaption id=\"caption-attachment-30131\" class=\"wp-caption-text\">Brotzeit!<\/figcaption><\/figure>\n<p style=\"text-align: justify;\">Die zweite Sorte, das Hefewei\u00dfbier. Eigentlich ja nicht so meins, ich mag den Stil nicht, aber dieses hier schmeckt. Feine Bananennoten, vollmundig, fruchtaromatisch und fast schon ein wenig s\u00e4mig.<\/p>\n<p style=\"text-align: justify;\">Und schlie\u00dflich die dritte Sorte, das Saisonbier: Walder Maibock! Ich mache gro\u00dfe Augen. Pechschwarz mit einem leicht beigefarbenen, kremigen Schaum steht das Bier vor mir. Ein kr\u00e4ftiger Schluck. Malzig, voll, ein bisschen nach R\u00f6stmalz schmeckend, vielleicht sogar auch ein Hauch F\u00e4rbemalz. Ein ganz exzellentes Bier, kr\u00e4ftig, nahrhaft, w\u00e4rmend, s\u00e4ttigend. Aber ganz bestimmt kein Maibock! Ein Maibock ist hell und hopfig-herb!<\/p>\n<p style=\"text-align: justify;\">Dieser Bock hier ist tiefschwarz und malzig. Damit gibt er einen ausgezeichneten Christ-, Oster-, Doppel-, Schwarz-, Fest- oder Waswei\u00dfich-Bock ab, und zwar einen richtig guten, aber eben keinen Maibock.<\/p>\n<figure id=\"attachment_30132\" aria-describedby=\"caption-attachment-30132\" style=\"width: 709px\" class=\"wp-caption aligncenter\"><a href=\"https:\/\/www.brunnenbraeu.org\/Alben\/BerghofBabel\/album\/index.html\" target=\"_blank\" rel=\"noopener noreferrer\"><img loading=\"lazy\" decoding=\"async\" class=\"wp-image-30132 size-full\" src=\"https:\/\/blog.brunnenbraeu.eu\/wp-content\/uploads\/2015\/05\/Babel-5.jpg\" alt=\"Berghof Babel, Wald im Ostallg\u00e4u, Bier im Allg\u00e4u, Bier in Bayern, Bier vor Ort, Bierreisen, Craft Beer, Brauerei, Gasthausbrauerei\" width=\"709\" height=\"1424\" srcset=\"https:\/\/blog.brunnenbraeu.eu\/wp-content\/uploads\/2015\/05\/Babel-5.jpg 709w, https:\/\/blog.brunnenbraeu.eu\/wp-content\/uploads\/2015\/05\/Babel-5-149x300.jpg 149w, https:\/\/blog.brunnenbraeu.eu\/wp-content\/uploads\/2015\/05\/Babel-5-510x1024.jpg 510w, https:\/\/blog.brunnenbraeu.eu\/wp-content\/uploads\/2015\/05\/Babel-5-75x150.jpg 75w\" sizes=\"auto, (max-width: 709px) 100vw, 709px\" \/><\/a><figcaption id=\"caption-attachment-30132\" class=\"wp-caption-text\">der wunderbare schwarze Bock, der alles ist, nur kein Maibock<\/figcaption><\/figure>\n<p style=\"text-align: justify;\">Aber was soll\u2019s. Er schmeckt, und ich bin zufrieden, h\u00f6re in mich hinein, wie der schwere Bock langsam zu wirken beginnt. Die Lider werden schwer, der Chronist schl\u00e4frig, die Stimmen der anderen G\u00e4ste verschwimmen. \u201eHe, penn\u2018 mir jetzt blo\u00df nicht am helllichten Tage bei Tische ein!\u201c, rei\u00dft mich die Stimme meines holden Eheweibes aus s\u00fc\u00dfen Tr\u00e4umen. Ach, f\u00fcr einen Moment hatte alles gestimmt.<\/p>\n<p style=\"text-align: justify;\">Auch der Kitsch.<\/p>\n<p style=\"text-align: justify;\">Selbst der.<\/p>\n<p style=\"text-align: justify;\">Der <span style=\"text-decoration: underline; color: #0000ff;\"><a style=\"color: #0000ff; text-decoration: underline;\" href=\"http:\/\/www.berghof-babel.de\" target=\"_blank\" rel=\"noopener noreferrer\">Berghof Babel<\/a><\/span> wurde 2010 er\u00f6ffnet. Von der Wurst und dem Speck \u00fcber den K\u00e4se bis zum Bier kommt alles aus eigener Produktion. Die gewaltigen Torten, die es zur Kaffeezeit gibt, sind ebenfalls selbstgemacht. In einem gro\u00dfen Kupferkessel wird \u00fcber offenem Feuer das Kesselfleisch warmgehalten oder ein Raclette angerichtet. Im angegliederten Hotel kann man nicht nur \u00fcbernachten, sondern es sich auch im Sauna- und Wellness-Bereich gut gehen lassen. Die Kinder finden einen kleinen Spielplatz und viel Wiesen zum Toben vor, und wem das immer noch nicht reicht, der kann Reitausfl\u00fcge buchen, sich massieren lassen, oder was auch immer.<\/p>\n<p style=\"text-align: justify;\">Mir allerdings haben das gute, deftige Essen und das leckere Bier v\u00f6llig gen\u00fcgt.<\/p>\n<p style=\"text-align: justify;\"><em>Die Gaststube mit der Brauerei ist von Dienstag bis Sonnabend von 11:30 bis 18:00 Uhr ge\u00f6ffnet, am Sonntag und Feiertag erst ab 14:00 Uhr und am Montag ist Ruhetag. Das oben erw\u00e4hnte Kesselfleisch gibt\u2019s donnerstags, schaugek\u00e4st wird freitags \u2013 beides jeweils ab 19:30 Uhr. Durch die Lage au\u00dferhalb des Orts ist es schwierig, mit \u00f6ffentlichen Verkehrsmitteln anzureisen. Das Auto ist immer eine Option, Parkpl\u00e4tze gibt es genug, und die Harri Hurtigs dieser Welt k\u00f6nnen im Fr\u00fchjahr nat\u00fcrlich wunderbar mit dem Fahrrad \u00fcber die Wiesen des Voralpenlandes rollen und sich den n\u00f6tigen Durst auf das Wald Br\u00e4u erstrampeln.<\/em><\/p>\n<p style=\"text-align: center;\"><span style=\"text-decoration: underline;\"><span style=\"color: #0000ff;\"><a style=\"color: #0000ff; text-decoration: underline;\" href=\"https:\/\/www.brunnenbraeu.org\/Alben\/BerghofBabel\/album\/index.html\" target=\"_blank\" rel=\"noopener noreferrer\">Bilder<\/a><\/span><\/span><\/p>\n<p style=\"text-align: center;\">Berghof Babel<br \/>\nNesselwanger Stra\u00dfe 44<br \/>\n87 616 Wald im Ostallg\u00e4u<br \/>\nBayern<br \/>\nDeutschland<\/p>\n","protected":false},"excerpt":{"rendered":"<div class=\"mh-excerpt\"><p>Es gibt Orte und Momente, in denen pr\u00e4sentiert sich das Allg\u00e4u so \u00fcberirdisch perfekt, dass es nur noch kitschig ist, gar nicht mehr anders als kitschig sein kann. Leicht wellen sich die H\u00fcgel des Voralpenlands, die Stra\u00dfe schl\u00e4ngelt sich in gleichm\u00e4\u00dfigen, ruhigen Windungen hinauf und hinab. Am Horizont gr\u00fc\u00dfen die <a class=\"mh-excerpt-more\" href=\"https:\/\/blog.brunnenbraeu.eu\/?p=1106\" title=\"Berghof BabelWald im Ostallg\u00e4uDEU\">[&#8230;]<\/a><\/p>\n<\/div>","protected":false},"author":1,"featured_media":30129,"comment_status":"open","ping_status":"closed","sticky":false,"template":"","format":"standard","meta":{"footnotes":""},"categories":[20,6,13,14],"tags":[],"class_list":{"0":"post-1106","1":"post","2":"type-post","3":"status-publish","4":"format-standard","5":"has-post-thumbnail","7":"category-bayern","8":"category-bier-vor-ort","9":"category-brauereien","10":"category-deutschland-brauereien"},"_links":{"self":[{"href":"https:\/\/blog.brunnenbraeu.eu\/index.php?rest_route=\/wp\/v2\/posts\/1106","targetHints":{"allow":["GET"]}}],"collection":[{"href":"https:\/\/blog.brunnenbraeu.eu\/index.php?rest_route=\/wp\/v2\/posts"}],"about":[{"href":"https:\/\/blog.brunnenbraeu.eu\/index.php?rest_route=\/wp\/v2\/types\/post"}],"author":[{"embeddable":true,"href":"https:\/\/blog.brunnenbraeu.eu\/index.php?rest_route=\/wp\/v2\/users\/1"}],"replies":[{"embeddable":true,"href":"https:\/\/blog.brunnenbraeu.eu\/index.php?rest_route=%2Fwp%2Fv2%2Fcomments&post=1106"}],"version-history":[{"count":0,"href":"https:\/\/blog.brunnenbraeu.eu\/index.php?rest_route=\/wp\/v2\/posts\/1106\/revisions"}],"wp:featuredmedia":[{"embeddable":true,"href":"https:\/\/blog.brunnenbraeu.eu\/index.php?rest_route=\/wp\/v2\/media\/30129"}],"wp:attachment":[{"href":"https:\/\/blog.brunnenbraeu.eu\/index.php?rest_route=%2Fwp%2Fv2%2Fmedia&parent=1106"}],"wp:term":[{"taxonomy":"category","embeddable":true,"href":"https:\/\/blog.brunnenbraeu.eu\/index.php?rest_route=%2Fwp%2Fv2%2Fcategories&post=1106"},{"taxonomy":"post_tag","embeddable":true,"href":"https:\/\/blog.brunnenbraeu.eu\/index.php?rest_route=%2Fwp%2Fv2%2Ftags&post=1106"}],"curies":[{"name":"wp","href":"https:\/\/api.w.org\/{rel}","templated":true}]}}