{"id":15893,"date":"2018-03-12T23:00:12","date_gmt":"2018-03-12T22:00:12","guid":{"rendered":"http:\/\/blog.brunnenbraeu.eu\/?p=15893"},"modified":"2018-03-13T11:36:42","modified_gmt":"2018-03-13T10:36:42","slug":"greening-of-the-riesenradsaint-patricks-day-2018launch-of-viennas-craft-beer-festivalwienaut","status":"publish","type":"post","link":"https:\/\/blog.brunnenbraeu.eu\/?p=15893","title":{"rendered":"Greening of the Riesenrad<br \/>Saint Patrick\u2019s Day 2018<br \/>Launch of Vienna\u2019s Craft Bier Fest<br \/>Wien<br \/>AUT"},"content":{"rendered":"<p style=\"text-align: justify;\">Der 17. M\u00e4rz \u2013 ein Datum, das jedes Jahr Irland-Fans und Biertrinker rund um den Globus zu gro\u00dfen Festumz\u00fcgen, Feiern, Paraden und sonstigen Ereignissen vereinigt. Die Welt wird gr\u00fcn. Wenigstens f\u00fcr einen Tag. Gr\u00fcn allerdings nicht im \u00fcbertragenen Sinne f\u00fcr umweltfreundlich und nachhaltig, sondern w\u00f6rtlich: Gr\u00fcne H\u00fcte, gr\u00fcne Schals, gr\u00fcne Kleidung. Gr\u00fcn angemalte Gesichter, gr\u00fcn gef\u00e4rbtes Bier, manchmal gar gr\u00fcn gef\u00e4rbte Fl\u00fcsse wie in Chicago, und gr\u00fcn angestrahlte Geb\u00e4ude und Wahrzeichen. Saint Patrick\u2019s Day.<\/p>\n<p style=\"text-align: justify;\">F\u00fcr den 12. M\u00e4rz 2018, ein wenig vor der Zeit, hatte der Botschafter Irlands in Wien, <span style=\"color: #0000ff;\"><a style=\"color: #0000ff;\" href=\"https:\/\/www.dfa.ie\/irish-embassy\/austria\/about-us\/ambassador\/\" target=\"_blank\" rel=\"noopener\">Tom Hanney<\/a><\/span>, Irlandfreunde und Bierenthusiasten zu einem kleinen Empfang in das ber\u00fchmte <span style=\"color: #0000ff;\"><a style=\"color: #0000ff;\" href=\"https:\/\/www.wienerriesenrad.com\/\" target=\"_blank\" rel=\"noopener\">Wiener Riesenrad<\/a><\/span> eingeladen, zum \u201ePress Launch of the Greening of the Riesenrad, Saint Patrick\u2019s Day 2018 and the launch of Vienna\u2019s Craft Bier Fest May 2018, followed by an informal reception on the Ferris Wheel.\u201c<\/p>\n<figure id=\"attachment_15902\" aria-describedby=\"caption-attachment-15902\" style=\"width: 709px\" class=\"wp-caption aligncenter\"><a href=\"https:\/\/www.brunnenbraeu.org\/Alben\/GreeningtheWheel2018\/album\/index.html\" target=\"_blank\" rel=\"noopener\"><img loading=\"lazy\" decoding=\"async\" class=\"wp-image-15902 size-full\" src=\"https:\/\/blog.brunnenbraeu.eu\/wp-content\/uploads\/Greening-6.jpg\" alt=\"Greening of the Riesenrad, Saint Patrick\u2019s Day 2018, Launch of Vienna\u2019s Craft Beer Festival, Wien, Bier in \u00d6sterreich, Bier vor Ort, Bierreisen, Craft Beer, Bierfestival\" width=\"709\" height=\"550\" srcset=\"https:\/\/blog.brunnenbraeu.eu\/wp-content\/uploads\/Greening-6.jpg 709w, https:\/\/blog.brunnenbraeu.eu\/wp-content\/uploads\/Greening-6-150x116.jpg 150w, https:\/\/blog.brunnenbraeu.eu\/wp-content\/uploads\/Greening-6-300x233.jpg 300w\" sizes=\"auto, (max-width: 709px) 100vw, 709px\" \/><\/a><figcaption id=\"caption-attachment-15902\" class=\"wp-caption-text\">das Wiener Riesenrad &#8211; gr\u00fcn illuminiert<\/figcaption><\/figure>\n<p style=\"text-align: justify;\">Dunkelgr\u00fcn illuminiert begr\u00fc\u00dft mich das ber\u00fchmte Wahrzeichen des Wiener Praters, und nach kurzem Fu\u00dfweg treffe ich zu seinen F\u00fc\u00dfen neben einigen Journalisten auch den einen oder anderen Vertreter der Wiener Bierszene \u2013 immerhin ist es ja nicht nur ein Empfang zum Saint Patrick\u2019s Day, sondern auch zur Vorstellung des <span style=\"color: #0000ff;\"><a style=\"color: #0000ff;\" href=\"https:\/\/www.craftbierfest.at\/das-craft-bier-fest-wien\/\" target=\"_blank\" rel=\"noopener\">Wiener Craft Bier Fest<\/a><\/span>, das im Mai 2018 stattfinden wird.<\/p>\n<figure id=\"attachment_15897\" aria-describedby=\"caption-attachment-15897\" style=\"width: 884px\" class=\"wp-caption aligncenter\"><a href=\"https:\/\/www.brunnenbraeu.org\/Alben\/GreeningtheWheel2018\/album\/index.html\" target=\"_blank\" rel=\"noopener\"><img loading=\"lazy\" decoding=\"async\" class=\"wp-image-15897 size-full\" src=\"https:\/\/blog.brunnenbraeu.eu\/wp-content\/uploads\/Greening-1.jpg\" alt=\"Greening of the Riesenrad, Saint Patrick\u2019s Day 2018, Launch of Vienna\u2019s Craft Beer Festival, Wien, Bier in \u00d6sterreich, Bier vor Ort, Bierreisen, Craft Beer, Bierfestival\" width=\"884\" height=\"425\" srcset=\"https:\/\/blog.brunnenbraeu.eu\/wp-content\/uploads\/Greening-1.jpg 884w, https:\/\/blog.brunnenbraeu.eu\/wp-content\/uploads\/Greening-1-150x72.jpg 150w, https:\/\/blog.brunnenbraeu.eu\/wp-content\/uploads\/Greening-1-300x144.jpg 300w, https:\/\/blog.brunnenbraeu.eu\/wp-content\/uploads\/Greening-1-768x369.jpg 768w\" sizes=\"auto, (max-width: 884px) 100vw, 884px\" \/><\/a><figcaption id=\"caption-attachment-15897\" class=\"wp-caption-text\">der irische Botschafter, Tom Hanney<\/figcaption><\/figure>\n<p style=\"text-align: justify;\">Uns begr\u00fc\u00dfen ein paar hervorragende irische Craftbiere und ein paar H\u00e4ppchen, und nach einer kurzen, freundlichen Rede des Botschafters <span style=\"color: #0000ff;\"><a style=\"color: #0000ff;\" href=\"https:\/\/www.dfa.ie\/irish-embassy\/austria\/about-us\/ambassador\/\" target=\"_blank\" rel=\"noopener\">Tom Hanney<\/a><\/span>, der an die alte Tradition des Saint Patrick\u2019s Day erinnert und alle Anwesenden zur gro\u00dfen Parade am kommenden Sonnabend einl\u00e4dt, ergreifen die Organisatoren des <span style=\"color: #0000ff;\"><a style=\"color: #0000ff;\" href=\"https:\/\/www.craftbierfest.at\/das-craft-bier-fest-wien\/\" target=\"_blank\" rel=\"noopener\">Wiener Craft Bier Fest<\/a><\/span>, Micky Klemsch und Kevin Reiterer, das Wort und stellen Idee und Konzept des Festivals vor, das am 11. und 12. Mai 2018 in der Marx-Halle in Wien stattfinden wird.<\/p>\n<figure id=\"attachment_15898\" aria-describedby=\"caption-attachment-15898\" style=\"width: 1589px\" class=\"wp-caption aligncenter\"><a href=\"https:\/\/www.brunnenbraeu.org\/Alben\/GreeningtheWheel2018\/album\/index.html\" target=\"_blank\" rel=\"noopener\"><img loading=\"lazy\" decoding=\"async\" class=\"wp-image-15898 size-full\" src=\"https:\/\/blog.brunnenbraeu.eu\/wp-content\/uploads\/Greening-2.jpg\" alt=\"Greening of the Riesenrad, Saint Patrick\u2019s Day 2018, Launch of Vienna\u2019s Craft Beer Festival, Wien, Bier in \u00d6sterreich, Bier vor Ort, Bierreisen, Craft Beer, Bierfestival\" width=\"1589\" height=\"425\" srcset=\"https:\/\/blog.brunnenbraeu.eu\/wp-content\/uploads\/Greening-2.jpg 1589w, https:\/\/blog.brunnenbraeu.eu\/wp-content\/uploads\/Greening-2-150x40.jpg 150w, https:\/\/blog.brunnenbraeu.eu\/wp-content\/uploads\/Greening-2-300x80.jpg 300w, https:\/\/blog.brunnenbraeu.eu\/wp-content\/uploads\/Greening-2-768x205.jpg 768w, https:\/\/blog.brunnenbraeu.eu\/wp-content\/uploads\/Greening-2-1024x274.jpg 1024w\" sizes=\"auto, (max-width: 1589px) 100vw, 1589px\" \/><\/a><figcaption id=\"caption-attachment-15898\" class=\"wp-caption-text\">spannende Biere<\/figcaption><\/figure>\n<p style=\"text-align: justify;\">Nach dem offiziellen Teil folgt der sch\u00f6nere, n\u00e4mlich die Verkostung der Biere. W\u00e4hrend die <span style=\"color: #0000ff;\"><a style=\"color: #0000ff;\" href=\"http:\/\/www.carlowbrewing.com\/\" target=\"_blank\" rel=\"noopener\">O\u2019Hara\u2019s<\/a><\/span> Brauerei mit ihrem Irish Pale Ale, einem Dry Hopped IPA mit 5,7%, zu \u00fcberzeugen vermag und sch\u00f6ne Hopfenaromen mit nicht allzu \u00fcbertriebenem Alkoholgehalt paart (fast schon k\u00f6nnte man das Bier s\u00fcffig nennen, gef\u00e4hrlich s\u00fcffig sogar), begeistert die <span style=\"color: #0000ff;\"><a style=\"color: #0000ff;\" href=\"http:\/\/www.theporterhouse.ie\/\" target=\"_blank\" rel=\"noopener\">Porterhouse Brewing Company<\/a><\/span> mit einem Hop Head IPA, das sogar noch weniger Alkohol (5,0%) hat, daf\u00fcr aber mit Hopfennoten aufwartet, die den Genie\u00dfer geradezu anspringen. Beide Biere kernig, fast schon bissig. Und vor allem hinterlassen sie aufgrund des hohen Hopfengehalts eine trockene Zunge, machen folglich Lust auf mehr!<\/p>\n<figure id=\"attachment_15899\" aria-describedby=\"caption-attachment-15899\" style=\"width: 761px\" class=\"wp-caption aligncenter\"><a href=\"https:\/\/www.brunnenbraeu.org\/Alben\/GreeningtheWheel2018\/album\/index.html\" target=\"_blank\" rel=\"noopener\"><img loading=\"lazy\" decoding=\"async\" class=\"wp-image-15899 size-full\" src=\"https:\/\/blog.brunnenbraeu.eu\/wp-content\/uploads\/Greening-3.jpg\" alt=\"Greening of the Riesenrad, Saint Patrick\u2019s Day 2018, Launch of Vienna\u2019s Craft Beer Festival, Wien, Bier in \u00d6sterreich, Bier vor Ort, Bierreisen, Craft Beer, Bierfestival\" width=\"761\" height=\"425\" srcset=\"https:\/\/blog.brunnenbraeu.eu\/wp-content\/uploads\/Greening-3.jpg 761w, https:\/\/blog.brunnenbraeu.eu\/wp-content\/uploads\/Greening-3-150x84.jpg 150w, https:\/\/blog.brunnenbraeu.eu\/wp-content\/uploads\/Greening-3-300x168.jpg 300w\" sizes=\"auto, (max-width: 761px) 100vw, 761px\" \/><\/a><figcaption id=\"caption-attachment-15899\" class=\"wp-caption-text\">leckere H\u00e4ppchen<\/figcaption><\/figure>\n<p style=\"text-align: justify;\">Die Lust wird gestillt mit dem Gestopften Bock &amp; Orange, der anl\u00e4sslich des Craft Beer Festivals im letzten Jahr von <span style=\"color: #0000ff;\"><a style=\"color: #0000ff;\" href=\"http:\/\/www.nextlevelbrewing.at\/\" target=\"_blank\" rel=\"noopener\">Next Level Brewing<\/a><\/span>\u00a0und <a href=\"http:\/\/www.100blumen.at\" target=\"_blank\" rel=\"noopener\">100 Blumen<\/a> eingebraut worden war. Aber gemach, dies ist kein Bier f\u00fcr den raschen Schluck, sondern f\u00fcr den sanften, geruhsamen Genuss.<\/p>\n<p style=\"text-align: justify;\">In einem kurzen Gespr\u00e4ch mit dem Eigent\u00fcmer des <span style=\"color: #0000ff;\"><a style=\"color: #0000ff;\" href=\"https:\/\/www.wienerriesenrad.com\/\" target=\"_blank\" rel=\"noopener\">Wiener Riesenrads<\/a><\/span> Peter Petritsch erfahren wir, dass das Riesenrad in der Tat im Privatbesitz ist. Staunend h\u00f6ren wir die eine oder andere Anekdote aus der Geschichte dieses Wahrzeichens, insbesondere die immer wieder gerne erz\u00e4hlte Begebenheit, dass sich einmal ein Gast, nat\u00fcrlich ein Preu\u00dfe, beschwert haben soll, dass die Fahrt viel zu fr\u00fch zu Ende gegangen sei. Es sei doch h\u00f6chstens eine halbe Runde gewesen, habe er steif und fest behauptet!<\/p>\n<figure id=\"attachment_15900\" aria-describedby=\"caption-attachment-15900\" style=\"width: 709px\" class=\"wp-caption aligncenter\"><a href=\"https:\/\/www.brunnenbraeu.org\/Alben\/GreeningtheWheel2018\/album\/index.html\" target=\"_blank\" rel=\"noopener\"><img loading=\"lazy\" decoding=\"async\" class=\"wp-image-15900 size-full\" src=\"https:\/\/blog.brunnenbraeu.eu\/wp-content\/uploads\/Greening-4.jpg\" alt=\"Greening of the Riesenrad, Saint Patrick\u2019s Day 2018, Launch of Vienna\u2019s Craft Beer Festival, Wien, Bier in \u00d6sterreich, Bier vor Ort, Bierreisen, Craft Beer, Bierfestival\" width=\"709\" height=\"665\" srcset=\"https:\/\/blog.brunnenbraeu.eu\/wp-content\/uploads\/Greening-4.jpg 709w, https:\/\/blog.brunnenbraeu.eu\/wp-content\/uploads\/Greening-4-150x141.jpg 150w, https:\/\/blog.brunnenbraeu.eu\/wp-content\/uploads\/Greening-4-300x281.jpg 300w\" sizes=\"auto, (max-width: 709px) 100vw, 709px\" \/><\/a><figcaption id=\"caption-attachment-15900\" class=\"wp-caption-text\">gr\u00fcn illuminierte Riesenrad-Waggons<\/figcaption><\/figure>\n<p style=\"text-align: justify;\">Nun aber geht es in einen der Waggons, und mit den Bieren in der Hand drehen wir zwei geruhsame \u2013 ganze! \u2013 Runden durch den dunklen Nachthimmel \u00fcber Wien. Gr\u00fcn beleuchtete Cocktailtische an Bord des Waggons, den wunderbar weichen und aromatischen Bock in der Hand und die frische Luft durch die ge\u00f6ffneten Fenster. Ein sch\u00f6ner Abschluss des Empfangs.<\/p>\n<figure id=\"attachment_15901\" aria-describedby=\"caption-attachment-15901\" style=\"width: 709px\" class=\"wp-caption aligncenter\"><a href=\"https:\/\/www.brunnenbraeu.org\/Alben\/GreeningtheWheel2018\/album\/index.html\" target=\"_blank\" rel=\"noopener\"><img loading=\"lazy\" decoding=\"async\" class=\"wp-image-15901 size-full\" src=\"https:\/\/blog.brunnenbraeu.eu\/wp-content\/uploads\/Greening-5.jpg\" alt=\"Greening of the Riesenrad, Saint Patrick\u2019s Day 2018, Launch of Vienna\u2019s Craft Beer Festival, Wien, Bier in \u00d6sterreich, Bier vor Ort, Bierreisen, Craft Beer, Bierfestival\" width=\"709\" height=\"450\" srcset=\"https:\/\/blog.brunnenbraeu.eu\/wp-content\/uploads\/Greening-5.jpg 709w, https:\/\/blog.brunnenbraeu.eu\/wp-content\/uploads\/Greening-5-150x95.jpg 150w, https:\/\/blog.brunnenbraeu.eu\/wp-content\/uploads\/Greening-5-300x190.jpg 300w\" sizes=\"auto, (max-width: 709px) 100vw, 709px\" \/><\/a><figcaption id=\"caption-attachment-15901\" class=\"wp-caption-text\">ein herzliches Prost auf Saint Patrick<\/figcaption><\/figure>\n<p style=\"text-align: justify;\">Ein herzliches Prost auf den irischen Nationalheiligen Saint Patrick, ein gro\u00dfer Schluck zu seinen Ehren, und das Versprechen, nicht nur am Sonnabend zur Parade zu kommen, sondern auch im Mai zum Craft Bier Fest!<\/p>\n<p style=\"text-align: center;\"><span style=\"color: #0000ff;\"><a style=\"color: #0000ff;\" href=\"https:\/\/www.brunnenbraeu.org\/Alben\/GreeningtheWheel2018\/album\/index.html\" target=\"_blank\" rel=\"noopener\">Bilder<\/a><\/span><\/p>\n<p style=\"text-align: center;\">Greening of the Riesenrad<br \/>\nSaint Patrick\u2019s Day 2018<br \/>\nLaunch of Vienna\u2019s Craft Bier Fest<br \/>\nRiesenradplatz 1<br \/>\n1020 Wien<br \/>\n\u00d6sterreich<\/p>\n","protected":false},"excerpt":{"rendered":"<div class=\"mh-excerpt\"><p>Der 17. M\u00e4rz \u2013 ein Datum, das jedes Jahr Irland-Fans und Biertrinker rund um den Globus zu gro\u00dfen Festumz\u00fcgen, Feiern, Paraden und sonstigen Ereignissen vereinigt. Die Welt wird gr\u00fcn. Wenigstens f\u00fcr einen Tag. Gr\u00fcn allerdings nicht im \u00fcbertragenen Sinne f\u00fcr umweltfreundlich und nachhaltig, sondern w\u00f6rtlich: Gr\u00fcne H\u00fcte, gr\u00fcne Schals, gr\u00fcne <a class=\"mh-excerpt-more\" href=\"https:\/\/blog.brunnenbraeu.eu\/?p=15893\" title=\"Greening of the RiesenradSaint Patrick\u2019s Day 2018Launch of Vienna\u2019s Craft Bier FestWienAUT\">[&#8230;]<\/a><\/p>\n<\/div>","protected":false},"author":1,"featured_media":15901,"comment_status":"open","ping_status":"open","sticky":false,"template":"","format":"standard","meta":{"footnotes":""},"categories":[2,3],"tags":[],"class_list":{"0":"post-15893","1":"post","2":"type-post","3":"status-publish","4":"format-standard","5":"has-post-thumbnail","7":"category-bier-erleben","8":"category-bierverkostungen"},"_links":{"self":[{"href":"https:\/\/blog.brunnenbraeu.eu\/index.php?rest_route=\/wp\/v2\/posts\/15893","targetHints":{"allow":["GET"]}}],"collection":[{"href":"https:\/\/blog.brunnenbraeu.eu\/index.php?rest_route=\/wp\/v2\/posts"}],"about":[{"href":"https:\/\/blog.brunnenbraeu.eu\/index.php?rest_route=\/wp\/v2\/types\/post"}],"author":[{"embeddable":true,"href":"https:\/\/blog.brunnenbraeu.eu\/index.php?rest_route=\/wp\/v2\/users\/1"}],"replies":[{"embeddable":true,"href":"https:\/\/blog.brunnenbraeu.eu\/index.php?rest_route=%2Fwp%2Fv2%2Fcomments&post=15893"}],"version-history":[{"count":0,"href":"https:\/\/blog.brunnenbraeu.eu\/index.php?rest_route=\/wp\/v2\/posts\/15893\/revisions"}],"wp:featuredmedia":[{"embeddable":true,"href":"https:\/\/blog.brunnenbraeu.eu\/index.php?rest_route=\/wp\/v2\/media\/15901"}],"wp:attachment":[{"href":"https:\/\/blog.brunnenbraeu.eu\/index.php?rest_route=%2Fwp%2Fv2%2Fmedia&parent=15893"}],"wp:term":[{"taxonomy":"category","embeddable":true,"href":"https:\/\/blog.brunnenbraeu.eu\/index.php?rest_route=%2Fwp%2Fv2%2Fcategories&post=15893"},{"taxonomy":"post_tag","embeddable":true,"href":"https:\/\/blog.brunnenbraeu.eu\/index.php?rest_route=%2Fwp%2Fv2%2Ftags&post=15893"}],"curies":[{"name":"wp","href":"https:\/\/api.w.org\/{rel}","templated":true}]}}