{"id":17493,"date":"2010-10-23T23:00:51","date_gmt":"2010-10-23T21:00:51","guid":{"rendered":"http:\/\/blog.brunnenbraeu.eu\/?p=17493"},"modified":"2025-08-12T17:17:51","modified_gmt":"2025-08-12T15:17:51","slug":"st-georgen-braeu-kramer-gmbh-co-kgbuttenheimdeu","status":"publish","type":"post","link":"https:\/\/blog.brunnenbraeu.eu\/?p=17493","title":{"rendered":"St. Georgen Br\u00e4u Kramer<br>Buttenheim<br>DEU"},"content":{"rendered":"\n<p>Die gr\u00f6\u00dfere der beiden eintr\u00e4chtig nebeneinanderliegenden Buttenheimer Brauereien <span style=\"color: #0000ff;\"><a style=\"color: #0000ff;\" href=\"http:\/\/www.georgenbraeu.de\" target=\"_blank\" rel=\"noopener\">St. Georgen Br\u00e4u<\/a><\/span> war im Jahr 2009 ein wenig in wirtschaftliche Schwierigkeiten geraten, woraufhin sich der Braumeister Norbert Kramer ein Herz fasste und den angeschlagenen Betrieb einfach selber \u00fcbernahm. Und das offensichtlich mit Erfolg.<\/p>\n\n\n\n<figure class=\"wp-block-image size-large\"><img loading=\"lazy\" decoding=\"async\" width=\"1024\" height=\"277\" src=\"https:\/\/blog.brunnenbraeu.eu\/wp-content\/uploads\/St.-Georgen-Br\u00e4u-Mini-1-1024x277.jpg\" alt=\"\" class=\"wp-image-17496\" srcset=\"https:\/\/blog.brunnenbraeu.eu\/wp-content\/uploads\/St.-Georgen-Br\u00e4u-Mini-1-1024x277.jpg 1024w, https:\/\/blog.brunnenbraeu.eu\/wp-content\/uploads\/St.-Georgen-Br\u00e4u-Mini-1-150x41.jpg 150w, https:\/\/blog.brunnenbraeu.eu\/wp-content\/uploads\/St.-Georgen-Br\u00e4u-Mini-1-300x81.jpg 300w, https:\/\/blog.brunnenbraeu.eu\/wp-content\/uploads\/St.-Georgen-Br\u00e4u-Mini-1-768x208.jpg 768w, https:\/\/blog.brunnenbraeu.eu\/wp-content\/uploads\/St.-Georgen-Br\u00e4u-Mini-1.jpg 1573w\" sizes=\"auto, (max-width: 1024px) 100vw, 1024px\" \/><\/figure>\n\n\n\n<p class=\"has-text-align-center\" style=\"font-size:12px\"><strong>drau\u00dfen an der Wand steht noch der Name des alten Eigent\u00fcmers<\/strong><\/p>\n\n\n\n<div style=\"height:30px\" aria-hidden=\"true\" class=\"wp-block-spacer\"><\/div>\n\n\n\n<p>Am 23. Oktober 2010 nahm Norbert Kramer sich die Zeit, uns die Brauerei in allen Einzelheiten zu zeigen, und wir sahen einen zum Teil gerade erst frisch renovierten Betrieb. Lagerkeller, G\u00e4rtanks, Filterkeller, \u00fcberall war es blitzsauber, so dass man vom Fu\u00dfboden h\u00e4tte essen k\u00f6nnen. Die n\u00e4chsten Schritte, wo Modernisierung ansteht, werden vermutlich im Sudhaus gemacht \u2013 hier herrscht noch eher alte, weniger effiziente Technik vor. Auch die Lage der Abf\u00fcllanlage in einem der oberen Stockwerke ist sicherlich nicht ideal, m\u00fcssen doch Leer- und Vollgut entsprechend hinauf und wieder hinunter transportiert werden.<\/p>\n\n\n\n<figure class=\"wp-block-image size-full is-resized\"><img loading=\"lazy\" decoding=\"async\" width=\"709\" height=\"502\" src=\"https:\/\/blog.brunnenbraeu.eu\/wp-content\/uploads\/St.-Georgen-Br\u00e4u-Mini-2.jpg\" alt=\"\" class=\"wp-image-17497\" style=\"width:840px;height:auto\" srcset=\"https:\/\/blog.brunnenbraeu.eu\/wp-content\/uploads\/St.-Georgen-Br\u00e4u-Mini-2.jpg 709w, https:\/\/blog.brunnenbraeu.eu\/wp-content\/uploads\/St.-Georgen-Br\u00e4u-Mini-2-150x106.jpg 150w, https:\/\/blog.brunnenbraeu.eu\/wp-content\/uploads\/St.-Georgen-Br\u00e4u-Mini-2-300x212.jpg 300w\" sizes=\"auto, (max-width: 709px) 100vw, 709px\" \/><\/figure>\n\n\n\n<p class=\"has-text-align-center\" style=\"font-size:12px\"><strong>im Sudhaus herrscht noch ein wenig Modernisierungsbedarf<\/strong><\/p>\n\n\n\n<div style=\"height:30px\" aria-hidden=\"true\" class=\"wp-block-spacer\"><\/div>\n\n\n\n<p>Nach einer wirklich beeindruckenden F\u00fchrung durch den Braubetrieb nutzten wir noch die Gelegenheit, im Brauereigasthof eine Kleinigkeit zu essen und zu trinken. Und hier kamen wir erneut zu der Erkenntnis: Am Ende sind doch die Qualit\u00e4t und der Geschmack des Bieres das Wichtigste, und hier stimmt in der St. Georgen Brauerei offensichtlich alles. Das Kellerbier schmeckt frisch und aromatisch s\u00fcffig, das Pils ist fein und herb, das Vollbier malzig und weich, und der dunkle Doppelbock ist genau das richtige f\u00fcr die kalte Jahreszeit \u2013 schwer und malzig, K\u00f6rper und Geist erw\u00e4rmend.<\/p>\n\n\n\n<p>Hoffen wir, dass Norbert Kramer seine ehrgeizigen Pl\u00e4ne problemlos in die Praxis umsetzen k\u00f6nnen wird, und dass auch in Zukunft Buttenheim daf\u00fcr bekannt sein wird, zwei eintr\u00e4chtig nebeneinander liegende, erfolgreiche Brauereien zu haben.<\/p>\n\n\n\n<p class=\"has-text-align-center\"><a href=\"https:\/\/vquante.jalbum.net\/Alben16\/StGeorgenKramer\/index.html\" target=\"_blank\" rel=\"noreferrer noopener\">Bildergalerie<\/a><\/p>\n\n\n\n<p class=\"has-text-align-center\">St. Georgen Br\u00e4u Kramer GmbH &amp; Co. KG<br>Marktstra\u00dfe 12<br>96 155 Buttenheim<br>Bayern<br>Deutschland<\/p>\n","protected":false},"excerpt":{"rendered":"<div class=\"mh-excerpt\"><p>Die gr\u00f6\u00dfere der beiden eintr\u00e4chtig nebeneinanderliegenden Buttenheimer Brauereien St. Georgen Br\u00e4u war im Jahr 2009 ein wenig in wirtschaftliche Schwierigkeiten geraten, woraufhin sich der Braumeister Norbert Kramer ein Herz fasste und den angeschlagenen Betrieb einfach selber \u00fcbernahm. Und das offensichtlich mit Erfolg. drau\u00dfen an der Wand steht noch der Name <a class=\"mh-excerpt-more\" href=\"https:\/\/blog.brunnenbraeu.eu\/?p=17493\" title=\"St. Georgen Br\u00e4u KramerButtenheimDEU\">[&#8230;]<\/a><\/p>\n<\/div>","protected":false},"author":1,"featured_media":17497,"comment_status":"open","ping_status":"open","sticky":false,"template":"","format":"standard","meta":{"footnotes":""},"categories":[20,6,13,14],"tags":[],"class_list":{"0":"post-17493","1":"post","2":"type-post","3":"status-publish","4":"format-standard","5":"has-post-thumbnail","7":"category-bayern","8":"category-bier-vor-ort","9":"category-brauereien","10":"category-deutschland-brauereien"},"_links":{"self":[{"href":"https:\/\/blog.brunnenbraeu.eu\/index.php?rest_route=\/wp\/v2\/posts\/17493","targetHints":{"allow":["GET"]}}],"collection":[{"href":"https:\/\/blog.brunnenbraeu.eu\/index.php?rest_route=\/wp\/v2\/posts"}],"about":[{"href":"https:\/\/blog.brunnenbraeu.eu\/index.php?rest_route=\/wp\/v2\/types\/post"}],"author":[{"embeddable":true,"href":"https:\/\/blog.brunnenbraeu.eu\/index.php?rest_route=\/wp\/v2\/users\/1"}],"replies":[{"embeddable":true,"href":"https:\/\/blog.brunnenbraeu.eu\/index.php?rest_route=%2Fwp%2Fv2%2Fcomments&post=17493"}],"version-history":[{"count":2,"href":"https:\/\/blog.brunnenbraeu.eu\/index.php?rest_route=\/wp\/v2\/posts\/17493\/revisions"}],"predecessor-version":[{"id":47473,"href":"https:\/\/blog.brunnenbraeu.eu\/index.php?rest_route=\/wp\/v2\/posts\/17493\/revisions\/47473"}],"wp:featuredmedia":[{"embeddable":true,"href":"https:\/\/blog.brunnenbraeu.eu\/index.php?rest_route=\/wp\/v2\/media\/17497"}],"wp:attachment":[{"href":"https:\/\/blog.brunnenbraeu.eu\/index.php?rest_route=%2Fwp%2Fv2%2Fmedia&parent=17493"}],"wp:term":[{"taxonomy":"category","embeddable":true,"href":"https:\/\/blog.brunnenbraeu.eu\/index.php?rest_route=%2Fwp%2Fv2%2Fcategories&post=17493"},{"taxonomy":"post_tag","embeddable":true,"href":"https:\/\/blog.brunnenbraeu.eu\/index.php?rest_route=%2Fwp%2Fv2%2Ftags&post=17493"}],"curies":[{"name":"wp","href":"https:\/\/api.w.org\/{rel}","templated":true}]}}