{"id":2153,"date":"2015-09-13T23:00:19","date_gmt":"2015-09-13T21:00:19","guid":{"rendered":"http:\/\/blog.brunnenbraeu.eu\/?p=2153"},"modified":"2020-08-03T05:44:42","modified_gmt":"2020-08-03T03:44:42","slug":"die-wandertour-de-bier-2015bierkulturstadt-ehingen11-bis-13-september-2015","status":"publish","type":"post","link":"https:\/\/blog.brunnenbraeu.eu\/?p=2153","title":{"rendered":"Die Wandertour de Bier 2015:<br \/>Bierkulturstadt Ehingen<br \/>11. bis 13. September 2015"},"content":{"rendered":"<p style=\"text-align: justify;\">Die f\u00fcnfte <span style=\"color: #0000ff;\"><a style=\"color: #0000ff;\" href=\"https:\/\/blog.brunnenbraeu.eu\/?cat=89\" target=\"_blank\" rel=\"noopener noreferrer\">Wandertour-de-Bier<\/a><\/span> f\u00fchrte uns in die <span style=\"text-decoration: underline;\"><span style=\"color: #0000ff; text-decoration: underline;\"><a style=\"color: #0000ff; text-decoration: underline;\" href=\"http:\/\/www.bierkulturstadt.info\/,Lde\/180769.html\" target=\"_blank\" rel=\"noopener noreferrer\">Bierkulturstadt Ehingen<\/a><\/span><\/span> an der Donau. Ausgangspunkt f\u00fcr alle Wandertouren war der Landgasthof <span style=\"text-decoration: underline;\"><span style=\"color: #0000ff; text-decoration: underline;\"><a style=\"color: #0000ff; text-decoration: underline;\" href=\"http:\/\/www.ochsen-oepfingen.de\/\" target=\"_blank\" rel=\"noopener noreferrer\">Zum Ochsen<\/a><\/span><\/span> in \u00d6pfingen. Hier trafen sich am Freitag um 15:00 Uhr 14 Teilnehmer zur ersten Wanderung nach Ehingen.<\/p>\n<figure id=\"attachment_32504\" aria-describedby=\"caption-attachment-32504\" style=\"width: 756px\" class=\"wp-caption aligncenter\"><a href=\"https:\/\/www.brunnenbraeu.org\/Alben\/TdB2015Ehingen\/album\/index.html\" target=\"_blank\" rel=\"noopener noreferrer\"><img loading=\"lazy\" decoding=\"async\" class=\"wp-image-32504 size-full\" src=\"https:\/\/blog.brunnenbraeu.eu\/wp-content\/uploads\/2015\/09\/Wandertour-Ehingen-1.jpg\" alt=\"Die Wandertour de Bier 2015: Bierkulturstadt Ehingen, Bier in Baden-W\u00fcrttemberg, Bier vor Ort, Bierreisen, Craft Beer, Brauerei, Hausbrauertreffen\" width=\"756\" height=\"425\" srcset=\"https:\/\/blog.brunnenbraeu.eu\/wp-content\/uploads\/2015\/09\/Wandertour-Ehingen-1.jpg 756w, https:\/\/blog.brunnenbraeu.eu\/wp-content\/uploads\/2015\/09\/Wandertour-Ehingen-1-300x169.jpg 300w, https:\/\/blog.brunnenbraeu.eu\/wp-content\/uploads\/2015\/09\/Wandertour-Ehingen-1-150x84.jpg 150w, https:\/\/blog.brunnenbraeu.eu\/wp-content\/uploads\/2015\/09\/Wandertour-Ehingen-1-678x381.jpg 678w\" sizes=\"auto, (max-width: 756px) 100vw, 756px\" \/><\/a><figcaption id=\"caption-attachment-32504\" class=\"wp-caption-text\">5. Wandertour de Bier<\/figcaption><\/figure>\n<p style=\"text-align: justify;\">An der Donau entlang, flussaufw\u00e4rts, bei herrlichem Wanderwetter und nur einer Rast, erreichten wir nach ca. 6 km den Brauereigasthof <span style=\"text-decoration: underline;\"><span style=\"color: #0000ff; text-decoration: underline;\"><a style=\"color: #0000ff; text-decoration: underline;\" href=\"http:\/\/www.bierkulturstadt.info\/,Lde\/Bierkulturstadt\/Brauerei+Gasthof+Roessle.html\" target=\"_blank\" rel=\"noopener noreferrer\">Zum R\u00f6ssle<\/a><\/span><\/span> in Ehingen. Der stattliche Brauereigasthof befindet sich in der unteren Stadt, nahe dem Fl\u00fcsschen Schmiech. Hier trifft sich jung und alt, ortsans\u00e4ssige Stammg\u00e4ste und Menschen aus aller Welt. Das <span style=\"text-decoration: underline;\"><span style=\"color: #0000ff; text-decoration: underline;\"><a style=\"color: #0000ff; text-decoration: underline;\" href=\"http:\/\/www.bierkulturstadt.info\/,Lde\/Bierkulturstadt\/Brauerei+Gasthof+Roessle.html\" target=\"_blank\" rel=\"noopener noreferrer\">R\u00f6ssle<\/a><\/span><\/span> ist das \u00e4lteste Lokal in Ehingen.<\/p>\n<p style=\"text-align: justify;\">Bei leckeren Bieren informierte uns der Braumeister pers\u00f6nlich \u00fcber die Geschichte der Brauerei und seiner Biere. Bei einer kurzen Brauereibesichtigung konnten wir uns vom \u201eordnungsgem\u00e4\u00dfen Zustand\u201c seiner Brauanlage \u00fcberzeugen. Zwei Gro\u00dfraumtaxen brachten uns zur\u00fcck nach \u00d6pfingen. Im <span style=\"text-decoration: underline;\"><span style=\"color: #0000ff; text-decoration: underline;\"><a style=\"color: #0000ff; text-decoration: underline;\" href=\"http:\/\/www.ochsen-oepfingen.de\/\" target=\"_blank\" rel=\"noopener noreferrer\">Ochsen<\/a><\/span><\/span>, bei Abendessen und leckeren Berg-Bieren, lie\u00dfen wir den ersten Tag ausklingen.<\/p>\n<figure id=\"attachment_32505\" aria-describedby=\"caption-attachment-32505\" style=\"width: 709px\" class=\"wp-caption aligncenter\"><a href=\"https:\/\/www.brunnenbraeu.org\/Alben\/TdB2015Ehingen\/album\/index.html\" target=\"_blank\" rel=\"noopener noreferrer\"><img loading=\"lazy\" decoding=\"async\" class=\"wp-image-32505 size-full\" src=\"https:\/\/blog.brunnenbraeu.eu\/wp-content\/uploads\/2015\/09\/Wandertour-Ehingen-2.jpg\" alt=\"Die Wandertour de Bier 2015: Bierkulturstadt Ehingen, Bier in Baden-W\u00fcrttemberg, Bier vor Ort, Bierreisen, Craft Beer, Brauerei, Hausbrauertreffen\" width=\"709\" height=\"532\" srcset=\"https:\/\/blog.brunnenbraeu.eu\/wp-content\/uploads\/2015\/09\/Wandertour-Ehingen-2.jpg 709w, https:\/\/blog.brunnenbraeu.eu\/wp-content\/uploads\/2015\/09\/Wandertour-Ehingen-2-300x225.jpg 300w, https:\/\/blog.brunnenbraeu.eu\/wp-content\/uploads\/2015\/09\/Wandertour-Ehingen-2-150x113.jpg 150w, https:\/\/blog.brunnenbraeu.eu\/wp-content\/uploads\/2015\/09\/Wandertour-Ehingen-2-678x509.jpg 678w, https:\/\/blog.brunnenbraeu.eu\/wp-content\/uploads\/2015\/09\/Wandertour-Ehingen-2-326x245.jpg 326w, https:\/\/blog.brunnenbraeu.eu\/wp-content\/uploads\/2015\/09\/Wandertour-Ehingen-2-80x60.jpg 80w\" sizes=\"auto, (max-width: 709px) 100vw, 709px\" \/><\/a><figcaption id=\"caption-attachment-32505\" class=\"wp-caption-text\">in der Brauerei R\u00f6ssle<\/figcaption><\/figure>\n<p style=\"text-align: justify;\">Am n\u00e4chsten Morgen, nach gemeinsamen Fr\u00fchst\u00fcck, machte sich die mittlerweile auf 16 Teilnehmer angewachsene Truppe auf die zweite Wanderung der diesj\u00e4hrigen Tour.<\/p>\n<p style=\"text-align: justify;\">Wieder der Donau entlang, wieder bei herrlichem Wetter, ging es nun Richtung Berg. Erstes Ziel an diesem Tag war die <span style=\"text-decoration: underline;\"><span style=\"color: #0000ff; text-decoration: underline;\"><a style=\"color: #0000ff; text-decoration: underline;\" href=\"http:\/\/www.bergbier.de\/index.html\" target=\"_blank\" rel=\"noopener noreferrer\">Berg-Brauerei<\/a><\/span><\/span>. Nach einer kurzen Zwischenrast im <span style=\"text-decoration: underline;\"><span style=\"color: #0000ff; text-decoration: underline;\"><a style=\"color: #0000ff; text-decoration: underline;\" href=\"http:\/\/www.lock-ernsthof.de\/index-netscape.htm\" target=\"_blank\" rel=\"noopener noreferrer\">Ernsthof<\/a><\/span><\/span>, bei Berg-Bieren und hausgemachter Torte, erreichten wir gegen Mittag die <span style=\"text-decoration: underline;\"><span style=\"color: #0000ff; text-decoration: underline;\"><a style=\"color: #0000ff; text-decoration: underline;\" href=\"http:\/\/www.bergbier.de\/index.html\" target=\"_blank\" rel=\"noopener noreferrer\">Berg-Brauerei<\/a><\/span><\/span>. Mit leckeren Spezialit\u00e4ten aus der Region konnten wir uns f\u00fcr den weiteren Weg st\u00e4rken. Nach einem Vortrag \u00fcber die wechselreiche Geschichte der Brauerei, ging\u2019s auf die letzte Etappe unserer heutigen Wanderung.<\/p>\n<figure id=\"attachment_32507\" aria-describedby=\"caption-attachment-32507\" style=\"width: 709px\" class=\"wp-caption aligncenter\"><a href=\"https:\/\/www.brunnenbraeu.org\/Alben\/TdB2015Ehingen\/album\/index.html\" target=\"_blank\" rel=\"noopener noreferrer\"><img loading=\"lazy\" decoding=\"async\" class=\"wp-image-32507 size-full\" src=\"https:\/\/blog.brunnenbraeu.eu\/wp-content\/uploads\/2015\/09\/Wandertour-Ehingen-3.jpg\" alt=\"Die Wandertour de Bier 2015: Bierkulturstadt Ehingen, Bier in Baden-W\u00fcrttemberg, Bier vor Ort, Bierreisen, Craft Beer, Brauerei, Hausbrauertreffen\" width=\"709\" height=\"445\" srcset=\"https:\/\/blog.brunnenbraeu.eu\/wp-content\/uploads\/2015\/09\/Wandertour-Ehingen-3.jpg 709w, https:\/\/blog.brunnenbraeu.eu\/wp-content\/uploads\/2015\/09\/Wandertour-Ehingen-3-300x188.jpg 300w, https:\/\/blog.brunnenbraeu.eu\/wp-content\/uploads\/2015\/09\/Wandertour-Ehingen-3-150x94.jpg 150w\" sizes=\"auto, (max-width: 709px) 100vw, 709px\" \/><\/a><figcaption id=\"caption-attachment-32507\" class=\"wp-caption-text\">Berg-Brauerei BrauereiWirtschaft<\/figcaption><\/figure>\n<p style=\"text-align: justify;\">Nach ca. 15 km Gesamtwegstrecke am heutigen Tag erreichten wir Ehingen.<\/p>\n<p style=\"text-align: justify;\">Bis zu unserem Termin im <span style=\"text-decoration: underline;\"><span style=\"color: #0000ff; text-decoration: underline;\"><a style=\"color: #0000ff; text-decoration: underline;\" href=\"http:\/\/www.schwanen-ehingen.de\/\" target=\"_blank\" rel=\"noopener noreferrer\">Schwanen<\/a><\/span><\/span>, konnten wir noch einen Abstecher auf die an diesem Wochenende stattfindende Kirchweih\/Kirmes\/Kirm in der Stadtmitte machen.<\/p>\n<p style=\"text-align: justify;\">In der <span style=\"text-decoration: underline;\"><span style=\"color: #0000ff; text-decoration: underline;\"><a style=\"color: #0000ff; text-decoration: underline;\" href=\"http:\/\/www.bierkulturstadt.info\/,Lde\/Bierkulturstadt\/Gasthof+Brauerei+Schwanen.html\" target=\"_blank\" rel=\"noopener noreferrer\">Gasthofbrauerei Schwanen<\/a><\/span><\/span> nahmen die meisten von uns an einer, laut m\u00fcrrisch-hektischer Chefin, \u201eanderen Brauereibesichtigung\u201c teil.<\/p>\n<p style=\"text-align: justify;\">Das Brauhaus ist von langer Tradition. Seit 1697 wird hier Bier ausschlie\u00dflich nach dem deutschen Reinheitsgebot gebraut. 1983 wurde die Brauerei auf den neuesten Stand der Technik gebracht, in der nun auch sogenanntes <span style=\"text-decoration: underline;\"><span style=\"color: #0000ff; text-decoration: underline;\"><a style=\"color: #0000ff; text-decoration: underline;\" href=\"http:\/\/www.schwanen-ehingen.de\/brauerei\/craftbiere\/\" target=\"_blank\" rel=\"noopener noreferrer\">Craft-Beer<\/a><\/span><\/span> gebraut wird, das sich (nur?) bei Bierkennern immer gr\u00f6\u00dferer Beliebtheit erfreut.<\/p>\n<p style=\"text-align: justify;\">Danach ging es wieder in zwei Gro\u00dfraumtaxen zur\u00fcck nach \u00d6pfingen. Im <span style=\"text-decoration: underline;\"><span style=\"color: #0000ff; text-decoration: underline;\"><a style=\"color: #0000ff; text-decoration: underline;\" href=\"http:\/\/www.ochsen-oepfingen.de\/\" target=\"_blank\" rel=\"noopener noreferrer\">Ochsen<\/a><\/span><\/span> lie\u00dfen wir bei Abendessen, leckeren Bieren und gem\u00fctlichem Beisammensein die diesj\u00e4hrige Wandertour de Bier ausklingen.<\/p>\n<figure id=\"attachment_32508\" aria-describedby=\"caption-attachment-32508\" style=\"width: 795px\" class=\"wp-caption aligncenter\"><a href=\"https:\/\/www.brunnenbraeu.org\/Alben\/TdB2015Ehingen\/album\/index.html\" target=\"_blank\" rel=\"noopener noreferrer\"><img loading=\"lazy\" decoding=\"async\" class=\"wp-image-32508 size-full\" src=\"https:\/\/blog.brunnenbraeu.eu\/wp-content\/uploads\/2015\/09\/Wandertour-Ehingen-4.jpg\" alt=\"Die Wandertour de Bier 2015: Bierkulturstadt Ehingen, Bier in Baden-W\u00fcrttemberg, Bier vor Ort, Bierreisen, Craft Beer, Brauerei, Hausbrauertreffen\" width=\"795\" height=\"425\" srcset=\"https:\/\/blog.brunnenbraeu.eu\/wp-content\/uploads\/2015\/09\/Wandertour-Ehingen-4.jpg 795w, https:\/\/blog.brunnenbraeu.eu\/wp-content\/uploads\/2015\/09\/Wandertour-Ehingen-4-300x160.jpg 300w, https:\/\/blog.brunnenbraeu.eu\/wp-content\/uploads\/2015\/09\/Wandertour-Ehingen-4-150x80.jpg 150w, https:\/\/blog.brunnenbraeu.eu\/wp-content\/uploads\/2015\/09\/Wandertour-Ehingen-4-768x411.jpg 768w\" sizes=\"auto, (max-width: 795px) 100vw, 795px\" \/><\/a><figcaption id=\"caption-attachment-32508\" class=\"wp-caption-text\">Gruppenfoto zum Abschied<\/figcaption><\/figure>\n<p style=\"text-align: justify;\">Am n\u00e4chsten Morgen verabschiedeten sich die Teilnehmer mit dem festen Vorsatz beim n\u00e4chstem Mal wieder dabei zu sein.<\/p>\n<p style=\"text-align: center;\"><span style=\"text-decoration: underline;\"><span style=\"color: #0000ff; text-decoration: underline;\"><a style=\"color: #0000ff; text-decoration: underline;\" href=\"https:\/\/www.brunnenbraeu.org\/Alben\/TdB2015Ehingen\/album\/index.html\" target=\"_blank\" rel=\"noopener noreferrer\">Bilder und Impressionen<\/a><\/span><\/span><\/p>\n<p style=\"text-align: justify;\"><strong>Autor:<\/strong> Siegbert Hahn<br \/>\nwiederver\u00f6ffentlicht von <span style=\"text-decoration: underline;\"><span style=\"color: #0000ff; text-decoration: underline;\"><a style=\"color: #0000ff; text-decoration: underline;\" href=\"http:\/\/www.tour-de-bier.de\/index.php?page=\/artikel\/5-wandertour-de-bier-2015-ehingen-ad-donau_29\" target=\"_blank\" rel=\"noopener noreferrer\">Tour de Bier<\/a><\/span><\/span><\/p>\n","protected":false},"excerpt":{"rendered":"<div class=\"mh-excerpt\"><p>Die f\u00fcnfte Wandertour-de-Bier f\u00fchrte uns in die Bierkulturstadt Ehingen an der Donau. Ausgangspunkt f\u00fcr alle Wandertouren war der Landgasthof Zum Ochsen in \u00d6pfingen. Hier trafen sich am Freitag um 15:00 Uhr 14 Teilnehmer zur ersten Wanderung nach Ehingen. An der Donau entlang, flussaufw\u00e4rts, bei herrlichem Wanderwetter und nur einer Rast, <a class=\"mh-excerpt-more\" href=\"https:\/\/blog.brunnenbraeu.eu\/?p=2153\" title=\"Die Wandertour de Bier 2015:Bierkulturstadt Ehingen11. bis 13. September 2015\">[&#8230;]<\/a><\/p>\n<\/div>","protected":false},"author":1,"featured_media":32504,"comment_status":"open","ping_status":"closed","sticky":false,"template":"","format":"standard","meta":{"footnotes":""},"categories":[2,64,4,90,89],"tags":[],"class_list":{"0":"post-2153","1":"post","2":"type-post","3":"status-publish","4":"format-standard","5":"has-post-thumbnail","7":"category-bier-erleben","8":"category-die-tour-de-bier","9":"category-meinungen-und-gastbeitraege","10":"category-siegbert-hahn","11":"category-wander-touren"},"_links":{"self":[{"href":"https:\/\/blog.brunnenbraeu.eu\/index.php?rest_route=\/wp\/v2\/posts\/2153","targetHints":{"allow":["GET"]}}],"collection":[{"href":"https:\/\/blog.brunnenbraeu.eu\/index.php?rest_route=\/wp\/v2\/posts"}],"about":[{"href":"https:\/\/blog.brunnenbraeu.eu\/index.php?rest_route=\/wp\/v2\/types\/post"}],"author":[{"embeddable":true,"href":"https:\/\/blog.brunnenbraeu.eu\/index.php?rest_route=\/wp\/v2\/users\/1"}],"replies":[{"embeddable":true,"href":"https:\/\/blog.brunnenbraeu.eu\/index.php?rest_route=%2Fwp%2Fv2%2Fcomments&post=2153"}],"version-history":[{"count":0,"href":"https:\/\/blog.brunnenbraeu.eu\/index.php?rest_route=\/wp\/v2\/posts\/2153\/revisions"}],"wp:featuredmedia":[{"embeddable":true,"href":"https:\/\/blog.brunnenbraeu.eu\/index.php?rest_route=\/wp\/v2\/media\/32504"}],"wp:attachment":[{"href":"https:\/\/blog.brunnenbraeu.eu\/index.php?rest_route=%2Fwp%2Fv2%2Fmedia&parent=2153"}],"wp:term":[{"taxonomy":"category","embeddable":true,"href":"https:\/\/blog.brunnenbraeu.eu\/index.php?rest_route=%2Fwp%2Fv2%2Fcategories&post=2153"},{"taxonomy":"post_tag","embeddable":true,"href":"https:\/\/blog.brunnenbraeu.eu\/index.php?rest_route=%2Fwp%2Fv2%2Ftags&post=2153"}],"curies":[{"name":"wp","href":"https:\/\/api.w.org\/{rel}","templated":true}]}}