{"id":22923,"date":"2025-10-24T20:22:00","date_gmt":"2025-10-24T18:22:00","guid":{"rendered":"http:\/\/blog.brunnenbraeu.eu\/?p=22923"},"modified":"2026-04-20T20:44:42","modified_gmt":"2026-04-20T18:44:42","slug":"schneider-brauhaus-im-talweisses-brauhaus-im-talmuenchendeu","status":"publish","type":"post","link":"https:\/\/blog.brunnenbraeu.eu\/?p=22923","title":{"rendered":"Schneider Brauhaus im Tal<br>(Wei\u00dfes Brauhaus im Tal)<br>M\u00fcnchen (DEU)"},"content":{"rendered":"\n<p><strong>Nachtrag 24. Oktober 2025:<\/strong> Zum Abschluss von <a href=\"https:\/\/blog.brunnenbraeu.eu\/?p=47871\" target=\"_blank\" rel=\"noreferrer noopener\">zwei abenteuerlichen und spannenden Bierwochen<\/a> geht es f\u00fcr ein, zwei allerletzte Biere in das <em><span style=\"color: #0000ff;\"><a style=\"color: #0000ff;\" href=\"https:\/\/www.schneider-brauhaus.de\/\" target=\"_blank\" rel=\"noopener\"><span style=\"color: #0000ff;\"><\/span><\/a><\/span><\/em><span style=\"color: #0000ff;\"><a href=\"https:\/\/www.schneider-brauhaus.de\/\" target=\"_blank\" rel=\"noreferrer noopener\">Schneider Brauhaus im Tal<\/a><\/span>, ehe mich der Nachtzug wieder nachhause bringen wird. Wir sind zu dritt und haben keine Reservierung, aber die nette Dame am Empfang findet trotzdem noch einen Platz f\u00fcr uns \u2013 wenn auch mit Zeitbeschr\u00e4nkung nach hinten.<\/p>\n\n\n\n<figure class=\"wp-block-image size-large\"><img loading=\"lazy\" decoding=\"async\" width=\"1024\" height=\"768\" src=\"https:\/\/blog.brunnenbraeu.eu\/wp-content\/uploads\/2019\/01\/Schneider-Brauhaus-im-Tal-Mini-4-1024x768.jpg\" alt=\"\" class=\"wp-image-49046\" srcset=\"https:\/\/blog.brunnenbraeu.eu\/wp-content\/uploads\/2019\/01\/Schneider-Brauhaus-im-Tal-Mini-4-1024x768.jpg 1024w, https:\/\/blog.brunnenbraeu.eu\/wp-content\/uploads\/2019\/01\/Schneider-Brauhaus-im-Tal-Mini-4-300x225.jpg 300w, https:\/\/blog.brunnenbraeu.eu\/wp-content\/uploads\/2019\/01\/Schneider-Brauhaus-im-Tal-Mini-4-150x112.jpg 150w, https:\/\/blog.brunnenbraeu.eu\/wp-content\/uploads\/2019\/01\/Schneider-Brauhaus-im-Tal-Mini-4-768x576.jpg 768w, https:\/\/blog.brunnenbraeu.eu\/wp-content\/uploads\/2019\/01\/Schneider-Brauhaus-im-Tal-Mini-4-678x509.jpg 678w, https:\/\/blog.brunnenbraeu.eu\/wp-content\/uploads\/2019\/01\/Schneider-Brauhaus-im-Tal-Mini-4-326x245.jpg 326w, https:\/\/blog.brunnenbraeu.eu\/wp-content\/uploads\/2019\/01\/Schneider-Brauhaus-im-Tal-Mini-4-80x60.jpg 80w, https:\/\/blog.brunnenbraeu.eu\/wp-content\/uploads\/2019\/01\/Schneider-Brauhaus-im-Tal-Mini-4.jpg 1063w\" sizes=\"auto, (max-width: 1024px) 100vw, 1024px\" \/><\/figure>\n\n\n\n<p class=\"has-text-align-center\" style=\"font-size:12px\"><strong>zwei frischgebackene Doemens Biersommeliers feiern im Schneider Brauhaus im Tal<\/strong><\/p>\n\n\n\n<div style=\"height:50px\" aria-hidden=\"true\" class=\"wp-block-spacer\"><\/div>\n\n\n\n<p>Gemeinsam verkosten wir die Original Schneider Weisse, die etwas kr\u00e4ftiger eingebraute Festweisse, und zum kr\u00f6nenden Abschluss muss nat\u00fcrlich der Aventinus Weizen Eisbock sein, das ist hier eigentlich Pflicht. Die vorsichtige Bitte, ob wir zu diesem Bier mehrere Gl\u00e4ser bekommen k\u00f6nnen (eine Frage, bei der mich deutsche Gastronomen meistens ziemlich verst\u00e4ndnislos anstarren und beweisen, dass sie von Bierkultur nichts verstehen), wird hier routiniert und freundlich l\u00e4chelnd bejaht. Zur kleinen 330-ml-Flasche bekommen wir drei elegante Verkostungsgl\u00e4ser und k\u00f6nnen so diese wunderbare Bierspezialit\u00e4t in allen Facetten genie\u00dfen.<\/p>\n\n\n\n<p>Da auch der kleine Salat mit Rote Bete und Ziegenk\u00e4se vorz\u00fcglich mundet, bleibt f\u00fcr heute als Fazit: Es hat alles gepasst, es gab aber auch nicht die geringste Kleinigkeit auszusetzen.<\/p>\n\n\n\n<p>So muss es sein!<\/p>\n\n\n\n<p class=\"has-text-align-center\"><a href=\"https:\/\/vquante.jalbum.net\/Alben19\/WeissesBrauhausTal\/index.html\" target=\"_blank\" rel=\"noreferrer noopener\">Bildergalerie<\/a><\/p>\n\n\n\n<div style=\"height:50px\" aria-hidden=\"true\" class=\"wp-block-spacer\"><\/div>\n\n\n\n<p class=\"has-text-align-center has-large-font-size\"><strong>Schneider Brauhaus im Tal<\/strong><\/p>\n\n\n\n<p>Gut elf Jahre ist es her, dass ich das letzte Mal im Brauhaus der weltber\u00fchmten <a href=\"https:\/\/blog.brunnenbraeu.eu\/?p=21568\" target=\"_blank\" rel=\"noreferrer noopener\">Wei\u00dfbierbrauerei Schneider<\/a> im Tal eingekehrt war. Viel hat sich seitdem ver\u00e4ndert, und doch ist alles gleichgeblieben.<\/p>\n\n\n\n<p>Wie das?<\/p>\n\n\n\n<p>Ach, wie immer kommt es nat\u00fcrlich auf den Blickwinkel und auf die jeweilige Betrachtungsweise an.<\/p>\n\n\n\n<p>Aber beginnen wir zun\u00e4chst damit, in meine alten Aufzeichnungen vom 22. M\u00e4rz 2008 hineinzuschauen:<\/p>\n\n\n\n<hr class=\"wp-block-separator has-alpha-channel-opacity\"\/>\n\n\n\n<p><span style=\"color: #808080;\">Wird hier \u00fcberhaupt noch gebraut? Wohl nicht. Aber als Brauereiausschank der <span style=\"color: #000000;\"><a style=\"color: #000000;\" href=\"https:\/\/blog.brunnenbraeu.eu\/?p=21568\" target=\"_blank\" rel=\"noopener\"><a href=\"https:\/\/blog.brunnenbraeu.eu\/?p=21568\" target=\"_blank\" rel=\"noreferrer noopener\">Wei\u00dfbierbrauerei Schneider<\/a><\/a><\/span> aus Kelheim z\u00e4hlt das <span style=\"color: #000000;\"><a href=\"https:\/\/www.schneider-brauhaus.de\" target=\"_blank\" rel=\"noreferrer noopener\">Wei\u00dfe Brauhaus im Tal<\/a><\/span> allemal.<\/span><\/p>\n\n\n\n<figure class=\"wp-block-image size-full is-resized\"><img loading=\"lazy\" decoding=\"async\" width=\"709\" height=\"454\" src=\"https:\/\/blog.brunnenbraeu.eu\/wp-content\/uploads\/2019\/01\/Wei\u00dfes-Brauhaus-im-Tal-Mini-1.jpg\" alt=\"\" class=\"wp-image-22930\" style=\"width:840px;height:auto\" srcset=\"https:\/\/blog.brunnenbraeu.eu\/wp-content\/uploads\/2019\/01\/Wei\u00dfes-Brauhaus-im-Tal-Mini-1.jpg 709w, https:\/\/blog.brunnenbraeu.eu\/wp-content\/uploads\/2019\/01\/Wei\u00dfes-Brauhaus-im-Tal-Mini-1-150x96.jpg 150w, https:\/\/blog.brunnenbraeu.eu\/wp-content\/uploads\/2019\/01\/Wei\u00dfes-Brauhaus-im-Tal-Mini-1-300x192.jpg 300w\" sizes=\"auto, (max-width: 709px) 100vw, 709px\" \/><\/figure>\n\n\n\n<p class=\"has-text-align-center\" style=\"font-size:12px\"><strong>Wei\u00dfes Brauhaus im Tal<\/strong><\/p>\n\n\n\n<div style=\"height:50px\" aria-hidden=\"true\" class=\"wp-block-spacer\"><\/div>\n\n\n\n<p><span style=\"color: #808080;\">Insbesondere, da es hier eine Bierspezialit\u00e4t gibt, von der sich Kenner (f\u00e4lschlicherweise, allerdings) mit verschw\u00f6rerischer Miene zuraunen, es g\u00e4be sie nur hier und im Mutterhaus in Kelheim. Und auch nicht das ganze Jahr \u00fcber. Und selbst, wenn es sie g\u00e4be, r\u00fccke das Personal sie nur \u00e4u\u00dferst ungern heraus\u2026<\/span><\/p>\n\n\n\n<p><span style=\"color: #808080;\">Wovon die Rede ist? Vom Schneider Aventinus Weizen Eisbock. 28 % Stammw\u00fcrze und 12 % Alkoholgehalt sind die Eckdaten. Jede Flasche einzeln durchnummeriert. Ein Traum.<\/span><\/p>\n\n\n\n<p><span style=\"color: #808080;\">Ein Traum, den ich am 22. M\u00e4rz 2008 vor Ort zu verkosten die Gelegenheit hatte.<\/span><\/p>\n\n\n\n<p><span style=\"color: #808080;\">Und ich schlie\u00dfe mich in vollem Umfang der schw\u00e4rmerischen Beschreibung dieses Kronjuwels unter den Weizenb\u00f6cken an \u2013 w\u00f6rtlich so, wie es in der Getr\u00e4nkekarte verzeichnet steht:<\/span><\/p>\n\n\n\n<figure class=\"wp-block-image size-large\"><img loading=\"lazy\" decoding=\"async\" width=\"1024\" height=\"226\" src=\"https:\/\/blog.brunnenbraeu.eu\/wp-content\/uploads\/2019\/01\/Wei\u00dfes-Brauhaus-im-Tal-Mini-2-1024x226.jpg\" alt=\"\" class=\"wp-image-22931\" srcset=\"https:\/\/blog.brunnenbraeu.eu\/wp-content\/uploads\/2019\/01\/Wei\u00dfes-Brauhaus-im-Tal-Mini-2-1024x226.jpg 1024w, https:\/\/blog.brunnenbraeu.eu\/wp-content\/uploads\/2019\/01\/Wei\u00dfes-Brauhaus-im-Tal-Mini-2-150x33.jpg 150w, https:\/\/blog.brunnenbraeu.eu\/wp-content\/uploads\/2019\/01\/Wei\u00dfes-Brauhaus-im-Tal-Mini-2-300x66.jpg 300w, https:\/\/blog.brunnenbraeu.eu\/wp-content\/uploads\/2019\/01\/Wei\u00dfes-Brauhaus-im-Tal-Mini-2-768x170.jpg 768w, https:\/\/blog.brunnenbraeu.eu\/wp-content\/uploads\/2019\/01\/Wei\u00dfes-Brauhaus-im-Tal-Mini-2.jpg 1925w\" sizes=\"auto, (max-width: 1024px) 100vw, 1024px\" \/><\/figure>\n\n\n\n<p class=\"has-text-align-center\" style=\"font-size:12px\"><strong>Lobeshymne aus der Getr\u00e4nkekarte<\/strong><\/p>\n\n\n\n<div style=\"height:50px\" aria-hidden=\"true\" class=\"wp-block-spacer\"><\/div>\n\n\n\n<p><em><span style=\"color: #808080;\">\u201eMahagonifarben, fast schwarz, erinnert der Eisbock im Geruch an w\u00fcrzige Pflaumen mit einem Hauch von Bittermandel und Marzipan. Das Geschmackerlebnis beginnt mit einer ausgewogenen, cremigen S\u00fc\u00dfe, die in ein Feuerwerk aus Bananen, Nelkenaroma und getrockneten Feigen \u00fcbergeht und mit einem feinen Schokoladeneindruck ausklingt. Die komplexe Geschmacksvielfalt hinterl\u00e4sst ein angenehm mildes und erw\u00e4rmendes Gef\u00fchl auf dem Gaumen.\u201c<\/span><\/em><\/p>\n\n\n\n<hr class=\"wp-block-separator has-alpha-channel-opacity\"\/>\n\n\n\n<p>Seinerzeit habe ich unter dem Thema <a href=\"https:\/\/blog.brunnenbraeu.eu\/?cat=6\" target=\"_blank\" rel=\"noreferrer noopener\">Bier vor Ort<\/a> eigentlich nur Brauereien gesammelt. Es gab noch keine spannenden Bierbars mit einem Dutzend oder mehr Zapfh\u00e4hnen; die Bierszene in Deutschland war noch gepr\u00e4gt von einer nach innen gekehrten Nabelschau und betrachtete eine Gasthausbrauerei, die Helles, Dunkles und Weizen gleichzeitig anbot, schon als revolution\u00e4r. Da war dann ein Bier wie der Aventinus Weizen Eisbock wirklich schon eine Sensation und motivierte mich, das Prinzip \u201enur Brauereien\u201c erstmalig aufzuweichen.<\/p>\n\n\n\n<p>Inzwischen sind elf Jahre vergangen, es ist der 27. Januar 2019, und bevor am fr\u00fchen Nachmittag mein Zug wieder in Richtung Provinz f\u00e4hrt, bleibt noch Zeit f\u00fcr einen sch\u00f6nen Sonntagsfr\u00fchschoppen. Einmal wieder ins Tal also, und schauen, was sich ver\u00e4ndert hat.<\/p>\n\n\n\n<p>Viel hat sich ver\u00e4ndert, und doch ist alles gleichgeblieben.<\/p>\n\n\n\n<p>Ver\u00e4ndert hat sich der Name des Lokals, und irgendwie wirkt es jetzt ein wenig konfus. <a href=\"https:\/\/www.schneider-brauhaus.de\/\" target=\"_blank\" rel=\"noreferrer noopener\">Wei\u00dfes Brauhaus<\/a> hie\u00df es seinerzeit eigentlich, aber um Verwechslungsgefahr mit anderen wei\u00dfen Brauh\u00e4usern zu vermeiden, sprach man immer schon vom <a href=\"https:\/\/www.schneider-brauhaus.de\/\" target=\"_blank\" rel=\"noreferrer noopener\">Wei\u00dfen Brauhaus im Tal<\/a>. Drau\u00dfen an der Fassade stand allerdings immer schon <a href=\"https:\/\/www.schneider-brauhaus.de\/\" target=\"_blank\" rel=\"noreferrer noopener\">Wei\u00dfes Br\u00e4uhaus<\/a>, also mit Umlaut. 2015 entschloss sich die <a href=\"https:\/\/blog.brunnenbraeu.eu\/?p=21568\" target=\"_blank\" rel=\"noreferrer noopener\">Schneiderbrauerei<\/a>, den Namen eindeutiger zu gestalten, und so hei\u00dft die Wirtschaft nun <span style=\"color: #0000ff;\"><a style=\"color: #0000ff;\" href=\"https:\/\/www.schneider-brauhaus.de\" target=\"_blank\" rel=\"noopener\"><a href=\"https:\/\/www.schneider-brauhaus.de\/\" target=\"_blank\" rel=\"noreferrer noopener\">Schneider Br\u00e4uhaus<\/a><\/a><\/span>. Ebenfalls, je nach Gusto, mit kleinem Zusatz, also <span style=\"color: #0000ff;\"><a style=\"color: #0000ff;\" href=\"https:\/\/www.schneider-brauhaus.de\" target=\"_blank\" rel=\"noopener\"><a href=\"https:\/\/www.schneider-brauhaus.de\/\" target=\"_blank\" rel=\"noreferrer noopener\">Schneider Br\u00e4uhaus im Tal<\/a><\/a><\/span> oder gar <a href=\"https:\/\/www.schneider-brauhaus.de\/\" target=\"_blank\" rel=\"noreferrer noopener\">Schneider Br\u00e4uhaus M\u00fcnchen im Tal<\/a>. So liest man es mittlerweile auch auf der Website, w\u00e4hrend an der Fassade unver\u00e4ndert der geschwungene Schriftzug <span style=\"color: #0000ff;\"><a style=\"color: #0000ff;\" href=\"https:\/\/www.schneider-brauhaus.de\/\" target=\"_blank\" rel=\"noopener\"><a href=\"https:\/\/www.schneider-brauhaus.de\/\" target=\"_blank\" rel=\"noreferrer noopener\">Wei\u00dfes Br\u00e4uhaus<\/a><\/a><\/span> prangt. Ach, und am Fu\u00dfe der Website steht ein Copyright-Vermerk, der dann wieder auf den Umlaut verzichtet. <span style=\"color: #0000ff;\"><a style=\"color: #0000ff;\" href=\"https:\/\/www.schneider-brauhaus.de\/\" target=\"_blank\" rel=\"noopener\"><span style=\"color: #0000ff;\"><a style=\"color: #0000ff;\" href=\"https:\/\/www.schneider-brauhaus.de\" target=\"_blank\" rel=\"noopener\"><\/a><a href=\"https:\/\/www.schneider-brauhaus.de\/\" target=\"_blank\" rel=\"noreferrer noopener\">Schneider Brauhaus im Tal<\/a><\/span><\/a><\/span> hei\u00dft es dort, um das Durcheinander vollst\u00e4ndig zu machen. Vielleicht ist es doch am besten, sich einfach unter der Adresse Tal 7 zu treffen und die Nennung des Namens ganz zu vermeiden. Dann gibt es auch keine Diskussionen.<\/p>\n\n\n\n<figure class=\"wp-block-image size-large is-resized\"><img loading=\"lazy\" decoding=\"async\" width=\"517\" height=\"1024\" src=\"https:\/\/blog.brunnenbraeu.eu\/wp-content\/uploads\/2019\/01\/Schneider-Brauhaus-im-Tal-Mini-3-517x1024.jpg\" alt=\"\" class=\"wp-image-22929\" style=\"width:840px;height:auto\" srcset=\"https:\/\/blog.brunnenbraeu.eu\/wp-content\/uploads\/2019\/01\/Schneider-Brauhaus-im-Tal-Mini-3-517x1024.jpg 517w, https:\/\/blog.brunnenbraeu.eu\/wp-content\/uploads\/2019\/01\/Schneider-Brauhaus-im-Tal-Mini-3-76x150.jpg 76w, https:\/\/blog.brunnenbraeu.eu\/wp-content\/uploads\/2019\/01\/Schneider-Brauhaus-im-Tal-Mini-3-152x300.jpg 152w, https:\/\/blog.brunnenbraeu.eu\/wp-content\/uploads\/2019\/01\/Schneider-Brauhaus-im-Tal-Mini-3.jpg 709w\" sizes=\"auto, (max-width: 517px) 100vw, 517px\" \/><\/figure>\n\n\n\n<p class=\"has-text-align-center\" style=\"font-size:12px\"><strong>neu im Angebot gegen\u00fcber 2008: TAP5 Meine Hopfenwei\u00dfe<\/strong><\/p>\n\n\n\n<div style=\"height:50px\" aria-hidden=\"true\" class=\"wp-block-spacer\"><\/div>\n\n\n\n<p>Ver\u00e4ndert hat sich auch das Bierangebot. Ein wenig, zumindest. 2009 hat der Brauerei-Inhaber, Georg VI. Schneider, die gesamte Produktpalette durchnummeriert. Aus der klassischen Schneider Wei\u00dfe wurde TAP7 Unser Original, aus dem Kristallweizen TAP2 Mein Kristall und aus dem Aventinus Weizenbock TAP6 Unser Aventinus. Lediglich der Aventinus Weizen Eisbock bekam keine Nummer. Zus\u00e4tzlich zu den neuen Produktbezeichnungen wurden auch ein paar neue Biere auf den Markt gebracht. TAP4 Mein Gr\u00fcnes, ein sehr hopfenbetontes Wei\u00dfbier, beispielsweise, oder TAP5 Meine Hopfenwei\u00dfe, ein sehr stark gehopftes Wei\u00dfbier mit sage und schreibe 8,2% Alkohol. Geschmacklich und in der Wirkung eine Wucht. Das Tap11 Meine leichte Wei\u00dfe kam ebenfalls hinzu, und unter der Bezeichnung TAPX eine ganze Reihe von Experimentalbieren mit Holzfassreifung, speziellen Hopfensorten und dergleichen.<\/p>\n\n\n\n<p>Und doch ist alles gleichgeblieben. Im vorderen wie im hinteren Schankbereich herrscht nach wie vor eine rustikale und freundliche Stimmung. Touristen wie Einheimische dr\u00e4ngen sich eng auf den vollbesetzten Bierb\u00e4nken zusammen. Musikanten schieben sich zwischen den Tischen durch und sorgen f\u00fcr Stimmung, und bereits am fr\u00fchen Sonntagmorgen ab 08:00 Uhr schmeckt das Wei\u00dfbier schon ganz vorz\u00fcglich.<\/p>\n\n\n\n<figure class=\"wp-block-image size-full\"><img loading=\"lazy\" decoding=\"async\" width=\"1009\" height=\"425\" src=\"https:\/\/blog.brunnenbraeu.eu\/wp-content\/uploads\/2019\/01\/Schneider-Brauhaus-im-Tal-Mini-1.jpg\" alt=\"\" class=\"wp-image-22927\" srcset=\"https:\/\/blog.brunnenbraeu.eu\/wp-content\/uploads\/2019\/01\/Schneider-Brauhaus-im-Tal-Mini-1.jpg 1009w, https:\/\/blog.brunnenbraeu.eu\/wp-content\/uploads\/2019\/01\/Schneider-Brauhaus-im-Tal-Mini-1-150x63.jpg 150w, https:\/\/blog.brunnenbraeu.eu\/wp-content\/uploads\/2019\/01\/Schneider-Brauhaus-im-Tal-Mini-1-300x126.jpg 300w, https:\/\/blog.brunnenbraeu.eu\/wp-content\/uploads\/2019\/01\/Schneider-Brauhaus-im-Tal-Mini-1-768x323.jpg 768w\" sizes=\"auto, (max-width: 1009px) 100vw, 1009px\" \/><\/figure>\n\n\n\n<p class=\"has-text-align-center\" style=\"font-size:12px\"><strong>Musik zur Mittagszeit<\/strong><\/p>\n\n\n\n<div style=\"height:50px\" aria-hidden=\"true\" class=\"wp-block-spacer\"><\/div>\n\n\n\n<p>Gleich geblieben ist auch die traditionelle Kronfleisch-K\u00fcche. Als eines der letzten Wirtsh\u00e4user in M\u00fcnchen \u00fcberhaupt (oder ist es mittlerweile gar das allerletzte?) bietet das <a href=\"https:\/\/www.schneider-brauhaus.de\/\" target=\"_blank\" rel=\"noreferrer noopener\">Schneider Bra(\u00e4)haus (M\u00fcnchen) im Tal<\/a> noch eine umfangreiche Liste von Innereien auf der Speisekarte, insbesondere eben auch Kronfleisch, also das Zwerchfell von Rind, Kalb oder Schwein. Ziemlich festes, aber auch sehr aromatisches Fleisch. Es wird in einem Gem\u00fcsesud gekocht und mit viel Kren (Meerrettich) und Petersilienkartoffeln serviert. Entweder man liebt es, oder man hasst es. \u00c4hnlich, wie all die anderen Innereien \u2013 Nieren, Leber, Milzwurst, Lunge, Kutteln, Bries \u2026<\/p>\n\n\n\n<figure class=\"wp-block-image size-full is-resized\"><img loading=\"lazy\" decoding=\"async\" width=\"803\" height=\"425\" src=\"https:\/\/blog.brunnenbraeu.eu\/wp-content\/uploads\/2019\/01\/Schneider-Brauhaus-im-Tal-Mini-2.jpg\" alt=\"\" class=\"wp-image-22928\" style=\"width:840px;height:auto\" srcset=\"https:\/\/blog.brunnenbraeu.eu\/wp-content\/uploads\/2019\/01\/Schneider-Brauhaus-im-Tal-Mini-2.jpg 803w, https:\/\/blog.brunnenbraeu.eu\/wp-content\/uploads\/2019\/01\/Schneider-Brauhaus-im-Tal-Mini-2-150x79.jpg 150w, https:\/\/blog.brunnenbraeu.eu\/wp-content\/uploads\/2019\/01\/Schneider-Brauhaus-im-Tal-Mini-2-300x159.jpg 300w, https:\/\/blog.brunnenbraeu.eu\/wp-content\/uploads\/2019\/01\/Schneider-Brauhaus-im-Tal-Mini-2-768x406.jpg 768w\" sizes=\"auto, (max-width: 803px) 100vw, 803px\" \/><\/figure>\n\n\n\n<p class=\"has-text-align-center\" style=\"font-size:12px\"><strong>Kronfleisch<\/strong><\/p>\n\n\n\n<div style=\"height:50px\" aria-hidden=\"true\" class=\"wp-block-spacer\"><\/div>\n\n\n\n<div style=\"height:50px\" aria-hidden=\"true\" class=\"wp-block-spacer\"><\/div>\n\n\n\n<p>In der vollen Schankstube l\u00f6sche ich heute meinen allerersten Durst auf n\u00fcchternen Magen mit einem TAP3 Mein Alkoholfrei, bevor ich mich dann \u00fcber die Kombination Kronfleisch mit TAP5 Meine Hopfenwei\u00dfe hermache. Das aromatische und feste Fleisch braucht ein ebenso robustes und aromatisches Bier dazu \u2013 die Hopfenwei\u00dfe kann mit ihrem gewaltigen Malzk\u00f6rper und ihren dominanten Hopfenaromen wunderbar mithalten. Beide gemeinsam, Kronfleisch und Hopfenwei\u00dfe, bilden eine solide Grundlage, um am Nachmittag die Heimreise im \u00fcberf\u00fcllten Zug zu \u00fcberstehen.<\/p>\n\n\n\n<p>Ein klassisch-m\u00fcnchnerisches Biererlebnis.<\/p>\n\n\n\n<p><em>Das <span style=\"color: #0000ff;\"><a style=\"color: #0000ff;\" href=\"https:\/\/www.schneider-brauhaus.de\/\" target=\"_blank\" rel=\"noopener\"><span style=\"color: #0000ff;\"><a style=\"color: #0000ff;\" href=\"https:\/\/www.schneider-brauhaus.de\/\" target=\"_blank\" rel=\"noopener\"><span style=\"color: #0000ff;\"><\/span><\/a><a href=\"https:\/\/www.schneider-brauhaus.de\/\" target=\"_blank\" rel=\"noreferrer noopener\">Schneider Brauhaus im Tal<\/a><\/span><\/a><\/span> (einigen wir uns mal auf diese Schreibweise) ist t\u00e4glich von 08:00 bis 00:30 Uhr ge\u00f6ffnet; kein Ruhetag. Mit dem Bus 132 kommt man bis auf wenige Schritte an das Brauhaus heran (Haltestelle \u201eTal\u201c).<\/em><\/p>\n\n\n\n<p class=\"has-text-align-center\"><a href=\"https:\/\/vquante.jalbum.net\/Alben19\/WeissesBrauhausTal\/index.html\" target=\"_blank\" rel=\"noreferrer noopener\">Bildergalerie<\/a><\/p>\n\n\n\n<p class=\"has-text-align-center\">Schneider Brauhaus im Tal<br>(Wei\u00dfes Brauhaus im Tal)<br>Tal 7<br>80 331 M\u00fcnchen<br>Bayern<br>Deutschland<\/p>\n","protected":false},"excerpt":{"rendered":"<div class=\"mh-excerpt\"><p>Nachtrag 24. Oktober 2025: Zum Abschluss von zwei abenteuerlichen und spannenden Bierwochen geht es f\u00fcr ein, zwei allerletzte Biere in das Schneider Brauhaus im Tal, ehe mich der Nachtzug wieder nachhause bringen wird. Wir sind zu dritt und haben keine Reservierung, aber die nette Dame am Empfang findet trotzdem noch <a class=\"mh-excerpt-more\" href=\"https:\/\/blog.brunnenbraeu.eu\/?p=22923\" title=\"Schneider Brauhaus im Tal(Wei\u00dfes Brauhaus im Tal)M\u00fcnchen (DEU)\">[&#8230;]<\/a><\/p>\n<\/div>","protected":false},"author":1,"featured_media":22930,"comment_status":"open","ping_status":"open","sticky":false,"template":"","format":"standard","meta":{"footnotes":""},"categories":[48,6,10,11],"tags":[],"class_list":{"0":"post-22923","1":"post","2":"type-post","3":"status-publish","4":"format-standard","5":"has-post-thumbnail","7":"category-bayern-deutschland","8":"category-bier-vor-ort","9":"category-bierbars-biergaerten-bierlokale","10":"category-deutschland"},"_links":{"self":[{"href":"https:\/\/blog.brunnenbraeu.eu\/index.php?rest_route=\/wp\/v2\/posts\/22923","targetHints":{"allow":["GET"]}}],"collection":[{"href":"https:\/\/blog.brunnenbraeu.eu\/index.php?rest_route=\/wp\/v2\/posts"}],"about":[{"href":"https:\/\/blog.brunnenbraeu.eu\/index.php?rest_route=\/wp\/v2\/types\/post"}],"author":[{"embeddable":true,"href":"https:\/\/blog.brunnenbraeu.eu\/index.php?rest_route=\/wp\/v2\/users\/1"}],"replies":[{"embeddable":true,"href":"https:\/\/blog.brunnenbraeu.eu\/index.php?rest_route=%2Fwp%2Fv2%2Fcomments&post=22923"}],"version-history":[{"count":3,"href":"https:\/\/blog.brunnenbraeu.eu\/index.php?rest_route=\/wp\/v2\/posts\/22923\/revisions"}],"predecessor-version":[{"id":49047,"href":"https:\/\/blog.brunnenbraeu.eu\/index.php?rest_route=\/wp\/v2\/posts\/22923\/revisions\/49047"}],"wp:featuredmedia":[{"embeddable":true,"href":"https:\/\/blog.brunnenbraeu.eu\/index.php?rest_route=\/wp\/v2\/media\/22930"}],"wp:attachment":[{"href":"https:\/\/blog.brunnenbraeu.eu\/index.php?rest_route=%2Fwp%2Fv2%2Fmedia&parent=22923"}],"wp:term":[{"taxonomy":"category","embeddable":true,"href":"https:\/\/blog.brunnenbraeu.eu\/index.php?rest_route=%2Fwp%2Fv2%2Fcategories&post=22923"},{"taxonomy":"post_tag","embeddable":true,"href":"https:\/\/blog.brunnenbraeu.eu\/index.php?rest_route=%2Fwp%2Fv2%2Ftags&post=22923"}],"curies":[{"name":"wp","href":"https:\/\/api.w.org\/{rel}","templated":true}]}}