{"id":27807,"date":"2014-05-24T23:00:39","date_gmt":"2014-05-24T21:00:39","guid":{"rendered":"http:\/\/blog.brunnenbraeu.eu\/?p=27807"},"modified":"2019-12-25T11:16:39","modified_gmt":"2019-12-25T10:16:39","slug":"der-forchheimer-kellerwaldforchheimdeu","status":"publish","type":"post","link":"https:\/\/blog.brunnenbraeu.eu\/?p=27807","title":{"rendered":"Der Forchheimer Kellerwald<br \/>Forchheim<br \/>DEU"},"content":{"rendered":"<p style=\"text-align: justify;\">Der <span style=\"color: #0000ff;\"><a style=\"color: #0000ff;\" href=\"https:\/\/www.forchheim-erleben.de\/de\/kulinarik\/kellerwald\/\" target=\"_blank\" rel=\"noopener noreferrer\">Forchheimer Kellerberg<\/a><\/span> (oder auch <span style=\"color: #0000ff;\"><a style=\"color: #0000ff;\" href=\"https:\/\/www.forchheim-erleben.de\/de\/kulinarik\/kellerwald\/\" target=\"_blank\" rel=\"noopener noreferrer\">Kellerwald<\/a><\/span> genannt, je nachdem, wen man fragt) ist eine Besonderheit unter den Bergen (oder W\u00e4ldern) Frankens, und die Tradition, in der hier das Bier getrunken wird, hat schon oft zu Verwirrung gef\u00fchrt. Geht man andernorts <strong>in<\/strong> einen Bierkeller, um sein Bier zu genie\u00dfen, so wird das auf dem <span style=\"color: #0000ff;\"><a style=\"color: #0000ff;\" href=\"https:\/\/www.forchheim-erleben.de\/de\/kulinarik\/kellerwald\/\" target=\"_blank\" rel=\"noopener noreferrer\">Kellerberg<\/a><\/span> nur schwerlich funktionieren, denn hier geht man <strong>auf<\/strong> den Keller.<\/p>\n<p style=\"text-align: justify;\">Wie das funktionieren soll?<\/p>\n<p style=\"text-align: justify;\">Nun, die L\u00f6sung ist simpel. Der nur wenige hundert Meter von der Altstadt entfernt gelegene, etwa 340 m hohe <span style=\"color: #0000ff;\"><a style=\"color: #0000ff;\" href=\"https:\/\/www.forchheim-erleben.de\/de\/kulinarik\/kellerwald\/\" target=\"_blank\" rel=\"noopener noreferrer\">Kellerberg<\/a><\/span> ist aus Sandstein, und schon vor hunderten von Jahren sind hier ausgedehnte Kellerlabyrinthe gegraben worden, in deren G\u00e4ngen Bier gelagert wurde. Der k\u00fchle Sandstein und das langsam durch ihn durchsickernde und verdunstende Wasser sorgen daf\u00fcr, dass in den G\u00e4ngen sommers wie winters gleichm\u00e4\u00dfige Temperaturen von etwa acht Grad Celsius herrschen \u2013 ideal, um das Bier der Forchheimer Brauereien zu lagern, nachreifen zu lassen und vor allem im Sommer k\u00fchl zu halten.<\/p>\n<figure id=\"attachment_27816\" aria-describedby=\"caption-attachment-27816\" style=\"width: 709px\" class=\"wp-caption aligncenter\"><a href=\"https:\/\/www.brunnenbraeu.org\/Alben2\/ForchheimerKeller\/album\/index.html\" target=\"_blank\" rel=\"noopener noreferrer\"><img loading=\"lazy\" decoding=\"async\" class=\"wp-image-27816 size-full\" src=\"https:\/\/blog.brunnenbraeu.eu\/wp-content\/uploads\/2014\/05\/Der-Forchheimer-Kellerwald-Mini-5.jpg\" alt=\"Der Forchheimer Kellerwald, Forchheim, Bier in Franken, Bier in Bayern, Bier vor Ort, Bierreisen, Craft Beer, Biergarten, Bierkeller\" width=\"709\" height=\"457\" srcset=\"https:\/\/blog.brunnenbraeu.eu\/wp-content\/uploads\/2014\/05\/Der-Forchheimer-Kellerwald-Mini-5.jpg 709w, https:\/\/blog.brunnenbraeu.eu\/wp-content\/uploads\/2014\/05\/Der-Forchheimer-Kellerwald-Mini-5-150x97.jpg 150w, https:\/\/blog.brunnenbraeu.eu\/wp-content\/uploads\/2014\/05\/Der-Forchheimer-Kellerwald-Mini-5-300x193.jpg 300w\" sizes=\"auto, (max-width: 709px) 100vw, 709px\" \/><\/a><figcaption id=\"caption-attachment-27816\" class=\"wp-caption-text\">seit Jahrhunderten wird das Bier in den niedrigen Sandstein-G\u00e4ngen k\u00fchl gelagert<\/figcaption><\/figure>\n<p style=\"text-align: justify;\">Die Gesamtl\u00e4nge der Kellerg\u00e4nge misst nach Kilometern, und im Sommer war es in alter Zeit immer ein gro\u00dfes Treiben auf dem Kellerberg, wenn die Brauereien von dort ihre F\u00e4sser mit dem Bier geholt haben, um sie schlie\u00dflich in der Stadt in ihren Sch\u00e4nken anzuzapfen.<\/p>\n<figure id=\"attachment_27812\" aria-describedby=\"caption-attachment-27812\" style=\"width: 709px\" class=\"wp-caption aligncenter\"><a href=\"https:\/\/www.brunnenbraeu.org\/Alben2\/ForchheimerKeller\/album\/index.html\" target=\"_blank\" rel=\"noopener noreferrer\"><img loading=\"lazy\" decoding=\"async\" class=\"wp-image-27812 size-full\" src=\"https:\/\/blog.brunnenbraeu.eu\/wp-content\/uploads\/2014\/05\/Der-Forchheimer-Kellerwald-Mini-1.jpg\" alt=\"Der Forchheimer Kellerwald, Forchheim, Bier in Franken, Bier in Bayern, Bier vor Ort, Bierreisen, Craft Beer, Biergarten, Bierkeller\" width=\"709\" height=\"447\" srcset=\"https:\/\/blog.brunnenbraeu.eu\/wp-content\/uploads\/2014\/05\/Der-Forchheimer-Kellerwald-Mini-1.jpg 709w, https:\/\/blog.brunnenbraeu.eu\/wp-content\/uploads\/2014\/05\/Der-Forchheimer-Kellerwald-Mini-1-150x95.jpg 150w, https:\/\/blog.brunnenbraeu.eu\/wp-content\/uploads\/2014\/05\/Der-Forchheimer-Kellerwald-Mini-1-300x189.jpg 300w\" sizes=\"auto, (max-width: 709px) 100vw, 709px\" \/><\/a><figcaption id=\"caption-attachment-27812\" class=\"wp-caption-text\">im w\u00e4ldlichen Idyll des Kellerwalds verstecken sich die Bierkeller<\/figcaption><\/figure>\n<p style=\"text-align: justify;\">Es dauerte nicht lang, bis die erste Brauerei auf die Idee kam, Wanderern, die unter den schattigen B\u00e4umen des <span style=\"color: #0000ff;\"><a style=\"color: #0000ff;\" href=\"https:\/\/www.forchheim-erleben.de\/de\/kulinarik\/kellerwald\/\" target=\"_blank\" rel=\"noopener noreferrer\">Kellerbergs<\/a><\/span> Erholung suchten, das Bier auch direkt vor Ort anzubieten, und im Nu entstanden so direkt an den Eing\u00e4ngen zu den Sandsteinkellern die ersten Bierg\u00e4rten. Man sa\u00df nun also beim Bier im Biergarten direkt oberhalb der Kellerg\u00e4nge, also auf dem Keller, und bald wurden in Forchheim auf dem <span style=\"color: #0000ff;\"><a style=\"color: #0000ff;\" href=\"https:\/\/www.forchheim-erleben.de\/de\/kulinarik\/kellerwald\/\" target=\"_blank\" rel=\"noopener noreferrer\">Kellerberg<\/a><\/span> die Begriffe Biergarten und Keller synonym verwandt.<\/p>\n<figure id=\"attachment_27813\" aria-describedby=\"caption-attachment-27813\" style=\"width: 709px\" class=\"wp-caption aligncenter\"><a href=\"https:\/\/www.brunnenbraeu.org\/Alben2\/ForchheimerKeller\/album\/index.html\" target=\"_blank\" rel=\"noopener noreferrer\"><img loading=\"lazy\" decoding=\"async\" class=\"wp-image-27813 size-full\" src=\"https:\/\/blog.brunnenbraeu.eu\/wp-content\/uploads\/2014\/05\/Der-Forchheimer-Kellerwald-Mini-2.jpg\" alt=\"Der Forchheimer Kellerwald, Forchheim, Bier in Franken, Bier in Bayern, Bier vor Ort, Bierreisen, Craft Beer, Biergarten, Bierkeller\" width=\"709\" height=\"486\" srcset=\"https:\/\/blog.brunnenbraeu.eu\/wp-content\/uploads\/2014\/05\/Der-Forchheimer-Kellerwald-Mini-2.jpg 709w, https:\/\/blog.brunnenbraeu.eu\/wp-content\/uploads\/2014\/05\/Der-Forchheimer-Kellerwald-Mini-2-150x103.jpg 150w, https:\/\/blog.brunnenbraeu.eu\/wp-content\/uploads\/2014\/05\/Der-Forchheimer-Kellerwald-Mini-2-300x206.jpg 300w\" sizes=\"auto, (max-width: 709px) 100vw, 709px\" \/><\/a><figcaption id=\"caption-attachment-27813\" class=\"wp-caption-text\">der Weiss-Tauben Keller<\/figcaption><\/figure>\n<p style=\"text-align: justify;\">24 Keller gibt es mittlerweile, alle vier noch existierenden Forchheimer Brauereien sind mit mindestens einem vertreten, und daneben gibt es zahlreiche Brauereien aus dem Umland, die hier einen Keller betreiben. Manche dieser Keller sind zu gewaltigen Bierg\u00e4rten aufgewachsen, andere wiederum haben sogar eine feste Infrastruktur in Form eines Wirtshauses und k\u00f6nnen so ganzj\u00e4hrig betrieben werden. Man kann also mittlerweile zu jeder Jahreszeit auf den Kellerberg steigen und ein leckeres Bier trinken. Im Winter in wenigen, im Sommer in vielen Kellern. Und in der Woche des <span style=\"color: #0000ff;\"><a style=\"color: #0000ff;\" href=\"https:\/\/www.annafest-forchheim.de\/\" target=\"_blank\" rel=\"noopener noreferrer\">Annafests<\/a><\/span> Ende Juli definitiv in allen \u2013 es gibt n\u00e4mlich durchaus auch noch Keller wie den <span style=\"color: #0000ff;\"><a style=\"color: #0000ff;\" href=\"https:\/\/www.annafest-forchheim.de\/keller-bier\/blumleins-keller-1.59072\" target=\"_blank\" rel=\"noopener noreferrer\">Bl\u00fcmleinskeller<\/a><\/span>, der ausschlie\u00dflich f\u00fcr die zehn Tage des <span style=\"color: #0000ff;\"><a style=\"color: #0000ff;\" href=\"https:\/\/www.annafest-forchheim.de\/\" target=\"_blank\" rel=\"noopener noreferrer\">Annafests<\/a><\/span> \u00f6ffnet.<\/p>\n<figure id=\"attachment_27814\" aria-describedby=\"caption-attachment-27814\" style=\"width: 1476px\" class=\"wp-caption aligncenter\"><a href=\"https:\/\/www.brunnenbraeu.org\/Alben2\/ForchheimerKeller\/album\/index.html\" target=\"_blank\" rel=\"noopener noreferrer\"><img loading=\"lazy\" decoding=\"async\" class=\"wp-image-27814 size-full\" src=\"https:\/\/blog.brunnenbraeu.eu\/wp-content\/uploads\/2014\/05\/Der-Forchheimer-Kellerwald-Mini-3.jpg\" alt=\"Der Forchheimer Kellerwald, Forchheim, Bier in Franken, Bier in Bayern, Bier vor Ort, Bierreisen, Craft Beer, Biergarten, Bierkeller\" width=\"1476\" height=\"425\" srcset=\"https:\/\/blog.brunnenbraeu.eu\/wp-content\/uploads\/2014\/05\/Der-Forchheimer-Kellerwald-Mini-3.jpg 1476w, https:\/\/blog.brunnenbraeu.eu\/wp-content\/uploads\/2014\/05\/Der-Forchheimer-Kellerwald-Mini-3-150x43.jpg 150w, https:\/\/blog.brunnenbraeu.eu\/wp-content\/uploads\/2014\/05\/Der-Forchheimer-Kellerwald-Mini-3-300x86.jpg 300w, https:\/\/blog.brunnenbraeu.eu\/wp-content\/uploads\/2014\/05\/Der-Forchheimer-Kellerwald-Mini-3-768x221.jpg 768w, https:\/\/blog.brunnenbraeu.eu\/wp-content\/uploads\/2014\/05\/Der-Forchheimer-Kellerwald-Mini-3-1024x295.jpg 1024w\" sizes=\"auto, (max-width: 1476px) 100vw, 1476px\" \/><\/a><figcaption id=\"caption-attachment-27814\" class=\"wp-caption-text\">der Bl\u00fcmleinskeller ist nur einmal im Jahr ge\u00f6ffnet<\/figcaption><\/figure>\n<p style=\"text-align: justify;\">Diese zehn Tage des <span style=\"color: #0000ff;\"><a style=\"color: #0000ff;\" href=\"https:\/\/www.annafest-forchheim.de\/\" target=\"_blank\" rel=\"noopener noreferrer\">Annafests<\/a><\/span> sind der H\u00f6hepunkt des Treibens auf den Kellern. Der gewaltigen Anzahl von 30.000 Sitzpl\u00e4tzen, die f\u00fcr diesen Zeitraum aufgebaut werden (es wird buchst\u00e4blich jeder freie Quadratmeter f\u00fcr Bierb\u00e4nke und \u2013tische genutzt), steht eine noch gewaltigere Anzahl von Besuchern gegen\u00fcber, n\u00e4mlich durchschnittlich 40.000 pro Tag. Ein Riesengedr\u00e4nge, aber nach Meinung derer, die es schon mitgemacht haben, auch ein tolles Erlebnis.<\/p>\n<figure id=\"attachment_27815\" aria-describedby=\"caption-attachment-27815\" style=\"width: 716px\" class=\"wp-caption aligncenter\"><a href=\"https:\/\/www.brunnenbraeu.org\/Alben2\/ForchheimerKeller\/album\/index.html\" target=\"_blank\" rel=\"noopener noreferrer\"><img loading=\"lazy\" decoding=\"async\" class=\"wp-image-27815 size-full\" src=\"https:\/\/blog.brunnenbraeu.eu\/wp-content\/uploads\/2014\/05\/Der-Forchheimer-Kellerwald-Mini-4.jpg\" alt=\"Der Forchheimer Kellerwald, Forchheim, Bier in Franken, Bier in Bayern, Bier vor Ort, Bierreisen, Craft Beer, Biergarten, Bierkeller\" width=\"716\" height=\"425\" srcset=\"https:\/\/blog.brunnenbraeu.eu\/wp-content\/uploads\/2014\/05\/Der-Forchheimer-Kellerwald-Mini-4.jpg 716w, https:\/\/blog.brunnenbraeu.eu\/wp-content\/uploads\/2014\/05\/Der-Forchheimer-Kellerwald-Mini-4-150x89.jpg 150w, https:\/\/blog.brunnenbraeu.eu\/wp-content\/uploads\/2014\/05\/Der-Forchheimer-Kellerwald-Mini-4-300x178.jpg 300w\" sizes=\"auto, (max-width: 716px) 100vw, 716px\" \/><\/a><figcaption id=\"caption-attachment-27815\" class=\"wp-caption-text\">zum Annafest erwacht auch dieser Keller zum Leben<\/figcaption><\/figure>\n<p style=\"text-align: justify;\">Der 24. Mai 2014 gab sich von diesen hochsommerlichen Vorstellungen unbeeindruckt \u2013 bei herrlichem Fr\u00fchlingssonnenschein bummelten wir um die Mittagszeit auf dem noch ruhigen <span style=\"color: #0000ff;\"><a style=\"color: #0000ff;\" href=\"https:\/\/www.forchheim-erleben.de\/de\/kulinarik\/kellerwald\/\" target=\"_blank\" rel=\"noopener noreferrer\">Kellerberg<\/a><\/span> durch die verschiedenen Bierg\u00e4rten. Viele waren noch geschlossen, in den ge\u00f6ffneten war noch wenig los. Daf\u00fcr waren die Bedienungen noch nicht gestresst, sondern freundlich, und hatten Zeit f\u00fcr nette Gespr\u00e4che. Jeder Keller, jeder Biergarten hat sein eigenes Image, manche sind eher rustikal, andere etwas besser ausgestattet \u2013 die kurze Wanderung (denn alle 24 Keller liegen jeweils nur wenige Meter voneinander entfernt) hinterlie\u00df vielf\u00e4ltige und bunte Eindr\u00fccke.<\/p>\n<figure id=\"attachment_27817\" aria-describedby=\"caption-attachment-27817\" style=\"width: 709px\" class=\"wp-caption aligncenter\"><a href=\"https:\/\/www.brunnenbraeu.org\/Alben2\/ForchheimerKeller\/album\/index.html\" target=\"_blank\" rel=\"noopener noreferrer\"><img loading=\"lazy\" decoding=\"async\" class=\"wp-image-27817 size-full\" src=\"https:\/\/blog.brunnenbraeu.eu\/wp-content\/uploads\/2014\/05\/Der-Forchheimer-Kellerwald-Mini-6.jpg\" alt=\"Der Forchheimer Kellerwald, Forchheim, Bier in Franken, Bier in Bayern, Bier vor Ort, Bierreisen, Craft Beer, Biergarten, Bierkeller\" width=\"709\" height=\"476\" srcset=\"https:\/\/blog.brunnenbraeu.eu\/wp-content\/uploads\/2014\/05\/Der-Forchheimer-Kellerwald-Mini-6.jpg 709w, https:\/\/blog.brunnenbraeu.eu\/wp-content\/uploads\/2014\/05\/Der-Forchheimer-Kellerwald-Mini-6-150x101.jpg 150w, https:\/\/blog.brunnenbraeu.eu\/wp-content\/uploads\/2014\/05\/Der-Forchheimer-Kellerwald-Mini-6-300x201.jpg 300w\" sizes=\"auto, (max-width: 709px) 100vw, 709px\" \/><\/a><figcaption id=\"caption-attachment-27817\" class=\"wp-caption-text\">auch die geschlossenen Keller strahlen eine ganz eigene Atmosph\u00e4re aus<\/figcaption><\/figure>\n<p style=\"text-align: justify;\">Das Bier im <span style=\"color: #0000ff;\"><a style=\"color: #0000ff;\" href=\"https:\/\/www.rappen-keller.de\/\" target=\"_blank\" rel=\"noopener noreferrer\">Rappenkeller<\/a><\/span>, den wir schlie\u00dflich aufsuchten, stammt aus der <span style=\"color: #0000ff;\"><a style=\"color: #0000ff;\" href=\"https:\/\/blog.brunnenbraeu.eu\/?p=17413\" target=\"_blank\" rel=\"noopener noreferrer\">L\u00f6wenbrauerei<\/a><\/span> in Buttenheim, und wir konnten in Ruhe vier verschiedene Biere probieren. Im Schatten der noch nur leicht belaubten B\u00e4ume, mit einzelnen Sonnenstrahlen, die das lichte Bl\u00e4tterdach noch durchdrangen, war es idyllisch, es schmeckte, die Atmosph\u00e4re war wunderbar, und so festigte sich rasch die Absicht, hier mit etwas mehr Zeit einmal wieder herzukommen, gerne dann auch etwas sp\u00e4ter an einem sonnigen Samstag, wenn die Bierg\u00e4rten sich beginnen zu f\u00fcllen, das Leben auf dem <span style=\"color: #0000ff;\"><a style=\"color: #0000ff;\" href=\"https:\/\/www.forchheim-erleben.de\/de\/kulinarik\/kellerwald\/\" target=\"_blank\" rel=\"noopener noreferrer\">Kellerberg<\/a><\/span> zu pulsieren beginnt und das Bier in Str\u00f6men rinnt.<\/p>\n<p style=\"text-align: justify;\"><em>Der <span style=\"color: #0000ff;\"><a style=\"color: #0000ff;\" href=\"https:\/\/www.forchheim-erleben.de\/de\/kulinarik\/kellerwald\/\" target=\"_blank\" rel=\"noopener noreferrer\">Kellerberg<\/a><\/span> ist in einer etwa halbst\u00fcndigen Wanderung vom Zentrum Forchheims zu erreichen, es gibt aber auch \u2013 insbesondere zum <span style=\"color: #0000ff;\"><a style=\"color: #0000ff;\" href=\"https:\/\/www.annafest-forchheim.de\/\" target=\"_blank\" rel=\"noopener noreferrer\">Annafest<\/a><\/span> \u2013 einen Busverkehr. Einige Keller und Bierg\u00e4rten haben ganzj\u00e4hrig ab dem sp\u00e4ten Vormittag ge\u00f6ffnet, einige nur in der warmen Jahreszeit, ab April, Mai. W\u00e4hrend des <span style=\"color: #0000ff;\"><a style=\"color: #0000ff;\" href=\"https:\/\/www.annafest-forchheim.de\/\" target=\"_blank\" rel=\"noopener noreferrer\">Annafests<\/a><\/span> in der letzten Juli-Woche sind alle 24 Keller ge\u00f6ffnet. Zwar kann man theoretisch am Fu\u00dfe des <span style=\"color: #0000ff;\"><a style=\"color: #0000ff;\" href=\"https:\/\/www.forchheim-erleben.de\/de\/kulinarik\/kellerwald\/\" target=\"_blank\" rel=\"noopener noreferrer\">Kellerbergs<\/a><\/span> parken, angesichts der F\u00fclle an leckeren Bieren empfiehlt sich eine Anreise mit dem eigenen Fahrzeug aber nicht.<\/em><\/p>\n<p style=\"text-align: center;\"><span style=\"color: #0000ff;\"><a style=\"color: #0000ff;\" href=\"https:\/\/www.brunnenbraeu.org\/Alben2\/ForchheimerKeller\/album\/index.html\" target=\"_blank\" rel=\"noopener noreferrer\">Bilder<\/a><\/span><\/p>\n<p style=\"text-align: center;\">Der Forchheimer Kellerwald<br \/>\nAuf den Kellern<br \/>\n91 301 Forchheim<br \/>\nBayern<br \/>\nDeutschland<\/p>\n","protected":false},"excerpt":{"rendered":"<div class=\"mh-excerpt\"><p>Der Forchheimer Kellerberg (oder auch Kellerwald genannt, je nachdem, wen man fragt) ist eine Besonderheit unter den Bergen (oder W\u00e4ldern) Frankens, und die Tradition, in der hier das Bier getrunken wird, hat schon oft zu Verwirrung gef\u00fchrt. Geht man andernorts in einen Bierkeller, um sein Bier zu genie\u00dfen, so wird <a class=\"mh-excerpt-more\" href=\"https:\/\/blog.brunnenbraeu.eu\/?p=27807\" title=\"Der Forchheimer KellerwaldForchheimDEU\">[&#8230;]<\/a><\/p>\n<\/div>","protected":false},"author":1,"featured_media":27815,"comment_status":"open","ping_status":"open","sticky":false,"template":"","format":"standard","meta":{"footnotes":""},"categories":[48,6,10,11],"tags":[],"class_list":{"0":"post-27807","1":"post","2":"type-post","3":"status-publish","4":"format-standard","5":"has-post-thumbnail","7":"category-bayern-deutschland","8":"category-bier-vor-ort","9":"category-bierbars-biergaerten-bierlokale","10":"category-deutschland"},"_links":{"self":[{"href":"https:\/\/blog.brunnenbraeu.eu\/index.php?rest_route=\/wp\/v2\/posts\/27807","targetHints":{"allow":["GET"]}}],"collection":[{"href":"https:\/\/blog.brunnenbraeu.eu\/index.php?rest_route=\/wp\/v2\/posts"}],"about":[{"href":"https:\/\/blog.brunnenbraeu.eu\/index.php?rest_route=\/wp\/v2\/types\/post"}],"author":[{"embeddable":true,"href":"https:\/\/blog.brunnenbraeu.eu\/index.php?rest_route=\/wp\/v2\/users\/1"}],"replies":[{"embeddable":true,"href":"https:\/\/blog.brunnenbraeu.eu\/index.php?rest_route=%2Fwp%2Fv2%2Fcomments&post=27807"}],"version-history":[{"count":0,"href":"https:\/\/blog.brunnenbraeu.eu\/index.php?rest_route=\/wp\/v2\/posts\/27807\/revisions"}],"wp:featuredmedia":[{"embeddable":true,"href":"https:\/\/blog.brunnenbraeu.eu\/index.php?rest_route=\/wp\/v2\/media\/27815"}],"wp:attachment":[{"href":"https:\/\/blog.brunnenbraeu.eu\/index.php?rest_route=%2Fwp%2Fv2%2Fmedia&parent=27807"}],"wp:term":[{"taxonomy":"category","embeddable":true,"href":"https:\/\/blog.brunnenbraeu.eu\/index.php?rest_route=%2Fwp%2Fv2%2Fcategories&post=27807"},{"taxonomy":"post_tag","embeddable":true,"href":"https:\/\/blog.brunnenbraeu.eu\/index.php?rest_route=%2Fwp%2Fv2%2Ftags&post=27807"}],"curies":[{"name":"wp","href":"https:\/\/api.w.org\/{rel}","templated":true}]}}