{"id":34243,"date":"2020-12-01T23:00:00","date_gmt":"2020-12-01T22:00:00","guid":{"rendered":"https:\/\/blog.brunnenbraeu.eu\/?p=34243"},"modified":"2020-12-17T06:19:59","modified_gmt":"2020-12-17T05:19:59","slug":"9-wirtueller-stammtisch-2-0ried-im-innkreisaut","status":"publish","type":"post","link":"https:\/\/blog.brunnenbraeu.eu\/?p=34243","title":{"rendered":"9. Wirtueller Stammtisch 2.0<br \/>Ried im Innkreis<br \/>AUT"},"content":{"rendered":"\n<p><a href=\"https:\/\/www.facebook.com\/gasthofriedberg\" target=\"_blank\" rel=\"noreferrer noopener\">Karl Zuser jun.<\/a> l\u00e4dt wieder zum <a href=\"https:\/\/www.instagram.com\/hotelriedberg\/\" target=\"_blank\" rel=\"noreferrer noopener\">Wirtuellen Stammtisch<\/a> ein \u2013 heute, am 1. Dezember 2020, unter anderem mit \u201eBierobelix\u201c Martin Seidl, Maschinenbauer, Landwirt, Brauer und Urviech. Ein gewichtiger Gespr\u00e4chspartner und ein im doppelten Wortsinn Pfundskerl.<\/p>\n\n\n\n<figure class=\"wp-block-image size-large\"><a href=\"https:\/\/www.instagram.com\/p\/CIRCK28HYoS\/\" target=\"_blank\" rel=\"noopener noreferrer\"><img loading=\"lazy\" decoding=\"async\" width=\"741\" height=\"425\" src=\"https:\/\/blog.brunnenbraeu.eu\/wp-content\/uploads\/2020\/12\/9.-Wirtueller-Stammtisch-2.0-1.jpg\" alt=\"\" class=\"wp-image-34245\" srcset=\"https:\/\/blog.brunnenbraeu.eu\/wp-content\/uploads\/2020\/12\/9.-Wirtueller-Stammtisch-2.0-1.jpg 741w, https:\/\/blog.brunnenbraeu.eu\/wp-content\/uploads\/2020\/12\/9.-Wirtueller-Stammtisch-2.0-1-300x172.jpg 300w, https:\/\/blog.brunnenbraeu.eu\/wp-content\/uploads\/2020\/12\/9.-Wirtueller-Stammtisch-2.0-1-150x86.jpg 150w\" sizes=\"auto, (max-width: 741px) 100vw, 741px\" \/><\/a><\/figure>\n\n\n\n<p class=\"has-text-align-center\" style=\"font-size:12px\"><strong>Gespr\u00e4ch mit Martin Seidl<\/strong><\/p>\n\n\n\n<p>Das erste Mal habe ich Martin in voller Aktion erlebt, als er auf einem Bierfest, als ein Fass mit Pilsner Urquell angeschlagen werden sollte, den Holzschlegel beiseitelegte und sagte \u201eBrauch ma net.\u201c Sprach\u2019s und knallte den Messingzapfhahn mit der blo\u00dfen Hand ins Fass. Ein Schlag, und er sa\u00df bombenfest.<\/p>\n\n\n\n<p>Die Schwarze Tinte ist sein Markenzeichen, ein tiefschwarzes, aromatisches Bier, das er mal im <a href=\"https:\/\/blog.brunnenbraeu.eu\/?p=8482\" target=\"_blank\" rel=\"noreferrer noopener\">T\u00f6lzer M\u00fchlfeldbr\u00e4u<\/a>, mal zusammen mit <a href=\"https:\/\/www.hopfenkopf.de\/\" target=\"_blank\" rel=\"noreferrer noopener\">Hopfenkopf <\/a>produziert hat und das es auch in einer sauren und fassgereiften Version gibt.<\/p>\n\n\n\n<p>Klar, dass einer wie Martin im Wirtuellen Stammtisch viel zu erz\u00e4hlen hat.<\/p>\n\n\n\n<figure class=\"wp-block-image size-large\"><a href=\"https:\/\/www.instagram.com\/p\/CIRCK28HYoS\/\" target=\"_blank\" rel=\"noopener noreferrer\"><img loading=\"lazy\" decoding=\"async\" width=\"565\" height=\"1024\" src=\"https:\/\/blog.brunnenbraeu.eu\/wp-content\/uploads\/2020\/12\/9.-Wirtueller-Stammtisch-2.0-2-565x1024.jpg\" alt=\"\" class=\"wp-image-34246\" srcset=\"https:\/\/blog.brunnenbraeu.eu\/wp-content\/uploads\/2020\/12\/9.-Wirtueller-Stammtisch-2.0-2-565x1024.jpg 565w, https:\/\/blog.brunnenbraeu.eu\/wp-content\/uploads\/2020\/12\/9.-Wirtueller-Stammtisch-2.0-2-165x300.jpg 165w, https:\/\/blog.brunnenbraeu.eu\/wp-content\/uploads\/2020\/12\/9.-Wirtueller-Stammtisch-2.0-2-83x150.jpg 83w, https:\/\/blog.brunnenbraeu.eu\/wp-content\/uploads\/2020\/12\/9.-Wirtueller-Stammtisch-2.0-2.jpg 709w\" sizes=\"auto, (max-width: 565px) 100vw, 565px\" \/><\/a><\/figure>\n\n\n\n<p class=\"has-text-align-center\" style=\"font-size:12px\"><strong>Karl und Martin<\/strong><\/p>\n\n\n\n<p>Zum Auftakt macht Karl aber erst noch seinen Corona-Test und spr\u00fcht sich ein paar Tropfen seines Hopfengeist in den Rachen: \u201eIch schmeck\u2019s noch, also hab\u2018 ich kein Corona!\u201c<\/p>\n\n\n\n<p>Bei leckeren Bieren erz\u00e4hlt Martin Seidl \u2013 zum Beispiel von der Geschichte des T-Shirts, das er heute tr\u00e4gt: \u201eSeidl by name, Kr\u00fcgerl by nature.\u201c Ein Wortspiel mit seinem Namen, das nur aus dem \u00d6sterreichischen heraus verst\u00e4ndlich ist, aus dem Land, wo ein Seidl nur ein kleines Bier ist (0,25 oder 0,3 l), ein Kr\u00fcgerl (oder Kr\u00fcgel) aber ein halber Liter. Klar: Den Seidl (Martin) mit einem Seidl (0,25 l) in der Hand kann man sich nur schwer vorstellen \u2013 das Gl\u00e4schen verschw\u00e4nde ja in seinen Pranken \u2026<\/p>\n\n\n\n<figure class=\"wp-block-image size-large\"><a href=\"https:\/\/www.instagram.com\/p\/CIRCK28HYoS\/\" target=\"_blank\" rel=\"noopener noreferrer\"><img loading=\"lazy\" decoding=\"async\" width=\"709\" height=\"709\" src=\"https:\/\/blog.brunnenbraeu.eu\/wp-content\/uploads\/2020\/12\/9.-Wirtueller-Stammtisch-2.0-3.jpg\" alt=\"\" class=\"wp-image-34247\" srcset=\"https:\/\/blog.brunnenbraeu.eu\/wp-content\/uploads\/2020\/12\/9.-Wirtueller-Stammtisch-2.0-3.jpg 709w, https:\/\/blog.brunnenbraeu.eu\/wp-content\/uploads\/2020\/12\/9.-Wirtueller-Stammtisch-2.0-3-300x300.jpg 300w, https:\/\/blog.brunnenbraeu.eu\/wp-content\/uploads\/2020\/12\/9.-Wirtueller-Stammtisch-2.0-3-150x150.jpg 150w\" sizes=\"auto, (max-width: 709px) 100vw, 709px\" \/><\/a><\/figure>\n\n\n\n<p class=\"has-text-align-center\" style=\"font-size:12px\"><strong>\u201eSeidl by name, Kr\u00fcgerl by nature.\u201c<\/strong><\/p>\n\n\n\n<p>Ich schaue nachdenklich zwischen dem Bildschirm und meinem Bier hin und her. Ich trinke gerade ein Imperial Stout der <a rel=\"noreferrer noopener\" href=\"https:\/\/brouwerijdemolen.nl\/\" target=\"_blank\">Brouwerij De Molen<\/a>, zehn Prozent Alkohol hat es, und ich genie\u00dfe es aus einem d\u00fcnnwandigen Gl\u00e4schen, in das gerade einmal 150 ml passen. Das ist ja noch deutlich weniger als ein Seidl \u2026<\/p>\n\n\n\n<figure class=\"wp-block-image size-large\"><a href=\"https:\/\/www.instagram.com\/p\/CIRCK28HYoS\/\" target=\"_blank\" rel=\"noopener noreferrer\"><img loading=\"lazy\" decoding=\"async\" width=\"709\" height=\"709\" src=\"https:\/\/blog.brunnenbraeu.eu\/wp-content\/uploads\/2020\/12\/9.-Wirtueller-Stammtisch-2.0-4.jpg\" alt=\"\" class=\"wp-image-34248\" srcset=\"https:\/\/blog.brunnenbraeu.eu\/wp-content\/uploads\/2020\/12\/9.-Wirtueller-Stammtisch-2.0-4.jpg 709w, https:\/\/blog.brunnenbraeu.eu\/wp-content\/uploads\/2020\/12\/9.-Wirtueller-Stammtisch-2.0-4-300x300.jpg 300w, https:\/\/blog.brunnenbraeu.eu\/wp-content\/uploads\/2020\/12\/9.-Wirtueller-Stammtisch-2.0-4-150x150.jpg 150w\" sizes=\"auto, (max-width: 709px) 100vw, 709px\" \/><\/a><\/figure>\n\n\n\n<p class=\"has-text-align-center\" style=\"font-size:12px\"><strong>Hel &amp; Verdoemenis &#8211; Imperial Stout-ish von der Brouwerij De Molen<\/strong><\/p>\n\n\n\n<p>W\u00e4hrend ich so sinniere, ist Martin schon lange beim n\u00e4chsten Thema, bei seiner Landwirtschaft und dem kleinen K\u00e4lbchen, das er vor einigen Wochen v\u00f6llig verwahrlost \u00fcbernommen und, unter anderem auch mit Hilfe von Spenden, aufgep\u00e4ppelt hat. Sch\u00f6n, wenn Menschen ihr Geld und ihre Zeit auch f\u00fcr so etwas einsetzen.<\/p>\n\n\n\n<p>Das Thema Geld f\u00fchrt zu einem Abstecher zum Thema Crowdfunding \u2013 das <a rel=\"noreferrer noopener\" href=\"https:\/\/blog.brunnenbraeu.eu\/?p=28213\" target=\"_blank\">Craft Bier Fest Wien<\/a>, auf dem wir uns immer wieder getroffen haben, hat coronabedingt letztmalig im November 2019 stattgefunden. Es gab eine Crowdfunding-Kampagne, um das Festival trotz Absage im Mai und den damit verbundenen Verlusten im November noch stattfinden zu lassen. Aber das Geld scheint wohl verloren: Der Termin im November konnte nat\u00fcrlich auch nicht stattfinden, der Gr\u00fcnder des <a rel=\"noreferrer noopener\" href=\"https:\/\/blog.brunnenbraeu.eu\/?p=28213\" target=\"_blank\">Craft Bier Fests<\/a>, <a rel=\"noreferrer noopener\" href=\"https:\/\/blog.brunnenbraeu.eu\/?p=33718\" target=\"_blank\">Michael \u201eMicky\u201c Klemsch<\/a>, der zwar nicht mehr aktiv organisiert, aber im Hintergrund beraten hatte, ist Ende Oktober \u00fcberraschend gestorben, und <a rel=\"noreferrer noopener\" href=\"https:\/\/www.facebook.com\/kevin.writerer\" target=\"_blank\">Kevin Reiterer<\/a>, der Organisator der letzten paar Termine, hat inzwischen eine neue T\u00e4tigkeit beim Getr\u00e4nkespezialisten <a rel=\"noreferrer noopener\" href=\"https:\/\/ammersin.at\/\" target=\"_blank\">Ammersin<\/a> angefangen. Die Marke <a rel=\"noreferrer noopener\" href=\"https:\/\/blog.brunnenbraeu.eu\/?p=28213\" target=\"_blank\">Craft Bier Fest Wien<\/a> bleibt wohl beim <a rel=\"noreferrer noopener\" href=\"https:\/\/www.biorama.eu\/\" target=\"_blank\">Biorama<\/a>-Verlag, vermutet Karl, aber niemand kann sagen, wie es weiter geht.<\/p>\n\n\n\n<p>Ein klassisches Stammtisch-Thema \u2013 man k\u00f6nnte stundenlang philosophieren. H\u00e4tte, k\u00f6nnte, w\u00fcrde \u2026 Den Gedanken freien Lauf lassen: Was w\u00e4re, wenn \u2026?<\/p>\n\n\n\n<figure class=\"wp-block-image size-large\"><a href=\"https:\/\/www.instagram.com\/p\/CIRCK28HYoS\/\" target=\"_blank\" rel=\"noopener noreferrer\"><img loading=\"lazy\" decoding=\"async\" width=\"709\" height=\"460\" src=\"https:\/\/blog.brunnenbraeu.eu\/wp-content\/uploads\/2020\/12\/9.-Wirtueller-Stammtisch-2.0-5.jpg\" alt=\"\" class=\"wp-image-34249\" srcset=\"https:\/\/blog.brunnenbraeu.eu\/wp-content\/uploads\/2020\/12\/9.-Wirtueller-Stammtisch-2.0-5.jpg 709w, https:\/\/blog.brunnenbraeu.eu\/wp-content\/uploads\/2020\/12\/9.-Wirtueller-Stammtisch-2.0-5-300x195.jpg 300w, https:\/\/blog.brunnenbraeu.eu\/wp-content\/uploads\/2020\/12\/9.-Wirtueller-Stammtisch-2.0-5-150x97.jpg 150w\" sizes=\"auto, (max-width: 709px) 100vw, 709px\" \/><\/a><\/figure>\n\n\n\n<p class=\"has-text-align-center\" style=\"font-size:12px\"><strong>Erinnerung an das Craft Bier Fest Wien im November 2018: Micky, Martin und Volker<\/strong><\/p>\n\n\n\n<p>Und so fliegt die Zeit dahin. Zum Abschluss stellt Karl noch die beiden Pflichtfragen an Martin: Was ist Dein Lieblingsbier? Was ist f\u00fcr Dich Craftbier?<\/p>\n\n\n\n<p>Nach einigem Hin und Her nennt Martin das Rochefort 10, ein Bier, das vielleicht auch Micky gut gefallen hat \u2013 unter dem Hashtag <a rel=\"noreferrer noopener\" href=\"https:\/\/www.facebook.com\/hashtag\/mickybier\" target=\"_blank\">#mickybier<\/a> hat er immer schwere, hochprozentige Biere verlinkt.<\/p>\n\n\n\n<p>Und Craftbier? Hier wird es wieder philosophisch. Eigentlich eine Frage, auf die es keine Antwort geben kann, und so lassen wir mal einen Satz aus der Antwort unkommentiert stehen: \u201e<a href=\"https:\/\/www.brewdog.com\/\" target=\"_blank\" rel=\"noreferrer noopener\">BrewDog<\/a> ist eigentlich daf\u00fcr schon zu gro\u00df, aber die Biere sind hervorragend.\u201c<\/p>\n\n\n\n<p>Die Stunde ist rum. Sch\u00f6n, sich wenigstens virtuell getroffen zu haben, wenn es sich schon mit einem gemeinsamen Bier nicht ausgeht. Wer nicht live dabei sein konnte, kann den <a href=\"https:\/\/www.instagram.com\/p\/CIRCK28HYoS\/\" target=\"_blank\" rel=\"noreferrer noopener\">9. Wirtuellen Stammtisch 2.0<\/a> <a href=\"https:\/\/www.instagram.com\/p\/CIRCK28HYoS\/\" target=\"_blank\" rel=\"noreferrer noopener\">hier<\/a> noch einmal anschauen.<\/p>\n\n\n\n<p class=\"has-text-align-center\">9. Wirtueller Stammtisch 2.0<br>Gasthof Riedberg<br>S\u00fcdtiroler Stra\u00dfe 11<br>4910 Ried im Innkreis<br>\u00d6sterreich<\/p>\n","protected":false},"excerpt":{"rendered":"<div class=\"mh-excerpt\"><p>Karl Zuser jun. l\u00e4dt wieder zum Wirtuellen Stammtisch ein \u2013 heute, am 1. Dezember 2020, unter anderem mit \u201eBierobelix\u201c Martin Seidl, Maschinenbauer, Landwirt, Brauer und Urviech. Ein gewichtiger Gespr\u00e4chspartner und ein im doppelten Wortsinn Pfundskerl. Gespr\u00e4ch mit Martin Seidl Das erste Mal habe ich Martin in voller Aktion erlebt, als <a class=\"mh-excerpt-more\" href=\"https:\/\/blog.brunnenbraeu.eu\/?p=34243\" title=\"9. Wirtueller Stammtisch 2.0Ried im InnkreisAUT\">[&#8230;]<\/a><\/p>\n<\/div>","protected":false},"author":1,"featured_media":34245,"comment_status":"open","ping_status":"open","sticky":false,"template":"","format":"standard","meta":{"footnotes":""},"categories":[160,2,3],"tags":[],"class_list":{"0":"post-34243","1":"post","2":"type-post","3":"status-publish","4":"format-standard","5":"has-post-thumbnail","7":"category-beer-nuggets","8":"category-bier-erleben","9":"category-bierverkostungen"},"_links":{"self":[{"href":"https:\/\/blog.brunnenbraeu.eu\/index.php?rest_route=\/wp\/v2\/posts\/34243","targetHints":{"allow":["GET"]}}],"collection":[{"href":"https:\/\/blog.brunnenbraeu.eu\/index.php?rest_route=\/wp\/v2\/posts"}],"about":[{"href":"https:\/\/blog.brunnenbraeu.eu\/index.php?rest_route=\/wp\/v2\/types\/post"}],"author":[{"embeddable":true,"href":"https:\/\/blog.brunnenbraeu.eu\/index.php?rest_route=\/wp\/v2\/users\/1"}],"replies":[{"embeddable":true,"href":"https:\/\/blog.brunnenbraeu.eu\/index.php?rest_route=%2Fwp%2Fv2%2Fcomments&post=34243"}],"version-history":[{"count":0,"href":"https:\/\/blog.brunnenbraeu.eu\/index.php?rest_route=\/wp\/v2\/posts\/34243\/revisions"}],"wp:featuredmedia":[{"embeddable":true,"href":"https:\/\/blog.brunnenbraeu.eu\/index.php?rest_route=\/wp\/v2\/media\/34245"}],"wp:attachment":[{"href":"https:\/\/blog.brunnenbraeu.eu\/index.php?rest_route=%2Fwp%2Fv2%2Fmedia&parent=34243"}],"wp:term":[{"taxonomy":"category","embeddable":true,"href":"https:\/\/blog.brunnenbraeu.eu\/index.php?rest_route=%2Fwp%2Fv2%2Fcategories&post=34243"},{"taxonomy":"post_tag","embeddable":true,"href":"https:\/\/blog.brunnenbraeu.eu\/index.php?rest_route=%2Fwp%2Fv2%2Ftags&post=34243"}],"curies":[{"name":"wp","href":"https:\/\/api.w.org\/{rel}","templated":true}]}}