{"id":34322,"date":"2006-10-19T23:00:00","date_gmt":"2006-10-19T21:00:00","guid":{"rendered":"https:\/\/blog.brunnenbraeu.eu\/?p=34322"},"modified":"2025-11-11T20:02:54","modified_gmt":"2025-11-11T19:02:54","slug":"kueppers-koelsch-brauereikoelndeu","status":"publish","type":"post","link":"https:\/\/blog.brunnenbraeu.eu\/?p=34322","title":{"rendered":"K\u00fcppers K\u00f6lsch Brauerei<br \/>K\u00f6ln<br \/>DEU"},"content":{"rendered":"\n<p>Die <a rel=\"noreferrer noopener\" href=\"https:\/\/de.wikipedia.org\/wiki\/K%C3%BCppers_K%C3%B6lsch_Brauerei\" target=\"_blank\">K\u00fcppers K\u00f6lsch Brauerei<\/a> \u2013 eine Brauerei, die von 1962 bis 2004 eine bewegte Geschichte hatte, bis sie schlie\u00dflich stillgelegt und abgerissen wurde. Heute existiert <a rel=\"noreferrer noopener\" href=\"https:\/\/www.daskoelsch.koeln\/Kueppers-koelsch\" target=\"_blank\">K\u00fcppers K\u00f6lsch<\/a> nur noch als Marke im Portfolio der <a rel=\"noreferrer noopener\" href=\"https:\/\/www.radeberger-gruppe.de\/\" target=\"_blank\">Radeberger Gruppe<\/a>, neben <a rel=\"noreferrer noopener\" href=\"https:\/\/www.daskoelsch.koeln\/Sion\" target=\"_blank\">Sion<\/a>, <a rel=\"noreferrer noopener\" href=\"https:\/\/www.daskoelsch.koeln\/sester\" target=\"_blank\">Sester<\/a>, <a rel=\"noreferrer noopener\" href=\"https:\/\/www.daskoelsch.koeln\/peters-koelsch\" target=\"_blank\">Peters<\/a> und <a rel=\"noreferrer noopener\" href=\"https:\/\/www.daskoelsch.koeln\/Gilden-Koelsch\" target=\"_blank\">Gilden<\/a>.<\/p>\n\n\n\n<figure class=\"wp-block-image size-large is-resized\"><img loading=\"lazy\" decoding=\"async\" width=\"709\" height=\"837\" src=\"https:\/\/blog.brunnenbraeu.eu\/wp-content\/uploads\/2020\/12\/Kueppers-Koelsch-Brauerei-Mini-1.jpg\" alt=\"\" class=\"wp-image-34325\" style=\"width:840px;height:auto\" srcset=\"https:\/\/blog.brunnenbraeu.eu\/wp-content\/uploads\/2020\/12\/Kueppers-Koelsch-Brauerei-Mini-1.jpg 709w, https:\/\/blog.brunnenbraeu.eu\/wp-content\/uploads\/2020\/12\/Kueppers-Koelsch-Brauerei-Mini-1-254x300.jpg 254w, https:\/\/blog.brunnenbraeu.eu\/wp-content\/uploads\/2020\/12\/Kueppers-Koelsch-Brauerei-Mini-1-127x150.jpg 127w\" sizes=\"auto, (max-width: 709px) 100vw, 709px\" \/><\/figure>\n\n\n\n<p class=\"has-text-align-center\" style=\"font-size:12px\"><strong>im Biergarten der K\u00fcppers K\u00f6lsch Brauerei steht ein alter Sudkessel<\/strong><\/p>\n\n\n\n<div style=\"height:50px\" aria-hidden=\"true\" class=\"wp-block-spacer\"><\/div>\n\n\n\n<p>Urspr\u00fcnglich, also 1962, wurde <a rel=\"noreferrer noopener\" href=\"https:\/\/www.daskoelsch.koeln\/Kueppers-koelsch\" target=\"_blank\">K\u00fcppers K\u00f6lsch<\/a> von der Wuppertaler <a rel=\"noreferrer noopener\" href=\"https:\/\/wickueler.de\/\" target=\"_blank\">Wick\u00fcler-Brauerei<\/a> auf den Markt gebracht; gebraut wurde es in den ersten Jahren im Lohnbrauverfahren durch die <a rel=\"noreferrer noopener\" href=\"https:\/\/www.frueh.de\/\" target=\"_blank\">Brauerei Fr\u00fch<\/a>. Als die <a rel=\"noreferrer noopener\" href=\"https:\/\/wickueler.de\/\" target=\"_blank\">Wick\u00fcler Brauerei<\/a> allerdings 1964 damit begann, <a rel=\"noreferrer noopener\" href=\"https:\/\/www.daskoelsch.koeln\/Kueppers-koelsch\" target=\"_blank\">K\u00fcppers K\u00f6lsch<\/a> auch in Wuppertal zu brauen, legte sie den Grundstein f\u00fcr eine Auseinandersetzung um den Ursprungsort \u201eechten\u201c K\u00f6lsch-Bieres, die schlie\u00dflich in der <a rel=\"noreferrer noopener\" href=\"https:\/\/www.koelner-brauerei-verband.de\/koelsch-konvention.html\" target=\"_blank\">K\u00f6lsch-Konvention<\/a> von 1985 endete, nach der \u2013 von wenigen besitzstandwahrenden Ausnahmen abgesehen \u2013 nur Biere K\u00f6lsch hei\u00dfen d\u00fcrfen, die auch im Stadtgebiet von K\u00f6ln gebraut werden.<\/p>\n\n\n\n<p>Wick\u00fcler selbst hatte 1965 allerdings schon einen eigenen K\u00f6lsch-Braubetrieb an der Alteburger Stra\u00dfe in K\u00f6ln aufgenommen, eben die <a href=\"https:\/\/de.wikipedia.org\/wiki\/K%C3%BCppers_K%C3%B6lsch_Brauerei\" target=\"_blank\" rel=\"noreferrer noopener\">K\u00fcppers K\u00f6lsch Brauerei<\/a>.<\/p>\n\n\n\n<p>Neben dem klassischen <a href=\"https:\/\/www.daskoelsch.koeln\/Kueppers-koelsch\" target=\"_blank\" rel=\"noreferrer noopener\">K\u00fcppers K\u00f6lsch<\/a> wurde hier auch ungefiltertes K\u00f6lsch produziert, das sogenannte K\u00fcppers Wie\u00df. Einem Wei\u00dfbier nicht un\u00e4hnlich und auch in vergleichbar geformten Gl\u00e4sern ausgeschenkt, war es eine erfrischende Sommerbierspezialit\u00e4t. Am 20. Juli 2000 hatte ich die M\u00f6glichkeit, dieses leichte und spritzige Bier im Biergarten der Brauerei an der Alteburger Stra\u00dfe zu probieren.<\/p>\n\n\n\n<figure class=\"wp-block-image size-large is-resized\"><img loading=\"lazy\" decoding=\"async\" width=\"709\" height=\"751\" src=\"https:\/\/blog.brunnenbraeu.eu\/wp-content\/uploads\/2020\/12\/Kueppers-Koelsch-Brauerei-Mini-2.jpg\" alt=\"\" class=\"wp-image-34326\" style=\"width:840px;height:auto\" srcset=\"https:\/\/blog.brunnenbraeu.eu\/wp-content\/uploads\/2020\/12\/Kueppers-Koelsch-Brauerei-Mini-2.jpg 709w, https:\/\/blog.brunnenbraeu.eu\/wp-content\/uploads\/2020\/12\/Kueppers-Koelsch-Brauerei-Mini-2-283x300.jpg 283w, https:\/\/blog.brunnenbraeu.eu\/wp-content\/uploads\/2020\/12\/Kueppers-Koelsch-Brauerei-Mini-2-142x150.jpg 142w\" sizes=\"auto, (max-width: 709px) 100vw, 709px\" \/><\/figure>\n\n\n\n<p class=\"has-text-align-center\" style=\"font-size:12px\"><strong>Detailansicht des alten Sudkessels<\/strong><\/p>\n\n\n\n<div style=\"height:50px\" aria-hidden=\"true\" class=\"wp-block-spacer\"><\/div>\n\n\n\n<p>Zu diesem Zeitpunkt geh\u00f6rte die <a rel=\"noreferrer noopener\" href=\"https:\/\/de.wikipedia.org\/wiki\/K%C3%BCppers_K%C3%B6lsch_Brauerei\" target=\"_blank\">K\u00fcppers K\u00f6lsch Brauerei<\/a> gemeinsam mit der <a rel=\"noreferrer noopener\" href=\"https:\/\/wickueler.de\/\" target=\"_blank\">Wick\u00fcler Brauerei<\/a> (nach einem kurzen Zwischenspiel von 1990 bis 1994 in den H\u00e4nden der niederl\u00e4ndischen <a rel=\"noreferrer noopener\" href=\"https:\/\/www.grolsch.nl\/\" target=\"_blank\">Brouwerij Grolsch<\/a>) zum <a rel=\"noreferrer noopener\" href=\"https:\/\/de.wikipedia.org\/wiki\/Brau_und_Brunnen\" target=\"_blank\">Brau- und Brunnenkonzern<\/a>, wurde aber nur ein Jahr sp\u00e4ter, 2001, von der <a rel=\"noreferrer noopener\" href=\"https:\/\/domkoelsch.de\/\" target=\"_blank\">Dom-Brauerei<\/a> \u00fcbernommen. Die <a rel=\"noreferrer noopener\" href=\"https:\/\/domkoelsch.de\/\" target=\"_blank\">Dom-Brauerei<\/a> produzierte an der Alteburger Stra\u00dfe nun ihr eigenes Bier, K\u00fcppers gab es im Lohnbrauverfahren aber weiterhin, wenn auch dessen Produktion 2004 von der <a rel=\"noreferrer noopener\" href=\"https:\/\/domkoelsch.de\/\" target=\"_blank\">Dom-Brauerei<\/a> an die <a rel=\"noreferrer noopener\" href=\"https:\/\/www.koelner-brauerei-verband.de\/historie\/geschichte-der-traditionsbrauereien\/historie-bergische-loewen-brauerei-gmbh-co-kg-gilden-koelsch.html\" target=\"_blank\">Bergische L\u00f6wenbrauerei<\/a> \u00fcberging. Dort wird das <a rel=\"noreferrer noopener\" href=\"https:\/\/www.daskoelsch.koeln\/Kueppers-koelsch\" target=\"_blank\">K\u00fcppers K\u00f6lsch<\/a> bis heute produziert; K\u00fcppers Wie\u00df hingegen gibt es schon lange nicht mehr.<\/p>\n\n\n\n<p>Die Brauerei selber wurde 2005 stillgelegt, in 2006 abgerissen, und seit Ende 2006 erinnert an der Alteburger Stra\u00dfe nichts mehr an die einst hier befindliche Brauerei.<\/p>\n\n\n\n<p class=\"has-text-align-center\"><a href=\"https:\/\/vquante.jalbum.net\/Alben2\/Kueppers\/\" target=\"_blank\" rel=\"noreferrer noopener\">Bildergalerie<\/a><\/p>\n\n\n\n<p class=\"has-text-align-center\">K\u00fcppers K\u00f6lsch Brauerei<br>Alteburger Stra\u00dfe 142<br>50 968 K\u00f6ln<br>Nordrhein-Westfalen<br>Deutschland<\/p>\n","protected":false},"excerpt":{"rendered":"<div class=\"mh-excerpt\"><p>Die K\u00fcppers K\u00f6lsch Brauerei \u2013 eine Brauerei, die von 1962 bis 2004 eine bewegte Geschichte hatte, bis sie schlie\u00dflich stillgelegt und abgerissen wurde. Heute existiert K\u00fcppers K\u00f6lsch nur noch als Marke im Portfolio der Radeberger Gruppe, neben Sion, Sester, Peters und Gilden. im Biergarten der K\u00fcppers K\u00f6lsch Brauerei steht ein <a class=\"mh-excerpt-more\" href=\"https:\/\/blog.brunnenbraeu.eu\/?p=34322\" title=\"K\u00fcppers K\u00f6lsch BrauereiK\u00f6lnDEU\">[&#8230;]<\/a><\/p>\n<\/div>","protected":false},"author":1,"featured_media":34325,"comment_status":"open","ping_status":"open","sticky":false,"template":"","format":"standard","meta":{"footnotes":""},"categories":[6,13,14,15],"tags":[],"class_list":{"0":"post-34322","1":"post","2":"type-post","3":"status-publish","4":"format-standard","5":"has-post-thumbnail","7":"category-bier-vor-ort","8":"category-brauereien","9":"category-deutschland-brauereien","10":"category-nordrhein-westfalen"},"_links":{"self":[{"href":"https:\/\/blog.brunnenbraeu.eu\/index.php?rest_route=\/wp\/v2\/posts\/34322","targetHints":{"allow":["GET"]}}],"collection":[{"href":"https:\/\/blog.brunnenbraeu.eu\/index.php?rest_route=\/wp\/v2\/posts"}],"about":[{"href":"https:\/\/blog.brunnenbraeu.eu\/index.php?rest_route=\/wp\/v2\/types\/post"}],"author":[{"embeddable":true,"href":"https:\/\/blog.brunnenbraeu.eu\/index.php?rest_route=\/wp\/v2\/users\/1"}],"replies":[{"embeddable":true,"href":"https:\/\/blog.brunnenbraeu.eu\/index.php?rest_route=%2Fwp%2Fv2%2Fcomments&post=34322"}],"version-history":[{"count":2,"href":"https:\/\/blog.brunnenbraeu.eu\/index.php?rest_route=\/wp\/v2\/posts\/34322\/revisions"}],"predecessor-version":[{"id":48004,"href":"https:\/\/blog.brunnenbraeu.eu\/index.php?rest_route=\/wp\/v2\/posts\/34322\/revisions\/48004"}],"wp:featuredmedia":[{"embeddable":true,"href":"https:\/\/blog.brunnenbraeu.eu\/index.php?rest_route=\/wp\/v2\/media\/34325"}],"wp:attachment":[{"href":"https:\/\/blog.brunnenbraeu.eu\/index.php?rest_route=%2Fwp%2Fv2%2Fmedia&parent=34322"}],"wp:term":[{"taxonomy":"category","embeddable":true,"href":"https:\/\/blog.brunnenbraeu.eu\/index.php?rest_route=%2Fwp%2Fv2%2Fcategories&post=34322"},{"taxonomy":"post_tag","embeddable":true,"href":"https:\/\/blog.brunnenbraeu.eu\/index.php?rest_route=%2Fwp%2Fv2%2Ftags&post=34322"}],"curies":[{"name":"wp","href":"https:\/\/api.w.org\/{rel}","templated":true}]}}