{"id":34896,"date":"2021-01-05T23:00:00","date_gmt":"2021-01-05T22:00:00","guid":{"rendered":"https:\/\/blog.brunnenbraeu.eu\/?p=34896"},"modified":"2021-01-18T05:07:10","modified_gmt":"2021-01-18T04:07:10","slug":"18-wirtueller-stammtisch-2-0ried-im-innkreisaut","status":"publish","type":"post","link":"https:\/\/blog.brunnenbraeu.eu\/?p=34896","title":{"rendered":"18. Wirtueller Stammtisch 2.0<br \/>Ried im Innkreis<br \/>AUT"},"content":{"rendered":"\n<p>Man kann es bestimmt als Highlight bezeichnen, wenn bei Karl Zuser jun. bei dessen <a href=\"https:\/\/www.instagram.com\/p\/CJrMGcpBAes\/\" target=\"_blank\" rel=\"noreferrer noopener\">18. Wirtuellen Stammtisch 2.0<\/a> wohl eine der schillerndsten und schrillsten Bier-Pers\u00f6nlichkeiten \u00d6sterreichs auftritt: Der <a href=\"https:\/\/www.facebook.com\/Bierpapst\" target=\"_blank\" rel=\"noreferrer noopener\">Bierpapst<\/a> <a href=\"https:\/\/www.facebook.com\/Conrad.Seidl\" target=\"_blank\" rel=\"noreferrer noopener\">Conrad Seidl<\/a>. Das verspricht, unterhaltsam und informativ zu werden.<\/p>\n\n\n\n<figure class=\"wp-block-image size-large\"><a href=\"https:\/\/www.instagram.com\/p\/CJrMGcpBAes\/\" target=\"_blank\" rel=\"noopener\"><img loading=\"lazy\" decoding=\"async\" width=\"756\" height=\"425\" src=\"https:\/\/blog.brunnenbraeu.eu\/wp-content\/uploads\/2021\/01\/18.-Wirtueller-Stammtisch-2.0-1.jpg\" alt=\"\" class=\"wp-image-34899\" srcset=\"https:\/\/blog.brunnenbraeu.eu\/wp-content\/uploads\/2021\/01\/18.-Wirtueller-Stammtisch-2.0-1.jpg 756w, https:\/\/blog.brunnenbraeu.eu\/wp-content\/uploads\/2021\/01\/18.-Wirtueller-Stammtisch-2.0-1-300x169.jpg 300w, https:\/\/blog.brunnenbraeu.eu\/wp-content\/uploads\/2021\/01\/18.-Wirtueller-Stammtisch-2.0-1-150x84.jpg 150w, https:\/\/blog.brunnenbraeu.eu\/wp-content\/uploads\/2021\/01\/18.-Wirtueller-Stammtisch-2.0-1-678x381.jpg 678w\" sizes=\"auto, (max-width: 756px) 100vw, 756px\" \/><\/a><\/figure>\n\n\n\n<p class=\"has-text-align-center\" style=\"font-size:12px\"><strong>Gespr\u00e4ch mit Conrad Seidl<\/strong><\/p>\n\n\n\n<p>Conrad blickt im Gespr\u00e4ch zur\u00fcck auf mehr als 35 Jahre \u201eprofessionellen Biertrinkens\u201c, eine T\u00e4tigkeit, die er mit seinem Beruf als politischer Redakteur mit Schwerpunkt Sicherheits- und Verteidigungspolitik bei der Tageszeitung <a rel=\"noreferrer noopener\" href=\"https:\/\/www.derstandard.at\/\" target=\"_blank\">Der Standard<\/a> perfekt zu kombinieren wei\u00df.<\/p>\n\n\n\n<p>Er steigt denn auch gleich voll ein und berichtet aus seinem abwechslungsreichen und spannenden Leben, kommt ins Philosophieren, auch weit jenseits des Biers, und so entwickelt sich dieser Stammtisch zu einer sehr kurzweiligen Angelegenheit.<\/p>\n\n\n\n<figure class=\"wp-block-image size-large\"><a href=\"https:\/\/www.instagram.com\/p\/CJrMGcpBAes\/\" target=\"_blank\" rel=\"noopener\"><img loading=\"lazy\" decoding=\"async\" width=\"709\" height=\"637\" src=\"https:\/\/blog.brunnenbraeu.eu\/wp-content\/uploads\/2021\/01\/18.-Wirtueller-Stammtisch-2.0-3.jpg\" alt=\"\" class=\"wp-image-34900\" srcset=\"https:\/\/blog.brunnenbraeu.eu\/wp-content\/uploads\/2021\/01\/18.-Wirtueller-Stammtisch-2.0-3.jpg 709w, https:\/\/blog.brunnenbraeu.eu\/wp-content\/uploads\/2021\/01\/18.-Wirtueller-Stammtisch-2.0-3-300x270.jpg 300w, https:\/\/blog.brunnenbraeu.eu\/wp-content\/uploads\/2021\/01\/18.-Wirtueller-Stammtisch-2.0-3-150x135.jpg 150w\" sizes=\"auto, (max-width: 709px) 100vw, 709px\" \/><\/a><\/figure>\n\n\n\n<p class=\"has-text-align-center\" style=\"font-size:12px\"><strong>ein kurzweiliger Stammtisch<\/strong><\/p>\n\n\n\n<p>Ein paar Gedanken stechen f\u00fcr mich pers\u00f6nlich heraus:<\/p>\n\n\n\n<p>Die Ungleichzeitigkeit der technischen Entwicklung: Ob es die am besten konstruierten Segelschiffe waren, die erst auf den Markt kamen, als es die Dampfschiffe schon seit Jahrzehnten gab, oder die deutsche Armee des Zweiten Weltkriegs, die ihren Russlandfeldzug im Wesentlichen zu Fu\u00df und mit Zugtieren gestaltete, w\u00e4hrend \u00fcber ihren K\u00f6pfen bereits eine hochtechnisierte Luftwaffe flog. Auch heute k\u00f6nnen wir solche Ungleichzeitigkeiten noch beobachten, wenn beispielsweise die Menschen in den Slums von Nairobi zwar kein vern\u00fcnftiges Dach \u00fcber dem Kopf haben, aber gleichzeitig mit durchaus modernen Smartphones die Verbindung in die Welt halten.<\/p>\n\n\n\n<p>Die Welt der Sauerbiere: Die Produkte von <a href=\"https:\/\/blog.brunnenbraeu.eu\/?p=24555\" target=\"_blank\" rel=\"noreferrer noopener\">Cantillon<\/a> oder <a href=\"https:\/\/blog.brunnenbraeu.eu\/?p=24778\" target=\"_blank\" rel=\"noreferrer noopener\">Frank Boon<\/a>, also die spontan vergorenen Gueuze und Lambik Biere einerseits, die eher dezent sauren Biere wie der Flanders Red Ale Stil, der bei <a href=\"https:\/\/cheers.rodenbach.be\/\" target=\"_blank\" rel=\"noreferrer noopener\">Rodenbach<\/a> gepflegt wird, andererseits \u2013 beide k\u00f6nnen sie den klassischen Biertrinker verwirren, den Weintrinker, der an S\u00e4ure gew\u00f6hnt ist, m\u00f6glicherweise jedoch leichter begeistern.<\/p>\n\n\n\n<p>Die Geschichte vom gr\u00fcnen Bierglas: Wieviel Sch\u00f6nheit und pers\u00f6nliche Erinnerung in einem mundgeblasenen gr\u00fcnen Glaskrug liegen kann, der dem Conrad in einer Glasbl\u00e4serei geschenkt worden war. Und wie lange er \u00fcber so ein Glas erz\u00e4hlen kann.<\/p>\n\n\n\n<figure class=\"wp-block-image size-large\"><a href=\"https:\/\/www.instagram.com\/p\/CJrMGcpBAes\/\" target=\"_blank\" rel=\"noopener\"><img loading=\"lazy\" decoding=\"async\" width=\"709\" height=\"635\" src=\"https:\/\/blog.brunnenbraeu.eu\/wp-content\/uploads\/2021\/01\/18.-Wirtueller-Stammtisch-2.0-2.jpg\" alt=\"\" class=\"wp-image-34901\" srcset=\"https:\/\/blog.brunnenbraeu.eu\/wp-content\/uploads\/2021\/01\/18.-Wirtueller-Stammtisch-2.0-2.jpg 709w, https:\/\/blog.brunnenbraeu.eu\/wp-content\/uploads\/2021\/01\/18.-Wirtueller-Stammtisch-2.0-2-300x269.jpg 300w, https:\/\/blog.brunnenbraeu.eu\/wp-content\/uploads\/2021\/01\/18.-Wirtueller-Stammtisch-2.0-2-150x134.jpg 150w\" sizes=\"auto, (max-width: 709px) 100vw, 709px\" \/><\/a><\/figure>\n\n\n\n<p class=\"has-text-align-center\" style=\"font-size:12px\"><strong>Gedenken an Micky Klemsch<\/strong><\/p>\n\n\n\n<p>Und schlie\u00dflich das Gedenken an <a rel=\"noreferrer noopener\" href=\"https:\/\/blog.brunnenbraeu.eu\/?p=33718\" target=\"_blank\">Micky Klemsch<\/a>: Die <a rel=\"noreferrer noopener\" href=\"http:\/\/www.rodauner-biermanufaktur.at\/\" target=\"_blank\">Rodauner Biermanufaktur<\/a> hat in Gedenken an den viel zu fr\u00fch und viel zu \u00fcberraschend verstorbenen <a rel=\"noreferrer noopener\" href=\"https:\/\/blog.brunnenbraeu.eu\/?p=33718\" target=\"_blank\">Micky Klemsch<\/a> ein besonderes Bier eingebraut, das Conrad live verkostet.<\/p>\n\n\n\n<p>Aber ich will hier nicht den ganzen Inhalt des Stammtischs wiedergeben. Schaut es Euch selbst an \u2013 bei Instagram ist der <a href=\"https:\/\/www.instagram.com\/p\/CJrMGcpBAes\/\" target=\"_blank\" rel=\"noreferrer noopener\">Mitschnitt des 18. Wirtuellen Stammtisch 2.0<\/a> mit <a href=\"https:\/\/www.facebook.com\/Conrad.Seidl\" target=\"_blank\" rel=\"noreferrer noopener\">Conrad Seidl<\/a> archiviert.<\/p>\n\n\n\n<p class=\"has-text-align-center\">18. Wirtueller Stammtisch 2.0<br>Gasthof Riedberg<br>S\u00fcdtiroler Stra\u00dfe 11<br>4910 Ried im Innkreis<br>\u00d6sterreich<\/p>\n","protected":false},"excerpt":{"rendered":"<div class=\"mh-excerpt\"><p>Man kann es bestimmt als Highlight bezeichnen, wenn bei Karl Zuser jun. bei dessen 18. Wirtuellen Stammtisch 2.0 wohl eine der schillerndsten und schrillsten Bier-Pers\u00f6nlichkeiten \u00d6sterreichs auftritt: Der Bierpapst Conrad Seidl. Das verspricht, unterhaltsam und informativ zu werden. Gespr\u00e4ch mit Conrad Seidl Conrad blickt im Gespr\u00e4ch zur\u00fcck auf mehr als <a class=\"mh-excerpt-more\" href=\"https:\/\/blog.brunnenbraeu.eu\/?p=34896\" title=\"18. Wirtueller Stammtisch 2.0Ried im InnkreisAUT\">[&#8230;]<\/a><\/p>\n<\/div>","protected":false},"author":1,"featured_media":34899,"comment_status":"open","ping_status":"open","sticky":false,"template":"","format":"standard","meta":{"footnotes":""},"categories":[160,2,3],"tags":[],"class_list":{"0":"post-34896","1":"post","2":"type-post","3":"status-publish","4":"format-standard","5":"has-post-thumbnail","7":"category-beer-nuggets","8":"category-bier-erleben","9":"category-bierverkostungen"},"_links":{"self":[{"href":"https:\/\/blog.brunnenbraeu.eu\/index.php?rest_route=\/wp\/v2\/posts\/34896","targetHints":{"allow":["GET"]}}],"collection":[{"href":"https:\/\/blog.brunnenbraeu.eu\/index.php?rest_route=\/wp\/v2\/posts"}],"about":[{"href":"https:\/\/blog.brunnenbraeu.eu\/index.php?rest_route=\/wp\/v2\/types\/post"}],"author":[{"embeddable":true,"href":"https:\/\/blog.brunnenbraeu.eu\/index.php?rest_route=\/wp\/v2\/users\/1"}],"replies":[{"embeddable":true,"href":"https:\/\/blog.brunnenbraeu.eu\/index.php?rest_route=%2Fwp%2Fv2%2Fcomments&post=34896"}],"version-history":[{"count":0,"href":"https:\/\/blog.brunnenbraeu.eu\/index.php?rest_route=\/wp\/v2\/posts\/34896\/revisions"}],"wp:featuredmedia":[{"embeddable":true,"href":"https:\/\/blog.brunnenbraeu.eu\/index.php?rest_route=\/wp\/v2\/media\/34899"}],"wp:attachment":[{"href":"https:\/\/blog.brunnenbraeu.eu\/index.php?rest_route=%2Fwp%2Fv2%2Fmedia&parent=34896"}],"wp:term":[{"taxonomy":"category","embeddable":true,"href":"https:\/\/blog.brunnenbraeu.eu\/index.php?rest_route=%2Fwp%2Fv2%2Fcategories&post=34896"},{"taxonomy":"post_tag","embeddable":true,"href":"https:\/\/blog.brunnenbraeu.eu\/index.php?rest_route=%2Fwp%2Fv2%2Ftags&post=34896"}],"curies":[{"name":"wp","href":"https:\/\/api.w.org\/{rel}","templated":true}]}}