{"id":34939,"date":"2021-01-09T05:20:00","date_gmt":"2021-01-09T04:20:00","guid":{"rendered":"https:\/\/blog.brunnenbraeu.eu\/?p=34939"},"modified":"2021-01-13T04:52:50","modified_gmt":"2021-01-13T03:52:50","slug":"der-brunnenbraeu-macht-eine-pause","status":"publish","type":"post","link":"https:\/\/blog.brunnenbraeu.eu\/?p=34939","title":{"rendered":"Der Brunnenbr\u00e4u \u2026<br \/>\u2026 macht eine Pause"},"content":{"rendered":"\n<p><strong>Liebe Freunde und Bierliebhaber in aller Welt!<\/strong><\/p>\n\n\n\n<p>Der Brunnenbr\u00e4u macht eine Pause. Und zwar eine etwas l\u00e4ngere.<\/p>\n\n\n\n<figure class=\"wp-block-image size-large\"><a href=\"https:\/\/www.brunnenbraeu.org\/Dokumente\/Newsletter%20-%202102.pdf\" target=\"_blank\" rel=\"noopener\"><img loading=\"lazy\" decoding=\"async\" width=\"709\" height=\"446\" src=\"https:\/\/blog.brunnenbraeu.eu\/wp-content\/uploads\/2021\/01\/Der-Brunnenbraeu-macht-eine-Pause-1.jpg\" alt=\"\" class=\"wp-image-34941\" srcset=\"https:\/\/blog.brunnenbraeu.eu\/wp-content\/uploads\/2021\/01\/Der-Brunnenbraeu-macht-eine-Pause-1.jpg 709w, https:\/\/blog.brunnenbraeu.eu\/wp-content\/uploads\/2021\/01\/Der-Brunnenbraeu-macht-eine-Pause-1-300x189.jpg 300w, https:\/\/blog.brunnenbraeu.eu\/wp-content\/uploads\/2021\/01\/Der-Brunnenbraeu-macht-eine-Pause-1-150x94.jpg 150w\" sizes=\"auto, (max-width: 709px) 100vw, 709px\" \/><\/a><\/figure>\n\n\n\n<p class=\"has-text-align-center\" style=\"font-size:12px\"><strong>Sendepause<\/strong><\/p>\n\n\n\n<p>Wie die meisten von Euch wissen, habe ich neben der Schreiberei auch noch einen \u201eNebenjob\u201c, und eben der wird mich die kommenden Wochen und Monate am Schreiben hindern. Ich befinde mich derzeit f\u00fcr vierzehn Tage in einer Corona-Quarant\u00e4ne und werde anschlie\u00dfend nach Kabul in Afghanistan fliegen, um dort der internationalen Staatengemeinschaft zu dienen.<\/p>\n\n\n\n<figure class=\"wp-block-image size-large\"><a href=\"https:\/\/www.brunnenbraeu.org\/Dokumente\/Newsletter%20-%202102.pdf\" target=\"_blank\" rel=\"noopener\"><img loading=\"lazy\" decoding=\"async\" width=\"805\" height=\"425\" src=\"https:\/\/blog.brunnenbraeu.eu\/wp-content\/uploads\/2021\/01\/Der-Brunnenbraeu-macht-eine-Pause-2.jpg\" alt=\"\" class=\"wp-image-34942\" srcset=\"https:\/\/blog.brunnenbraeu.eu\/wp-content\/uploads\/2021\/01\/Der-Brunnenbraeu-macht-eine-Pause-2.jpg 805w, https:\/\/blog.brunnenbraeu.eu\/wp-content\/uploads\/2021\/01\/Der-Brunnenbraeu-macht-eine-Pause-2-300x158.jpg 300w, https:\/\/blog.brunnenbraeu.eu\/wp-content\/uploads\/2021\/01\/Der-Brunnenbraeu-macht-eine-Pause-2-150x79.jpg 150w, https:\/\/blog.brunnenbraeu.eu\/wp-content\/uploads\/2021\/01\/Der-Brunnenbraeu-macht-eine-Pause-2-768x405.jpg 768w\" sizes=\"auto, (max-width: 805px) 100vw, 805px\" \/><\/a><\/figure>\n\n\n\n<p class=\"has-text-align-center\" style=\"font-size:12px\"><strong>Kabul wartet<\/strong><\/p>\n\n\n\n<p>In dieser Zeit werde ich nicht nur keine Brauereien besuchen und kein Bier trinken, sondern wohl auch kaum Zeit zum Schreiben haben. Vielleicht finde ich ab und an mal einen ruhigen Moment, um einen alten Blog-Beitrag von fr\u00fcher zu rekonstruieren, vielleicht aber auch nicht.<\/p>\n\n\n\n<p>Macht\u2019s also erstmal gut und bis bald. Wann immer \u201ebald\u201c auch sein wird.<\/p>\n\n\n\n<p>Zum Wohl und bleibt mir in dieser Zeit gesonnen!<\/p>\n\n\n\n<p>Volker<\/p>\n","protected":false},"excerpt":{"rendered":"<div class=\"mh-excerpt\"><p>Liebe Freunde und Bierliebhaber in aller Welt! Der Brunnenbr\u00e4u macht eine Pause. Und zwar eine etwas l\u00e4ngere. Sendepause Wie die meisten von Euch wissen, habe ich neben der Schreiberei auch noch einen \u201eNebenjob\u201c, und eben der wird mich die kommenden Wochen und Monate am Schreiben hindern. Ich befinde mich derzeit <a class=\"mh-excerpt-more\" href=\"https:\/\/blog.brunnenbraeu.eu\/?p=34939\" title=\"Der Brunnenbr\u00e4u \u2026\u2026 macht eine Pause\">[&#8230;]<\/a><\/p>\n<\/div>","protected":false},"author":1,"featured_media":34941,"comment_status":"open","ping_status":"open","sticky":false,"template":"","format":"standard","meta":{"footnotes":""},"categories":[160,4,24],"tags":[],"class_list":{"0":"post-34939","1":"post","2":"type-post","3":"status-publish","4":"format-standard","5":"has-post-thumbnail","7":"category-beer-nuggets","8":"category-meinungen-und-gastbeitraege","9":"category-volker-r-quante"},"_links":{"self":[{"href":"https:\/\/blog.brunnenbraeu.eu\/index.php?rest_route=\/wp\/v2\/posts\/34939","targetHints":{"allow":["GET"]}}],"collection":[{"href":"https:\/\/blog.brunnenbraeu.eu\/index.php?rest_route=\/wp\/v2\/posts"}],"about":[{"href":"https:\/\/blog.brunnenbraeu.eu\/index.php?rest_route=\/wp\/v2\/types\/post"}],"author":[{"embeddable":true,"href":"https:\/\/blog.brunnenbraeu.eu\/index.php?rest_route=\/wp\/v2\/users\/1"}],"replies":[{"embeddable":true,"href":"https:\/\/blog.brunnenbraeu.eu\/index.php?rest_route=%2Fwp%2Fv2%2Fcomments&post=34939"}],"version-history":[{"count":0,"href":"https:\/\/blog.brunnenbraeu.eu\/index.php?rest_route=\/wp\/v2\/posts\/34939\/revisions"}],"wp:featuredmedia":[{"embeddable":true,"href":"https:\/\/blog.brunnenbraeu.eu\/index.php?rest_route=\/wp\/v2\/media\/34941"}],"wp:attachment":[{"href":"https:\/\/blog.brunnenbraeu.eu\/index.php?rest_route=%2Fwp%2Fv2%2Fmedia&parent=34939"}],"wp:term":[{"taxonomy":"category","embeddable":true,"href":"https:\/\/blog.brunnenbraeu.eu\/index.php?rest_route=%2Fwp%2Fv2%2Fcategories&post=34939"},{"taxonomy":"post_tag","embeddable":true,"href":"https:\/\/blog.brunnenbraeu.eu\/index.php?rest_route=%2Fwp%2Fv2%2Ftags&post=34939"}],"curies":[{"name":"wp","href":"https:\/\/api.w.org\/{rel}","templated":true}]}}