{"id":35632,"date":"2024-04-17T18:31:00","date_gmt":"2024-04-17T16:31:00","guid":{"rendered":"https:\/\/blog.brunnenbraeu.eu\/?p=35632"},"modified":"2024-07-31T13:04:43","modified_gmt":"2024-07-31T11:04:43","slug":"brauerei-kargmurnau-am-staffelseedeu","status":"publish","type":"post","link":"https:\/\/blog.brunnenbraeu.eu\/?p=35632","title":{"rendered":"Brauerei Karg<br \/>Murnau am Staffelsee<br \/>DEU"},"content":{"rendered":"\n<p><strong>Nachtrag 17. April 2024:<\/strong> Da hat das <a href=\"https:\/\/www.karg-weissbier.de\/\" target=\"_blank\" rel=\"noreferrer noopener\">Karg Br\u00e4ust\u00fcberl<\/a> aber gerade noch die Kurve gekriegt \u2026<\/p>\n\n\n\n<p>Wir kommen in die Gaststube und sehen nahezu alle Tische besetzt. Auf die freundliche Frage an die Bedienung hinter der Theke hin, ob wir irgendwo einen Platz f\u00fcr zwei Personen bekommen k\u00f6nnten, verwandelt diese sich in eine Furie und herrscht uns an, ob wir denn nicht s\u00e4hen, dass sie gerade am Zapfen sei!<\/p>\n\n\n\n<p>Oh, denken wir, das ist ja eine wirklich ausgepr\u00e4gte Gastfreundschaft \u2013 oh weh!<\/p>\n\n\n\n<p>Warum wir nicht sofort wieder gehen? Ich wei\u00df es nicht. Vermutlich, weil drau\u00dfen ekliger Schneeregen niedergeht und wir uns erst einen Moment in der Gaststube aufw\u00e4rmen wollen \u2026<\/p>\n\n\n\n<p>Eine gute Viertelstunde sitzen wir im Nebenzimmer, ohne dass uns jemand bedient. Irgendwann kommt aber die Kollegin der Zapf-Furie, und siehe da: Sie ist das genaue Gegenteil. Freundlich, hilfsbereit, aufmerksam.<\/p>\n\n\n\n<p>Also: Kurve gerade noch gekriegt.<\/p>\n\n\n\n<figure class=\"wp-block-image size-large\"><img loading=\"lazy\" decoding=\"async\" width=\"1024\" height=\"1024\" src=\"https:\/\/blog.brunnenbraeu.eu\/wp-content\/uploads\/2009\/02\/Brauerei-Karg-Mini-4-1024x1024.jpg\" alt=\"\" class=\"wp-image-45509\" srcset=\"https:\/\/blog.brunnenbraeu.eu\/wp-content\/uploads\/2009\/02\/Brauerei-Karg-Mini-4-1024x1024.jpg 1024w, https:\/\/blog.brunnenbraeu.eu\/wp-content\/uploads\/2009\/02\/Brauerei-Karg-Mini-4-300x300.jpg 300w, https:\/\/blog.brunnenbraeu.eu\/wp-content\/uploads\/2009\/02\/Brauerei-Karg-Mini-4-150x150.jpg 150w, https:\/\/blog.brunnenbraeu.eu\/wp-content\/uploads\/2009\/02\/Brauerei-Karg-Mini-4-768x768.jpg 768w, https:\/\/blog.brunnenbraeu.eu\/wp-content\/uploads\/2009\/02\/Brauerei-Karg-Mini-4.jpg 1063w\" sizes=\"auto, (max-width: 1024px) 100vw, 1024px\" \/><\/figure>\n\n\n\n<p class=\"has-text-align-center\" style=\"font-size:12px\"><strong>Weissbierbraukunst<\/strong><\/p>\n\n\n\n<div style=\"height:30px\" aria-hidden=\"true\" class=\"wp-block-spacer\"><\/div>\n\n\n\n<p>Wir bleiben also doch f\u00fcr ein Abendessen (K\u00e4sspatzen) und ein Karg Weissbier \u2013 letzteres seit langem zum ersten Mal ein F\u00fcnf-Sterne-Weissbier. Da stimmt wirklich alles. Aroma, Geschmack, Vollmundigkeit, Spritzigkeit \u2013 ein Bilderbuchweizen, das uns den schlechten Auftakt (fast \u2026) vergessen l\u00e4sst.<\/p>\n\n\n\n<p>Weissbierbraukunst at its best!<\/p>\n\n\n\n<p class=\"has-text-align-center\"><a href=\"https:\/\/vquante.jalbum.net\/Alben5\/Karg\/\" target=\"_blank\" rel=\"noreferrer noopener\">Bildergalerie<\/a><\/p>\n\n\n\n<div style=\"height:30px\" aria-hidden=\"true\" class=\"wp-block-spacer\"><\/div>\n\n\n\n<p class=\"has-text-align-center has-large-font-size\"><strong>Brauerei Karg<\/strong><\/p>\n\n\n\n<p>Zweimal mussten wir es heute, am 22. Februar 2009, versuchen, in den Brauereiausschank der <a href=\"https:\/\/www.karg-weissbier.de\/\" target=\"_blank\" rel=\"noreferrer noopener\">Brauerei Karg<\/a> hinein zu kommen. Es war Karnevalssonntag, und w\u00e4hrend des ersten Versuchs stellten wir fest, dass die Dorfkapelle und wohl auch fast alle anderen Mitglieder des Fastnachtszuges hier eingekehrt waren \u2013 nicht einmal mehr ein Stehplatz w\u00e4re zu kriegen gewesen.<\/p>\n\n\n\n<figure class=\"wp-block-image size-large is-resized\"><img loading=\"lazy\" decoding=\"async\" width=\"709\" height=\"483\" src=\"https:\/\/blog.brunnenbraeu.eu\/wp-content\/uploads\/2021\/02\/Brauerei-Karg-Mini-1.jpg\" alt=\"\" class=\"wp-image-35635\" style=\"width:838px;height:571px\" srcset=\"https:\/\/blog.brunnenbraeu.eu\/wp-content\/uploads\/2021\/02\/Brauerei-Karg-Mini-1.jpg 709w, https:\/\/blog.brunnenbraeu.eu\/wp-content\/uploads\/2021\/02\/Brauerei-Karg-Mini-1-300x204.jpg 300w, https:\/\/blog.brunnenbraeu.eu\/wp-content\/uploads\/2021\/02\/Brauerei-Karg-Mini-1-150x102.jpg 150w\" sizes=\"auto, (max-width: 709px) 100vw, 709px\" \/><\/figure>\n\n\n\n<p class=\"has-text-align-center\" style=\"font-size:12px\"><strong>Au\u00dfenansicht<\/strong><\/p>\n\n\n\n<div style=\"height:30px\" aria-hidden=\"true\" class=\"wp-block-spacer\"><\/div>\n\n\n\n<p>Zwei Stunden sp\u00e4ter, nach einem sch\u00f6nen Spaziergang, sah das schon anders aus. Die Helden waren m\u00fcde geworden, viele hatten sich getrollt. Und w\u00e4hrend der Rest zwar immer noch einen Lautst\u00e4rkepegel hielt wie auf Schalke in der Nordkurve, waren dann doch einige Pl\u00e4tze frei geworden.<\/p>\n\n\n\n<figure class=\"wp-block-image size-large\"><img loading=\"lazy\" decoding=\"async\" width=\"1024\" height=\"768\" src=\"https:\/\/blog.brunnenbraeu.eu\/wp-content\/uploads\/2021\/02\/Brauerei-Karg-Mini-3-1024x768.jpg\" alt=\"\" class=\"wp-image-35637\" srcset=\"https:\/\/blog.brunnenbraeu.eu\/wp-content\/uploads\/2021\/02\/Brauerei-Karg-Mini-3-1024x768.jpg 1024w, https:\/\/blog.brunnenbraeu.eu\/wp-content\/uploads\/2021\/02\/Brauerei-Karg-Mini-3-300x225.jpg 300w, https:\/\/blog.brunnenbraeu.eu\/wp-content\/uploads\/2021\/02\/Brauerei-Karg-Mini-3-150x113.jpg 150w, https:\/\/blog.brunnenbraeu.eu\/wp-content\/uploads\/2021\/02\/Brauerei-Karg-Mini-3-768x576.jpg 768w, https:\/\/blog.brunnenbraeu.eu\/wp-content\/uploads\/2021\/02\/Brauerei-Karg-Mini-3-1536x1152.jpg 1536w, https:\/\/blog.brunnenbraeu.eu\/wp-content\/uploads\/2021\/02\/Brauerei-Karg-Mini-3-2048x1536.jpg 2048w, https:\/\/blog.brunnenbraeu.eu\/wp-content\/uploads\/2021\/02\/Brauerei-Karg-Mini-3-678x509.jpg 678w, https:\/\/blog.brunnenbraeu.eu\/wp-content\/uploads\/2021\/02\/Brauerei-Karg-Mini-3-326x245.jpg 326w, https:\/\/blog.brunnenbraeu.eu\/wp-content\/uploads\/2021\/02\/Brauerei-Karg-Mini-3-80x60.jpg 80w\" sizes=\"auto, (max-width: 1024px) 100vw, 1024px\" \/><\/figure>\n\n\n\n<p class=\"has-text-align-center\" style=\"font-size:12px\"><strong>die Portion war selbst f\u00fcr zwei Personen fast noch zu gro\u00df<\/strong><\/p>\n\n\n\n<div style=\"height:30px\" aria-hidden=\"true\" class=\"wp-block-spacer\"><\/div>\n\n\n\n<p>Die sichtlich gestresste und ersch\u00f6pfte Bedienung hielt sich tapfer und brachte uns eine hervorragende und ungeheuer reichhaltige Brotzeitplatte. Sie war gedacht f\u00fcr eine Person, aber selbst zu zweit mussten wir k\u00e4mpfen, um sie aufzuessen. Dazu der diesj\u00e4hrige Weizenbock \u2013 s\u00fcffig und s\u00fc\u00dflich, das passte als leckerer Kontrast wunderbar. W\u00e4hrend sich um uns herum der Brauereiausschank leerte, gaben wir uns ganz diesem Genuss hin.<\/p>\n\n\n\n<figure class=\"wp-block-image size-large is-resized\"><img loading=\"lazy\" decoding=\"async\" width=\"709\" height=\"686\" src=\"https:\/\/blog.brunnenbraeu.eu\/wp-content\/uploads\/2021\/02\/Brauerei-Karg-Mini-2.jpg\" alt=\"\" class=\"wp-image-35638\" style=\"width:840px;height:813px\" srcset=\"https:\/\/blog.brunnenbraeu.eu\/wp-content\/uploads\/2021\/02\/Brauerei-Karg-Mini-2.jpg 709w, https:\/\/blog.brunnenbraeu.eu\/wp-content\/uploads\/2021\/02\/Brauerei-Karg-Mini-2-300x290.jpg 300w, https:\/\/blog.brunnenbraeu.eu\/wp-content\/uploads\/2021\/02\/Brauerei-Karg-Mini-2-150x145.jpg 150w\" sizes=\"auto, (max-width: 709px) 100vw, 709px\" \/><\/figure>\n\n\n\n<p class=\"has-text-align-center\" style=\"font-size:12px\"><strong>der Weizenbock<\/strong><\/p>\n\n\n\n<div style=\"height:30px\" aria-hidden=\"true\" class=\"wp-block-spacer\"><\/div>\n\n\n\n<p>Aufgrund der fortgeschrittenen Stunde und des Heimwegs, der noch vor uns lag, blieb es zwar bei einem kurzen Besuch mit nur einem Bier, aber in der Summe waren wir sehr zufrieden.<\/p>\n\n\n\n<p class=\"has-text-align-center\"><a href=\"https:\/\/vquante.jalbum.net\/Alben5\/Karg\/\" target=\"_blank\" rel=\"noreferrer noopener\">Bildergalerie<\/a><\/p>\n\n\n\n<p class=\"has-text-align-center\">Brauerei Karg GmbH &amp; Co KG<br>Untermarkt 27<br>82 418 Murnau am Staffelsee<br>Bayern<br>Deutschland<\/p>\n","protected":false},"excerpt":{"rendered":"<div class=\"mh-excerpt\"><p>Nachtrag 17. April 2024: Da hat das Karg Br\u00e4ust\u00fcberl aber gerade noch die Kurve gekriegt \u2026 Wir kommen in die Gaststube und sehen nahezu alle Tische besetzt. Auf die freundliche Frage an die Bedienung hinter der Theke hin, ob wir irgendwo einen Platz f\u00fcr zwei Personen bekommen k\u00f6nnten, verwandelt diese <a class=\"mh-excerpt-more\" href=\"https:\/\/blog.brunnenbraeu.eu\/?p=35632\" title=\"Brauerei KargMurnau am StaffelseeDEU\">[&#8230;]<\/a><\/p>\n<\/div>","protected":false},"author":1,"featured_media":35638,"comment_status":"open","ping_status":"open","sticky":false,"template":"","format":"standard","meta":{"footnotes":""},"categories":[20,6,13,14],"tags":[],"class_list":{"0":"post-35632","1":"post","2":"type-post","3":"status-publish","4":"format-standard","5":"has-post-thumbnail","7":"category-bayern","8":"category-bier-vor-ort","9":"category-brauereien","10":"category-deutschland-brauereien"},"_links":{"self":[{"href":"https:\/\/blog.brunnenbraeu.eu\/index.php?rest_route=\/wp\/v2\/posts\/35632","targetHints":{"allow":["GET"]}}],"collection":[{"href":"https:\/\/blog.brunnenbraeu.eu\/index.php?rest_route=\/wp\/v2\/posts"}],"about":[{"href":"https:\/\/blog.brunnenbraeu.eu\/index.php?rest_route=\/wp\/v2\/types\/post"}],"author":[{"embeddable":true,"href":"https:\/\/blog.brunnenbraeu.eu\/index.php?rest_route=\/wp\/v2\/users\/1"}],"replies":[{"embeddable":true,"href":"https:\/\/blog.brunnenbraeu.eu\/index.php?rest_route=%2Fwp%2Fv2%2Fcomments&post=35632"}],"version-history":[{"count":2,"href":"https:\/\/blog.brunnenbraeu.eu\/index.php?rest_route=\/wp\/v2\/posts\/35632\/revisions"}],"predecessor-version":[{"id":45510,"href":"https:\/\/blog.brunnenbraeu.eu\/index.php?rest_route=\/wp\/v2\/posts\/35632\/revisions\/45510"}],"wp:featuredmedia":[{"embeddable":true,"href":"https:\/\/blog.brunnenbraeu.eu\/index.php?rest_route=\/wp\/v2\/media\/35638"}],"wp:attachment":[{"href":"https:\/\/blog.brunnenbraeu.eu\/index.php?rest_route=%2Fwp%2Fv2%2Fmedia&parent=35632"}],"wp:term":[{"taxonomy":"category","embeddable":true,"href":"https:\/\/blog.brunnenbraeu.eu\/index.php?rest_route=%2Fwp%2Fv2%2Fcategories&post=35632"},{"taxonomy":"post_tag","embeddable":true,"href":"https:\/\/blog.brunnenbraeu.eu\/index.php?rest_route=%2Fwp%2Fv2%2Ftags&post=35632"}],"curies":[{"name":"wp","href":"https:\/\/api.w.org\/{rel}","templated":true}]}}