{"id":35883,"date":"2008-10-05T23:49:00","date_gmt":"2008-10-05T21:49:00","guid":{"rendered":"https:\/\/blog.brunnenbraeu.eu\/?p=35883"},"modified":"2022-08-27T09:50:09","modified_gmt":"2022-08-27T07:50:09","slug":"haus-und-hobbybrauertage-2008langensendelbach","status":"publish","type":"post","link":"https:\/\/blog.brunnenbraeu.eu\/?p=35883","title":{"rendered":"Haus- und Hobbybrauertage 2008<br \/>Langensendelbach"},"content":{"rendered":"\n<p class=\"has-text-align-center has-medium-font-size\"><strong>Die Haus- und Hobbybrauertage im Frankenland<\/strong><br><strong>oder<\/strong><br><strong>Petrus hatte ein Einsehen<\/strong><\/p>\n\n\n\n<p>Mit gro\u00dfem Aufwand hatte der <a rel=\"noreferrer noopener\" href=\"http:\/\/www.braukultur-franken.de\/\" target=\"_blank\">Verein zur F\u00f6rderung der Fr\u00e4nkischen Braukultur e.V.<\/a> (VFFB), allen voran die Hausbrauer vom <a rel=\"noreferrer noopener\" href=\"https:\/\/vierbrau.de\/\" target=\"_blank\">Vierbr\u00e4u<\/a> und aus <a rel=\"noreferrer noopener\" href=\"https:\/\/blog.brunnenbraeu.eu\/?p=16696\" target=\"_blank\">Junkersdorf<\/a>, in diesem Jahr die <a rel=\"noreferrer noopener\" href=\"https:\/\/blog.brunnenbraeu.eu\/?cat=72\" target=\"_blank\">Haus- und Hobbybrauertage<\/a> (HHBT) vorbereitet, und dann drohte die Wettervorhersage mit Dauerregen in Franken \u2026<\/p>\n\n\n\n<p>Das ganze Dorf Langensendelbach schien trotzdem am 3. Oktober 2008 fest in der Hand von Hausbrauern zu sein, als wir aus dem Westerwald anreisten. Im <a href=\"http:\/\/www.zametzer.de\/\" target=\"_blank\" rel=\"noreferrer noopener\">Gasthof Zametzer<\/a> standen buchst\u00e4blich Heerscharen vor dem Meldekopf, an der Theke und im Schankraum; gegen\u00fcber auf dem Parkplatz und in den Garagen des Gasthofs fand der Hausbrauermarkt statt; und wenige Meter weiter in einer Scheune war die <a href=\"https:\/\/www.hausgebraut.de\/\" target=\"_blank\" rel=\"noreferrer noopener\">Vereinigung des Haus- und Hobbybrauer in Deutschland e.V.<\/a>, die VHD, pr\u00e4sent. Vor der Scheune dichte Rauchschwaden vom Fasspichen, und \u00fcberall eine fr\u00f6hliche, wuselige Stimmung.<\/p>\n\n\n\n<figure class=\"wp-block-image size-large is-resized\"><img loading=\"lazy\" decoding=\"async\" src=\"https:\/\/blog.brunnenbraeu.eu\/wp-content\/uploads\/2021\/03\/Haus-und-Hobbybrauertage-2008-Mini-1.jpg\" alt=\"\" class=\"wp-image-35890\" width=\"841\" height=\"606\" srcset=\"https:\/\/blog.brunnenbraeu.eu\/wp-content\/uploads\/2021\/03\/Haus-und-Hobbybrauertage-2008-Mini-1.jpg 709w, https:\/\/blog.brunnenbraeu.eu\/wp-content\/uploads\/2021\/03\/Haus-und-Hobbybrauertage-2008-Mini-1-300x216.jpg 300w, https:\/\/blog.brunnenbraeu.eu\/wp-content\/uploads\/2021\/03\/Haus-und-Hobbybrauertage-2008-Mini-1-150x108.jpg 150w\" sizes=\"auto, (max-width: 841px) 100vw, 841px\" \/><\/figure>\n\n\n\n<p class=\"has-text-align-center\" style=\"font-size:12px\"><strong>der Stand der VHD<\/strong><\/p>\n\n\n\n<p>Doch gemach, bringen wir ein wenig Struktur in die Berichterstattung:<\/p>\n\n\n\n<p>Bereits am Vortag, dem 2. Oktober, waren die ersten Hausbrauer aus ganz Deutschland angereist und hatten sich im Ort im <a rel=\"noreferrer noopener\" href=\"http:\/\/www.zametzer.de\/\" target=\"_blank\">Gasthof Zametzer<\/a> einquartiert. Nach ein paar ersten interessanten Gespr\u00e4chen (und leckeren Bieren) traf man sich am n\u00e4chsten Morgen zu einer Brauereiwanderung in Aufse\u00df. Es war zwar frisch, aber trocken und gr\u00f6\u00dftenteils sonnig, so dass sich wesentlich mehr als die urspr\u00fcnglich geplanten 25 Wanderer einfanden. Ich selbst war nicht dabei, aber die, die mitgelaufen waren, waren hochzufrieden \u2013 einige sogar so sehr, dass sie in der letzten Station, der <a href=\"https:\/\/blog.brunnenbraeu.eu\/?p=27788\" target=\"_blank\" rel=\"noreferrer noopener\">Brauerei Rothenbach<\/a>, noch ein wenig h\u00e4ngen blieben und beinahe versackt w\u00e4ren.<\/p>\n\n\n\n<figure class=\"wp-block-image size-large is-resized\"><img loading=\"lazy\" decoding=\"async\" src=\"https:\/\/blog.brunnenbraeu.eu\/wp-content\/uploads\/2021\/03\/Haus-und-Hobbybrauertage-2008-Mini-2.jpg\" alt=\"\" class=\"wp-image-35891\" width=\"842\" height=\"575\" srcset=\"https:\/\/blog.brunnenbraeu.eu\/wp-content\/uploads\/2021\/03\/Haus-und-Hobbybrauertage-2008-Mini-2.jpg 709w, https:\/\/blog.brunnenbraeu.eu\/wp-content\/uploads\/2021\/03\/Haus-und-Hobbybrauertage-2008-Mini-2-300x205.jpg 300w, https:\/\/blog.brunnenbraeu.eu\/wp-content\/uploads\/2021\/03\/Haus-und-Hobbybrauertage-2008-Mini-2-150x102.jpg 150w\" sizes=\"auto, (max-width: 842px) 100vw, 842px\" \/><\/figure>\n\n\n\n<p class=\"has-text-align-center\" style=\"font-size:12px\"><strong>der L\u00f6schzug der M\u00e4lzerei Weyermann<\/strong><\/p>\n\n\n\n<p>In Langensendelbach begann derweil gegen Mittag des 3. Oktober der Hausbrauermarkt, und gleichzeitig kamen aus allen Himmelsrichtungen die noch fehlenden Teilnehmer an. Wie jedes Jahr war die <a rel=\"noreferrer noopener\" href=\"https:\/\/www.weyermann.de\/\" target=\"_blank\">M\u00e4lzerei Weyermann<\/a> mit ihrem L\u00f6schzug angereist, schenkte leckeres Bier aus und verkaufte alle nur denkbaren Sorten Spezialmalz. In den Garagen nebenan wurden Brauanlagen und sonstiges Zubeh\u00f6r pr\u00e4sentiert \u2013 die <a href=\"https:\/\/www.brumas.com\/brumas\/\" target=\"_blank\" rel=\"noreferrer noopener\">Brau-Eule<\/a>, der <a href=\"https:\/\/www.speidels-braumeister.de\/\" target=\"_blank\" rel=\"noreferrer noopener\">Speidel-Braumeister<\/a> und die <a href=\"https:\/\/wengert.cc\/brauerei\/mikrobrauerei\/\" target=\"_blank\" rel=\"noreferrer noopener\">Wengert-Mini<\/a> waren nur einige der Anlagen, die hier zu sehen waren. Die <a href=\"http:\/\/www.muehlenbraeu.de\/hnl\/index2.html\" target=\"_blank\" rel=\"noreferrer noopener\">Hausbrauer Nassauer Land<\/a> pr\u00e4sentierten ihre Braugruppe mit Fotoalben und Faltbl\u00e4ttern, <a href=\"https:\/\/www.braupartner.de\/\" target=\"_blank\" rel=\"noreferrer noopener\">Braupartner Klaus Kling<\/a> hatte seinen Stand aufgebaut, der <a href=\"https:\/\/www.hanscarl.com\/\" target=\"_blank\" rel=\"noreferrer noopener\">Bierbuch-Fachverlag Hans Carl<\/a> war pr\u00e4sent, und zahlreiche weitere, kleinere und gr\u00f6\u00dfere St\u00e4nde zogen die Aufmerksamkeit der Besucher auf sich.<\/p>\n\n\n\n<p>Da dieses Gel\u00e4nde viel zu klein f\u00fcr alle war, hatte ein weiterer Teil von uns nur hundert Meter weiter in einer alten Scheune Platz gefunden. Hier stand der offizielle Stand der <a href=\"https:\/\/www.hausgebraut.de\/\" target=\"_blank\" rel=\"noreferrer noopener\">VHD<\/a>, Kurt Maria Adler vom <a href=\"https:\/\/blog.brunnenbraeu.eu\/?p=16696\" target=\"_blank\" rel=\"noreferrer noopener\">Junkersdorfer Kommunbrauhaus<\/a> schenkte <a href=\"https:\/\/blog.brunnenbraeu.eu\/?p=16810\" target=\"_blank\" rel=\"noreferrer noopener\">Bier vom VHD-Sud<\/a> aus, das wir Nassauer zusammen mit den Junkersdorfern vor f\u00fcnf Wochen gebraut hatten, Egon Meister aus Th\u00fcringen zeigte, wie F\u00e4sser gepicht werden \u2013 und sp\u00e4testens jetzt wurde klar, dass f\u00fcr jeden irgendetwas Interessantes dabei war.<\/p>\n\n\n\n<figure class=\"wp-block-image size-large is-resized\"><img loading=\"lazy\" decoding=\"async\" src=\"https:\/\/blog.brunnenbraeu.eu\/wp-content\/uploads\/2021\/03\/Haus-und-Hobbybrauertage-2008-Mini-3.jpg\" alt=\"\" class=\"wp-image-35893\" width=\"841\" height=\"588\" srcset=\"https:\/\/blog.brunnenbraeu.eu\/wp-content\/uploads\/2021\/03\/Haus-und-Hobbybrauertage-2008-Mini-3.jpg 709w, https:\/\/blog.brunnenbraeu.eu\/wp-content\/uploads\/2021\/03\/Haus-und-Hobbybrauertage-2008-Mini-3-300x210.jpg 300w, https:\/\/blog.brunnenbraeu.eu\/wp-content\/uploads\/2021\/03\/Haus-und-Hobbybrauertage-2008-Mini-3-150x105.jpg 150w\" sizes=\"auto, (max-width: 841px) 100vw, 841px\" \/><\/figure>\n\n\n\n<p class=\"has-text-align-center\" style=\"font-size:12px\"><strong>der Stand der Hausbrauer Nassauer Land<\/strong><\/p>\n\n\n\n<p>Gegen 17:00 Uhr begann im <a href=\"http:\/\/www.zametzer.de\/\" target=\"_blank\" rel=\"noreferrer noopener\">Gasthof Zametzer<\/a>, parallel zum weiter laufenden Hausbrauermarkt, das Verkosterseminar, und nachdem wir uns hier intensiv in den Biersorten hatten schulen lassen, die am Sonnabend verkostet werden sollten, gab es auch schon eine deftige Brotzeit. Eine ordentliche Grundlage f\u00fcr die dann folgende Jahreshauptversammlung.<\/p>\n\n\n\n<p>Die \u00fcblichen Berichterstattungen \u00fcber die Kassenlage, die Medienpolitik des Vereins, die weiteren geplanten Haus- und Hobbybrauertage in den kommenden Jahren \u2013 rasch und unaufgeregt wurden die Programmpunkte abgearbeitet. Anschlie\u00dfend konnten wir noch lange gem\u00fctlich beieinander sitzen \u2013 aber angesichts des umfangreichen Verkostungsprogramms morgen zogen es die meisten doch vor, rechtzeitig zu Bett zu gehen.<\/p>\n\n\n\n<p>Der zweite Tag, der Sonnabend, sah traditionsgem\u00e4\u00df ein sch\u00f6nes Ausflugsprogramm vor. W\u00e4hrend also die Masse der Teilnehmer der HHBT mit Reisebussen in Richtung Erlangen aufbrach, hatten die Verkoster vor ihrem Ausflug noch ihre Pflicht zu erf\u00fcllen. Erstmals gab es in diesem Jahr eine Vorverkostung, an der nicht nur die \u201e\u00fcblichen Verd\u00e4chtigen\u201c teilgenommen haben, also die, die eigentlich jedes Jahr beim Verkosten dabei sind, sondern auch alle, die \u00fcberhaupt ein Bier eingereicht haben. Auch wenn sie noch \u00fcber keinerlei Erfahrung mit dem Verkosten verf\u00fcgten. Ich selbst sa\u00df in der Gruppe f\u00fcr Weizenbock und erfreute mich an ein paar wirklich interessanten Bieren, aber auch von den Nachbartischen, die Helles und Fr\u00e4nkisches Kellerbier verkosteten, h\u00f6rte man viel Positives.<\/p>\n\n\n\n<figure class=\"wp-block-image size-large is-resized\"><img loading=\"lazy\" decoding=\"async\" src=\"https:\/\/blog.brunnenbraeu.eu\/wp-content\/uploads\/2021\/03\/Haus-und-Hobbybrauertage-2008-Mini-4.jpg\" alt=\"\" class=\"wp-image-35895\" width=\"839\" height=\"509\" srcset=\"https:\/\/blog.brunnenbraeu.eu\/wp-content\/uploads\/2021\/03\/Haus-und-Hobbybrauertage-2008-Mini-4.jpg 709w, https:\/\/blog.brunnenbraeu.eu\/wp-content\/uploads\/2021\/03\/Haus-und-Hobbybrauertage-2008-Mini-4-300x182.jpg 300w, https:\/\/blog.brunnenbraeu.eu\/wp-content\/uploads\/2021\/03\/Haus-und-Hobbybrauertage-2008-Mini-4-150x91.jpg 150w\" sizes=\"auto, (max-width: 839px) 100vw, 839px\" \/><\/figure>\n\n\n\n<p class=\"has-text-align-center\" style=\"font-size:12px\"><strong>Vorverkostung<\/strong><\/p>\n\n\n\n<p>Mit anderthalb Stunden \u201eVersp\u00e4tung\u201c brachen nun auch wir Verkoster zu unserer Bustour auf. Zun\u00e4chst ging es zur M\u00e4lzerei <a href=\"https:\/\/web2.cylex.de\/firma-home\/klostermalz-wirth-gmbh-3079119.html\" target=\"_blank\" rel=\"noreferrer noopener\">Klostermalz Wirth GmbH<\/a> in Frauenaurach, wo wir mit viel Liebe zum Detail und mitrei\u00dfender Begeisterung in die Geheimnisse des M\u00e4lzens eingeweiht wurden und anschlie\u00dfend bei Brezeln und einem Fass Festbier von der <a href=\"https:\/\/vierbrau.de\/\" target=\"_blank\" rel=\"noreferrer noopener\">Vierbr\u00e4u<\/a> ausf\u00fchrlich fachsimpeln konnten.<\/p>\n\n\n\n<figure class=\"wp-block-image size-large is-resized\"><img loading=\"lazy\" decoding=\"async\" src=\"https:\/\/blog.brunnenbraeu.eu\/wp-content\/uploads\/2021\/03\/Haus-und-Hobbybrauertage-2008-Mini-5.jpg\" alt=\"\" class=\"wp-image-35896\" width=\"840\" height=\"530\" srcset=\"https:\/\/blog.brunnenbraeu.eu\/wp-content\/uploads\/2021\/03\/Haus-und-Hobbybrauertage-2008-Mini-5.jpg 709w, https:\/\/blog.brunnenbraeu.eu\/wp-content\/uploads\/2021\/03\/Haus-und-Hobbybrauertage-2008-Mini-5-300x189.jpg 300w, https:\/\/blog.brunnenbraeu.eu\/wp-content\/uploads\/2021\/03\/Haus-und-Hobbybrauertage-2008-Mini-5-150x95.jpg 150w\" sizes=\"auto, (max-width: 840px) 100vw, 840px\" \/><\/figure>\n\n\n\n<p class=\"has-text-align-center\" style=\"font-size:12px\"><strong>in der M\u00e4lzerei Klostermalz Wirth<\/strong><\/p>\n\n\n\n<p>Die n\u00e4chste Station war dann die <a rel=\"noreferrer noopener\" href=\"https:\/\/blog.brunnenbraeu.eu\/?p=34886\" target=\"_blank\">Steinbach Br\u00e4u<\/a> in Erlangen, ein kleiner Betrieb, der in seiner Fr\u00fchgeschichte als M\u00e4lzerei mit Brauerei betrieben worden war, dann aus betriebswirtschaftlichen Gr\u00fcnden Anfang des 20. Jahrhunderts auf die Brauerei verzichtete, im Jahr 1995 nach vielen Jahrzehnten als \u201eNur-M\u00e4lzerei\u201c aber doch wieder begann, das eigene Malz zu wesentlichen Teilen selbst zu verbrauen. Die jetzige, seit 13 Jahren bestehende Gasthausbrauerei mit 20-hl-Sudwerk braut ganzj\u00e4hrig ein Helles, das so genannte \u201eStorchenbier\u201c, und daneben in stetem Wechsel immer ein anderes Sonderbier \u2013 heute konnten wir das aus Whiskymalz gebraute und leicht rauchige \u201eScotty\u201c verkosten und hatten die einmalige Chance, vom jungen Weizenbock, der erst in drei Wochen in den Verkauf kommen soll, eine winzige Probe aus dem Lagertank zu zwickeln.<\/p>\n\n\n\n<figure class=\"wp-block-image size-large is-resized\"><img loading=\"lazy\" decoding=\"async\" src=\"https:\/\/blog.brunnenbraeu.eu\/wp-content\/uploads\/2021\/03\/Haus-und-Hobbybrauertage-2008-Mini-6.jpg\" alt=\"\" class=\"wp-image-35897\" width=\"842\" height=\"631\" srcset=\"https:\/\/blog.brunnenbraeu.eu\/wp-content\/uploads\/2021\/03\/Haus-und-Hobbybrauertage-2008-Mini-6.jpg 709w, https:\/\/blog.brunnenbraeu.eu\/wp-content\/uploads\/2021\/03\/Haus-und-Hobbybrauertage-2008-Mini-6-300x225.jpg 300w, https:\/\/blog.brunnenbraeu.eu\/wp-content\/uploads\/2021\/03\/Haus-und-Hobbybrauertage-2008-Mini-6-150x112.jpg 150w, https:\/\/blog.brunnenbraeu.eu\/wp-content\/uploads\/2021\/03\/Haus-und-Hobbybrauertage-2008-Mini-6-678x509.jpg 678w, https:\/\/blog.brunnenbraeu.eu\/wp-content\/uploads\/2021\/03\/Haus-und-Hobbybrauertage-2008-Mini-6-326x245.jpg 326w, https:\/\/blog.brunnenbraeu.eu\/wp-content\/uploads\/2021\/03\/Haus-und-Hobbybrauertage-2008-Mini-6-80x60.jpg 80w\" sizes=\"auto, (max-width: 842px) 100vw, 842px\" \/><\/figure>\n\n\n\n<p class=\"has-text-align-center\" style=\"font-size:12px\"><strong>Besuch in der Steinbach Br\u00e4u<\/strong><\/p>\n\n\n\n<p>Obwohl wir mit einer wirklich gro\u00dfen Gruppe hier eingefallen waren, klappte die Bewirtung mit den leckeren Bieren und dem genauso guten Essen absolut hervorragend, und der Juniorchef der Brauerei lie\u00df es sich nicht nehmen, uns auch noch durch das <a href=\"https:\/\/steinbach-braeu.de\/biermuseum\/\" target=\"_blank\" rel=\"noreferrer noopener\">Brauereimuseum<\/a> zu f\u00fchren. Ein toller Programmpunkt, aber leider mahnte uns der Terminkalender zum Aufbruch \u2013 schlie\u00dflich stand ja noch der zweite Teil der Verkostung auf dem Programm.<\/p>\n\n\n\n<p>Erneut setzten wir uns zur Verkostung zusammen, und im Unterschied zu heute fr\u00fch, wo jedes Bier intensiv diskutiert wurde, kam es nun darauf an, individuell und konzentriert die verschiedenen eingereichten Proben zu bewerten. Schweigen erf\u00fcllte den Raum. Diesmal in die Gruppe \u201eFr\u00e4nkisches Kellerbier\u201c eingeteilt, konnte ich feststellen, dass es doch einen breiten Ermessens- und Interpretationsspielraum f\u00fcr diese Biersorte gibt \u2013 es war interessant, zu sehen, zu riechen und zu schmecken, was es alles f\u00fcr hausgebraute Kellerbiere gibt.<\/p>\n\n\n\n<figure class=\"wp-block-image size-large is-resized\"><img loading=\"lazy\" decoding=\"async\" src=\"https:\/\/blog.brunnenbraeu.eu\/wp-content\/uploads\/2021\/03\/Haus-und-Hobbybrauertage-2008-Mini-7.jpg\" alt=\"\" class=\"wp-image-35898\" width=\"840\" height=\"534\" srcset=\"https:\/\/blog.brunnenbraeu.eu\/wp-content\/uploads\/2021\/03\/Haus-und-Hobbybrauertage-2008-Mini-7.jpg 709w, https:\/\/blog.brunnenbraeu.eu\/wp-content\/uploads\/2021\/03\/Haus-und-Hobbybrauertage-2008-Mini-7-300x191.jpg 300w, https:\/\/blog.brunnenbraeu.eu\/wp-content\/uploads\/2021\/03\/Haus-und-Hobbybrauertage-2008-Mini-7-150x95.jpg 150w\" sizes=\"auto, (max-width: 840px) 100vw, 840px\" \/><\/figure>\n\n\n\n<p class=\"has-text-align-center\" style=\"font-size:12px\"><strong>Verkostung<\/strong><\/p>\n\n\n\n<p>Nach der Verkostung war Pause angesagt \u2013 und sie war auch dringend n\u00f6tig, bevor um halb acht der Hausbrauerabend begann. Ein gewaltiges kalt-warmes B\u00fcffet war vom <a href=\"http:\/\/www.zametzer.de\/\" target=\"_blank\" rel=\"noreferrer noopener\">Gasthof Zametzer<\/a> aufgebaut worden, dazu floss Selbstgebrautes in Str\u00f6men. Die Siegerehrung der Verkostung geriet denn auch zu einer feucht-fr\u00f6hlichen Feier, und sch\u00f6n war es, zu sehen, wie alte VHD-Hasen wie Thomas Lill sich genauso wie gerade erst in den Verein eingetretene Neumitglieder wie Rolf Benkel \u00fcber den Sieg in ihrer Kategorie freuen konnten.<\/p>\n\n\n\n<figure class=\"wp-block-image size-large is-resized\"><img loading=\"lazy\" decoding=\"async\" src=\"https:\/\/blog.brunnenbraeu.eu\/wp-content\/uploads\/2021\/03\/Haus-und-Hobbybrauertage-2008-Mini-8.jpg\" alt=\"\" class=\"wp-image-35900\" width=\"841\" height=\"573\" srcset=\"https:\/\/blog.brunnenbraeu.eu\/wp-content\/uploads\/2021\/03\/Haus-und-Hobbybrauertage-2008-Mini-8.jpg 709w, https:\/\/blog.brunnenbraeu.eu\/wp-content\/uploads\/2021\/03\/Haus-und-Hobbybrauertage-2008-Mini-8-300x204.jpg 300w, https:\/\/blog.brunnenbraeu.eu\/wp-content\/uploads\/2021\/03\/Haus-und-Hobbybrauertage-2008-Mini-8-150x102.jpg 150w\" sizes=\"auto, (max-width: 841px) 100vw, 841px\" \/><\/figure>\n\n\n\n<p class=\"has-text-align-center\" style=\"font-size:12px\"><strong>Hausbrauerabend<\/strong><\/p>\n\n\n\n<p>Bis sp\u00e4t in den Abend hinein dauerte die Feier, aber trotzdem waren am Sonntag morgen alle wieder fit, als uns in einer Reihe interessanter Vortr\u00e4ge die fr\u00e4nkische Braukultur n\u00e4her gebracht wurde. Die Geschichte des Kommunbrauwesens in Franken und Th\u00fcringen, die Entwicklung des Brauwesens in Erlangen sowie die Erfahrungen mit dem Kauf und der Renovierung des fast verfallenen <a href=\"https:\/\/blog.brunnenbraeu.eu\/?p=16696\" target=\"_blank\" rel=\"noreferrer noopener\">Kommunbrauhauses in Junkersdorf<\/a> waren die Hauptthemen, und bei sch\u00f6nen Bilderserien, lebendigen Schilderungen und lebhaften Diskussionen verging die Zeit wie im Flug.<\/p>\n\n\n\n<figure class=\"wp-block-image size-large is-resized\"><img loading=\"lazy\" decoding=\"async\" src=\"https:\/\/blog.brunnenbraeu.eu\/wp-content\/uploads\/2021\/03\/Haus-und-Hobbybrauertage-2008-Mini-9.jpg\" alt=\"\" class=\"wp-image-35902\" width=\"842\" height=\"492\" srcset=\"https:\/\/blog.brunnenbraeu.eu\/wp-content\/uploads\/2021\/03\/Haus-und-Hobbybrauertage-2008-Mini-9.jpg 727w, https:\/\/blog.brunnenbraeu.eu\/wp-content\/uploads\/2021\/03\/Haus-und-Hobbybrauertage-2008-Mini-9-300x175.jpg 300w, https:\/\/blog.brunnenbraeu.eu\/wp-content\/uploads\/2021\/03\/Haus-und-Hobbybrauertage-2008-Mini-9-150x88.jpg 150w\" sizes=\"auto, (max-width: 842px) 100vw, 842px\" \/><\/figure>\n\n\n\n<p class=\"has-text-align-center\" style=\"font-size:12px\"><strong>Vortragsrunde am Sonntagvormittag<\/strong><\/p>\n\n\n\n<p>12:00 Uhr mittags, und das Ende der Haus- und Hobbybrauertage 2008 wurde eingel\u00e4utet. Petrus hatte doch ein Einsehen gehabt und auf die Wettervorhersage gepfiffen. Abgesehen von einem winzig kleinen Schauer war das Wetter hervorragend gewesen, und so war das Fazit einfach:<\/p>\n\n\n\n<p>Es war mal wieder eine tolle Veranstaltung, hervorragend organisiert vom <a href=\"http:\/\/www.braukultur-franken.de\/\" target=\"_blank\" rel=\"noreferrer noopener\">VFFB<\/a>, mit einem interessanten und nahrhaften Programm. Und es war wohl niemand heute Mittag dabei, der sich nicht schon auf <a href=\"https:\/\/blog.brunnenbraeu.eu\/?p=33767\" target=\"_blank\" rel=\"noreferrer noopener\">die n\u00e4chsten HHBT<\/a> freute \u2013 also: Auf Wiedersehen <a href=\"https:\/\/blog.brunnenbraeu.eu\/?p=33767\" target=\"_blank\" rel=\"noreferrer noopener\">2009 in Bamberg<\/a>!<\/p>\n\n\n\n<p class=\"has-text-align-center\"><a href=\"https:\/\/vquante.jalbum.net\/Alben4\/hhbt2008\/\" target=\"_blank\" rel=\"noreferrer noopener\">Bilder<\/a><\/p>\n","protected":false},"excerpt":{"rendered":"<div class=\"mh-excerpt\"><p>Die Haus- und Hobbybrauertage im FrankenlandoderPetrus hatte ein Einsehen Mit gro\u00dfem Aufwand hatte der Verein zur F\u00f6rderung der Fr\u00e4nkischen Braukultur e.V. (VFFB), allen voran die Hausbrauer vom Vierbr\u00e4u und aus Junkersdorf, in diesem Jahr die Haus- und Hobbybrauertage (HHBT) vorbereitet, und dann drohte die Wettervorhersage mit Dauerregen in Franken \u2026 <a class=\"mh-excerpt-more\" href=\"https:\/\/blog.brunnenbraeu.eu\/?p=35883\" title=\"Haus- und Hobbybrauertage 2008Langensendelbach\">[&#8230;]<\/a><\/p>\n<\/div>","protected":false},"author":1,"featured_media":35906,"comment_status":"open","ping_status":"open","sticky":false,"template":"","format":"standard","meta":{"footnotes":""},"categories":[2,72,88],"tags":[],"class_list":{"0":"post-35883","1":"post","2":"type-post","3":"status-publish","4":"format-standard","5":"has-post-thumbnail","7":"category-bier-erleben","8":"category-haus-und-hobbybrauertage","9":"category-hausbrauertreffen"},"_links":{"self":[{"href":"https:\/\/blog.brunnenbraeu.eu\/index.php?rest_route=\/wp\/v2\/posts\/35883","targetHints":{"allow":["GET"]}}],"collection":[{"href":"https:\/\/blog.brunnenbraeu.eu\/index.php?rest_route=\/wp\/v2\/posts"}],"about":[{"href":"https:\/\/blog.brunnenbraeu.eu\/index.php?rest_route=\/wp\/v2\/types\/post"}],"author":[{"embeddable":true,"href":"https:\/\/blog.brunnenbraeu.eu\/index.php?rest_route=\/wp\/v2\/users\/1"}],"replies":[{"embeddable":true,"href":"https:\/\/blog.brunnenbraeu.eu\/index.php?rest_route=%2Fwp%2Fv2%2Fcomments&post=35883"}],"version-history":[{"count":2,"href":"https:\/\/blog.brunnenbraeu.eu\/index.php?rest_route=\/wp\/v2\/posts\/35883\/revisions"}],"predecessor-version":[{"id":41473,"href":"https:\/\/blog.brunnenbraeu.eu\/index.php?rest_route=\/wp\/v2\/posts\/35883\/revisions\/41473"}],"wp:featuredmedia":[{"embeddable":true,"href":"https:\/\/blog.brunnenbraeu.eu\/index.php?rest_route=\/wp\/v2\/media\/35906"}],"wp:attachment":[{"href":"https:\/\/blog.brunnenbraeu.eu\/index.php?rest_route=%2Fwp%2Fv2%2Fmedia&parent=35883"}],"wp:term":[{"taxonomy":"category","embeddable":true,"href":"https:\/\/blog.brunnenbraeu.eu\/index.php?rest_route=%2Fwp%2Fv2%2Fcategories&post=35883"},{"taxonomy":"post_tag","embeddable":true,"href":"https:\/\/blog.brunnenbraeu.eu\/index.php?rest_route=%2Fwp%2Fv2%2Ftags&post=35883"}],"curies":[{"name":"wp","href":"https:\/\/api.w.org\/{rel}","templated":true}]}}