{"id":36592,"date":"2008-10-19T23:52:00","date_gmt":"2008-10-19T21:52:00","guid":{"rendered":"https:\/\/blog.brunnenbraeu.eu\/?p=36592"},"modified":"2022-08-28T14:02:28","modified_gmt":"2022-08-28T12:02:28","slug":"schaubrauen-auf-dem-kornmarktlimburgdeu","status":"publish","type":"post","link":"https:\/\/blog.brunnenbraeu.eu\/?p=36592","title":{"rendered":"Schaubrauen auf dem Kornmarkt<br \/>Limburg<br \/>DEU"},"content":{"rendered":"\n<p>Bereits 1766 gab es in Limburg sage und schreibe 39 Wein- und Gastwirtschaften, darunter auch einige Hausbrauereien, die ihr verkauftes Bier selbst herstellten. War dies damals der Notwendigkeit geschuldet, den Reisenden zwischen Frankfurt und K\u00f6ln Kost und Logis sowie Erholung von den Strapazen einer Reise bieten zu k\u00f6nnen, so hat sich bis heute nat\u00fcrlich an der wirtschaftlichen Struktur der Stadt vieles ge\u00e4ndert.<\/p>\n\n\n\n<p>Zahlreiche Wirtsh\u00e4user und Weinstuben gibt es allerdings auch heute noch \u2013 nur, wo sind die Hausbrauereien geblieben? Sie sind verschwunden, und so lag es nur nahe, dass wir <a href=\"http:\/\/www.muehlenbraeu.de\/hnl\/index2.html\" target=\"_blank\" rel=\"noreferrer noopener\">Hausbrauer Nassauer Land<\/a> am 19. Oktober 2008 die Gelegenheit des Limburger Oktoberfestes (mit verkaufsoffenem Sonntag) nutzten, ein Schaubrauen zu veranstalten und unser Hobby, beziehungsweise dieses uralte Handwerk der interessierten Bev\u00f6lkerung wieder neu zu pr\u00e4sentieren.<\/p>\n\n\n\n<figure class=\"wp-block-image size-large is-resized\"><img loading=\"lazy\" decoding=\"async\" src=\"https:\/\/blog.brunnenbraeu.eu\/wp-content\/uploads\/2021\/05\/Schaubrauen-auf-dem-Kornmarkt-Mini-1.jpg\" alt=\"\" class=\"wp-image-36618\" width=\"839\" height=\"580\" srcset=\"https:\/\/blog.brunnenbraeu.eu\/wp-content\/uploads\/2021\/05\/Schaubrauen-auf-dem-Kornmarkt-Mini-1.jpg 709w, https:\/\/blog.brunnenbraeu.eu\/wp-content\/uploads\/2021\/05\/Schaubrauen-auf-dem-Kornmarkt-Mini-1-300x207.jpg 300w, https:\/\/blog.brunnenbraeu.eu\/wp-content\/uploads\/2021\/05\/Schaubrauen-auf-dem-Kornmarkt-Mini-1-150x104.jpg 150w\" sizes=\"auto, (max-width: 839px) 100vw, 839px\" \/><\/figure>\n\n\n\n<p class=\"has-text-align-center\" style=\"font-size:12px\"><strong>aufw\u00e4ndige Vorbereitungen<\/strong><\/p>\n\n\n\n<p>Zwar gab es zun\u00e4chst ein paar kleinere Anlaufschwierigkeiten, da der Kornmarkt, auf dem wir unseren Stand aufbauen sollten, restlos zugeparkt war, aber mit ein wenig Geschick fanden wir doch noch eine L\u00fccke f\u00fcr unseren Braukessel und unser Zelt. Und auch der Apfelkelterer und der Blumenh\u00e4ndler kamen irgendwie noch unter.<\/p>\n\n\n\n<p>Der Morgennebel, der uns an diesem k\u00fchlen Oktobermorgen empfangen hatte, lichtete sich rasch, und genauso rasch hatten wir unseren Stand aufgebaut und den Braukessel angefeuert. Und mit zunehmendem Sonnenschein kamen auch zunehmend mehr interessierte Besucher. Bis Mittag hatte sich eine dicke Traube an G\u00e4sten um unseren Stand gebildet, und bis zum fr\u00fchen Abend sollte sich daran nichts mehr \u00e4ndern.<\/p>\n\n\n\n<figure class=\"wp-block-image size-large is-resized\"><img loading=\"lazy\" decoding=\"async\" src=\"https:\/\/blog.brunnenbraeu.eu\/wp-content\/uploads\/2021\/05\/Schaubrauen-auf-dem-Kornmarkt-Mini-2.jpg\" alt=\"\" class=\"wp-image-36619\" width=\"839\" height=\"519\" srcset=\"https:\/\/blog.brunnenbraeu.eu\/wp-content\/uploads\/2021\/05\/Schaubrauen-auf-dem-Kornmarkt-Mini-2.jpg 709w, https:\/\/blog.brunnenbraeu.eu\/wp-content\/uploads\/2021\/05\/Schaubrauen-auf-dem-Kornmarkt-Mini-2-300x186.jpg 300w, https:\/\/blog.brunnenbraeu.eu\/wp-content\/uploads\/2021\/05\/Schaubrauen-auf-dem-Kornmarkt-Mini-2-150x93.jpg 150w\" sizes=\"auto, (max-width: 839px) 100vw, 839px\" \/><\/figure>\n\n\n\n<p class=\"has-text-align-center\" style=\"font-size:12px\"><strong>Blick in den Braukessel<\/strong><\/p>\n\n\n\n<p>Thomas W\u00fcst, Thomas M\u00f6hlhenrich und Andreas Schwickert k\u00fcmmerten sich flei\u00dfig um den Sud, Dirk Wagner organisierte umtriebig alles, was nebenbei zu erledigen war und versorgte uns mit einem steten Strom selbstgebrauten Bieres, das wir aus zoll- und steuerrechtlichen Gr\u00fcnden leider nicht verkaufen durften. Und ich selber stellte mich den ununterbrochen auf mich hereinprasselnden Fragen der Besucher.<\/p>\n\n\n\n<p>Bereits am fr\u00fchen Nachmittag hatten wir unser vorbereitetes Informationsmaterial verteilt, hatten gef\u00fchlte tausend Fragen beantwortet und sp\u00fcrten erste Ersch\u00f6pfungssymptome. Erheblichen Auftrieb gab uns aber der feierliche Moment der Hopfengabe \u2013 durchgef\u00fchrt von einer spontan gek\u00fcrten, aparten Limburger Hopfenk\u00f6nigin.<\/p>\n\n\n\n<figure class=\"wp-block-image size-large is-resized\"><img loading=\"lazy\" decoding=\"async\" src=\"https:\/\/blog.brunnenbraeu.eu\/wp-content\/uploads\/2021\/05\/Schaubrauen-auf-dem-Kornmarkt-Mini-4.jpg\" alt=\"\" class=\"wp-image-36621\" width=\"843\" height=\"730\" srcset=\"https:\/\/blog.brunnenbraeu.eu\/wp-content\/uploads\/2021\/05\/Schaubrauen-auf-dem-Kornmarkt-Mini-4.jpg 709w, https:\/\/blog.brunnenbraeu.eu\/wp-content\/uploads\/2021\/05\/Schaubrauen-auf-dem-Kornmarkt-Mini-4-300x260.jpg 300w, https:\/\/blog.brunnenbraeu.eu\/wp-content\/uploads\/2021\/05\/Schaubrauen-auf-dem-Kornmarkt-Mini-4-150x130.jpg 150w\" sizes=\"auto, (max-width: 843px) 100vw, 843px\" \/><\/figure>\n\n\n\n<p class=\"has-text-align-center\" style=\"font-size:12px\"><strong>feierliche Hopfengabe<\/strong><\/p>\n\n\n\n<p>Dergestalt zum Weitermachen motiviert, hielten wir bis zum fr\u00fchen Abend tapfer durch, und es war ein perfektes Timing, als zeitgleich mit dem Sonnenuntergang und dem Ende des verkaufsoffenen Sonntags der Besucherstrom abschwoll und der Sud heruntergek\u00fchlt war.<\/p>\n\n\n\n<figure class=\"wp-block-image size-large is-resized\"><img loading=\"lazy\" decoding=\"async\" src=\"https:\/\/blog.brunnenbraeu.eu\/wp-content\/uploads\/2021\/05\/Schaubrauen-auf-dem-Kornmarkt-Mini-3.jpg\" alt=\"\" class=\"wp-image-36620\" width=\"841\" height=\"490\" srcset=\"https:\/\/blog.brunnenbraeu.eu\/wp-content\/uploads\/2021\/05\/Schaubrauen-auf-dem-Kornmarkt-Mini-3.jpg 730w, https:\/\/blog.brunnenbraeu.eu\/wp-content\/uploads\/2021\/05\/Schaubrauen-auf-dem-Kornmarkt-Mini-3-300x175.jpg 300w, https:\/\/blog.brunnenbraeu.eu\/wp-content\/uploads\/2021\/05\/Schaubrauen-auf-dem-Kornmarkt-Mini-3-150x87.jpg 150w\" sizes=\"auto, (max-width: 841px) 100vw, 841px\" \/><\/figure>\n\n\n\n<p class=\"has-text-align-center\" style=\"font-size:12px\"><strong>der Stand der Hausbrauer Nassauer Land<\/strong><\/p>\n\n\n\n<p>Ein kurzes und schnelles Fazit, bevor wir uns wieder in alle Himmelsrichtungen zerstreuten: Eine hervorragende Veranstaltung mit dem \u2013 f\u00fcr mich pers\u00f6nlich \u2013 bisher gr\u00f6\u00dften Besucherinteresse. Trotz leichter organisatorischer Schwierigkeiten und recht zaghafter Unterst\u00fctzung durch die Stadt Limburg.<\/p>\n\n\n\n<p class=\"has-text-align-center\"><a href=\"https:\/\/vquante.jalbum.net\/Alben4\/Schau0810\/\" target=\"_blank\" rel=\"noreferrer noopener\">Bilder<\/a><\/p>\n","protected":false},"excerpt":{"rendered":"<div class=\"mh-excerpt\"><p>Bereits 1766 gab es in Limburg sage und schreibe 39 Wein- und Gastwirtschaften, darunter auch einige Hausbrauereien, die ihr verkauftes Bier selbst herstellten. War dies damals der Notwendigkeit geschuldet, den Reisenden zwischen Frankfurt und K\u00f6ln Kost und Logis sowie Erholung von den Strapazen einer Reise bieten zu k\u00f6nnen, so hat <a class=\"mh-excerpt-more\" href=\"https:\/\/blog.brunnenbraeu.eu\/?p=36592\" title=\"Schaubrauen auf dem KornmarktLimburgDEU\">[&#8230;]<\/a><\/p>\n<\/div>","protected":false},"author":1,"featured_media":36619,"comment_status":"open","ping_status":"open","sticky":false,"template":"","format":"standard","meta":{"footnotes":""},"categories":[2,44],"tags":[],"class_list":{"0":"post-36592","1":"post","2":"type-post","3":"status-publish","4":"format-standard","5":"has-post-thumbnail","7":"category-bier-erleben","8":"category-schaubrauen"},"_links":{"self":[{"href":"https:\/\/blog.brunnenbraeu.eu\/index.php?rest_route=\/wp\/v2\/posts\/36592","targetHints":{"allow":["GET"]}}],"collection":[{"href":"https:\/\/blog.brunnenbraeu.eu\/index.php?rest_route=\/wp\/v2\/posts"}],"about":[{"href":"https:\/\/blog.brunnenbraeu.eu\/index.php?rest_route=\/wp\/v2\/types\/post"}],"author":[{"embeddable":true,"href":"https:\/\/blog.brunnenbraeu.eu\/index.php?rest_route=\/wp\/v2\/users\/1"}],"replies":[{"embeddable":true,"href":"https:\/\/blog.brunnenbraeu.eu\/index.php?rest_route=%2Fwp%2Fv2%2Fcomments&post=36592"}],"version-history":[{"count":2,"href":"https:\/\/blog.brunnenbraeu.eu\/index.php?rest_route=\/wp\/v2\/posts\/36592\/revisions"}],"predecessor-version":[{"id":41507,"href":"https:\/\/blog.brunnenbraeu.eu\/index.php?rest_route=\/wp\/v2\/posts\/36592\/revisions\/41507"}],"wp:featuredmedia":[{"embeddable":true,"href":"https:\/\/blog.brunnenbraeu.eu\/index.php?rest_route=\/wp\/v2\/media\/36619"}],"wp:attachment":[{"href":"https:\/\/blog.brunnenbraeu.eu\/index.php?rest_route=%2Fwp%2Fv2%2Fmedia&parent=36592"}],"wp:term":[{"taxonomy":"category","embeddable":true,"href":"https:\/\/blog.brunnenbraeu.eu\/index.php?rest_route=%2Fwp%2Fv2%2Fcategories&post=36592"},{"taxonomy":"post_tag","embeddable":true,"href":"https:\/\/blog.brunnenbraeu.eu\/index.php?rest_route=%2Fwp%2Fv2%2Ftags&post=36592"}],"curies":[{"name":"wp","href":"https:\/\/api.w.org\/{rel}","templated":true}]}}