{"id":38054,"date":"2021-10-15T23:00:00","date_gmt":"2021-10-15T21:00:00","guid":{"rendered":"https:\/\/blog.brunnenbraeu.eu\/?p=38054"},"modified":"2022-01-04T17:13:36","modified_gmt":"2022-01-04T16:13:36","slug":"das-perfekte-bierfestivalleseprobe","status":"publish","type":"post","link":"https:\/\/blog.brunnenbraeu.eu\/?p=38054","title":{"rendered":"Das perfekte Bierfestival<br \/>(Leseprobe)"},"content":{"rendered":"\n<p class=\"has-text-align-right\"><em>Reklame?*<\/em><\/p>\n\n\n\n<p>Bierfestivals? Nach anderthalb Jahren coronabedingter Enthaltsamkeit klingt dieser Begriff fast wie ein Fremdwort. Gro\u00dfe Menschenmassen, eng zusammengezw\u00e4ngt in schlecht bel\u00fcfteten Hallen, eine riesige Bierauswahl, ausgelassene Stimmung? Ach, das scheint so fern zu sein.<\/p>\n\n\n\n<p>Aber die ersten Festivals beginnen wieder. Vorsichtig tasten wir uns an eine neue Normalit\u00e4t heran. Wird es wohl wieder so werden, wie es mal war?<\/p>\n\n\n\n<p>Wer wei\u00df?<\/p>\n\n\n\n<p>Aber auch schon vor Corona gab es einen gewissen Wandel. Gro\u00dfe Festivals, bei denen manchmal das Volumentrinken wichtiger war als die Vielfalt im Genuss, verschwanden, andere \u00e4nderten ihren Charakter.<\/p>\n\n\n\n<p>Verschwunden ist beispielsweise die <a href=\"https:\/\/blog.brunnenbraeu.eu\/?p=39203\" target=\"_blank\" rel=\"noreferrer noopener\">Berliner Biermeile<\/a>. Ihr Verschwinden hat mich zu einem Text im Bier-Brevier <a rel=\"noreferrer noopener\" href=\"https:\/\/blog.brunnenbraeu.eu\/?p=33113\" target=\"_blank\">Unser t\u00e4glich Bier gib uns heute<\/a> inspiriert, in diesem wunderbaren Buch, in dem Ihr f\u00fcr jeden Tag des Jahres einen neuen Text, ein Gedicht, einen Aphorismus, eine Parabel oder eine Persiflage zum Thema Bier findet.<\/p>\n\n\n\n<p>Hier ist er, der Text vom 15. Oktober:<\/p>\n\n\n\n<figure class=\"wp-block-image size-large\"><img loading=\"lazy\" decoding=\"async\" width=\"1024\" height=\"768\" src=\"https:\/\/blog.brunnenbraeu.eu\/wp-content\/uploads\/2021\/10\/Das-perfekte-Bierfestival-1024x768.jpg\" alt=\"\" class=\"wp-image-38055\" srcset=\"https:\/\/blog.brunnenbraeu.eu\/wp-content\/uploads\/2021\/10\/Das-perfekte-Bierfestival-1024x768.jpg 1024w, https:\/\/blog.brunnenbraeu.eu\/wp-content\/uploads\/2021\/10\/Das-perfekte-Bierfestival-300x225.jpg 300w, https:\/\/blog.brunnenbraeu.eu\/wp-content\/uploads\/2021\/10\/Das-perfekte-Bierfestival-150x112.jpg 150w, https:\/\/blog.brunnenbraeu.eu\/wp-content\/uploads\/2021\/10\/Das-perfekte-Bierfestival-768x576.jpg 768w, https:\/\/blog.brunnenbraeu.eu\/wp-content\/uploads\/2021\/10\/Das-perfekte-Bierfestival-678x509.jpg 678w, https:\/\/blog.brunnenbraeu.eu\/wp-content\/uploads\/2021\/10\/Das-perfekte-Bierfestival-326x245.jpg 326w, https:\/\/blog.brunnenbraeu.eu\/wp-content\/uploads\/2021\/10\/Das-perfekte-Bierfestival-80x60.jpg 80w, https:\/\/blog.brunnenbraeu.eu\/wp-content\/uploads\/2021\/10\/Das-perfekte-Bierfestival.jpg 1063w\" sizes=\"auto, (max-width: 1024px) 100vw, 1024px\" \/><\/figure>\n\n\n\n<p class=\"has-text-align-center\" style=\"font-size:12px\"><strong>unser t\u00e4glich Bier gib uns heute<\/strong><\/p>\n\n\n\n<hr class=\"wp-block-separator\"\/>\n\n\n\n<p><strong>Das perfekte Bierfestival<\/strong><\/p>\n\n\n\n<p>A: \u201eHast Du schon geh\u00f6rt? Die Berliner Biermeile wird abgesagt. Zu viele Auflagen, zu hohe Kosten!\u201c<\/p>\n\n\n\n<p class=\"has-black-color has-text-color\">B: \u201eNaja, das war doch eher eine Saufmeile als ein Bierfestival.\u201c<\/p>\n\n\n\n<p>A: \u201eAber mit hunderten von verschiedenen Bieren und \u2018zig Brauereien!\u201c<\/p>\n\n\n\n<p>B: \u201eUnd mit tausenden, wenn nicht zehntausenden Volumentrinkern statt Biergenie\u00dfern!\u201c<\/p>\n\n\n\n<p>A: \u201eNa dann sag\u2018 doch mal, wie ein Bierfestival aussehen soll.\u201c<\/p>\n\n\n\n<p>B: \u201eNa, viele, viele verschiedene Brauereien mit vielen verschiedenen Bieren. Aber m\u00f6glichst wenig G\u00e4ste, damit man auch Zeit hat, sich mit den Brauern zu unterhalten.\u201c<\/p>\n\n\n\n<p>A: \u201eDas rechnet sich dann aber nicht. Die Brauer oder Barleute brauchen Umsatz, keine G\u00e4ste, die bei 100 ml Bier anderthalb Stunden schw\u00e4tzen.\u201c<\/p>\n\n\n\n<p>B: \u201eUmsatz allein ist es nicht. Den hatte die Biermeile. Und rechnete sich trotzdem nicht.\u201c<\/p>\n\n\n\n<p>A: \u201eNaja, bei all den Auflagen.\u201c<\/p>\n\n\n\n<p>B: \u201eAuflagen wie den zerst\u00f6rten Rasen herzurichten, die verkotzten Gehsteige zu s\u00e4ubern, die G\u00e4ste vor besoffenen Randalierern zu sch\u00fctzen?\u201c<\/p>\n\n\n\n<p>A: \u201eAber auch Auflagen wie B\u00fcrgersteignutzungsgeb\u00fchren, Halteverbotszonen und Standanmeldungen.\u201c<\/p>\n\n\n\n<p>B: \u201eGerechtfertigte Auflagen und B\u00fcrokratie. Beides zusammen wird zu viel.\u201c<\/p>\n\n\n\n<p>A: \u201eVielleicht. Also doch lieber ein kleines, beschauliches Fest?\u201c<\/p>\n\n\n\n<p>B: \u201eSiehst Du, sehe ich auch so. Zum Beispiel ganz klein und exklusiv. Nur Du und ich, wir beide. Komm\u2018, ich lad Dich ein. Im hab im K\u00fchlschrank noch drei\u00dfig, vierzig verschiedene spannende Biere.\u201c<\/p>\n\n\n\n<p>A: \u201eDas wird das perfekte Bierfestival. Klein und so exklusiv, dass noch keiner dar\u00fcber berichtet hat.\u201c<\/p>\n\n\n\n<p>B: \u201eSag\u2018 ich doch. Prost!\u201c<\/p>\n\n\n\n<p>A: \u201eProst!\u201c<\/p>\n\n\n\n<p><strong>Das perfekte Bierfestival<\/strong><\/p>\n\n\n\n<hr class=\"wp-block-separator\"\/>\n\n\n\n<figure class=\"wp-block-image size-full\"><img loading=\"lazy\" decoding=\"async\" width=\"709\" height=\"996\" src=\"https:\/\/blog.brunnenbraeu.eu\/wp-content\/uploads\/2021\/04\/Prag-1.jpg\" alt=\"\" class=\"wp-image-36548\" srcset=\"https:\/\/blog.brunnenbraeu.eu\/wp-content\/uploads\/2021\/04\/Prag-1.jpg 709w, https:\/\/blog.brunnenbraeu.eu\/wp-content\/uploads\/2021\/04\/Prag-1-214x300.jpg 214w, https:\/\/blog.brunnenbraeu.eu\/wp-content\/uploads\/2021\/04\/Prag-1-107x150.jpg 107w\" sizes=\"auto, (max-width: 709px) 100vw, 709px\" \/><\/figure>\n\n\n\n<p class=\"has-text-align-center\" style=\"font-size:12px\"><strong>unser t\u00e4glich Bier gib uns heute<\/strong><\/p>\n\n\n\n<p>Mehr \u00fcber dieses wunderbare Buch, aus dem dieser Text stammt, <a href=\"https:\/\/blog.brunnenbraeu.eu\/?p=33113\" target=\"_blank\" rel=\"noreferrer noopener\">hier<\/a> und unter den Hashtags <a href=\"https:\/\/www.instagram.com\/explore\/tags\/bierbrevier\/\" target=\"_blank\" rel=\"noreferrer noopener\">#bierbrevier<\/a> und <a href=\"https:\/\/www.instagram.com\/explore\/tags\/unsertaeglichbiergibunsheute\/\" target=\"_blank\" rel=\"noreferrer noopener\">#unsertaeglichbiergibunsheute<\/a> in den Social Media.<\/p>\n\n\n\n<p class=\"has-text-align-center\">E.I. und Freunde: Unser t\u00e4glich Bier gib uns heute<br>tredition GmbH<br>Hamburg, 2020<br>ISBN Paperback: 978-3-347-13125-5<br>ISBN Hardcover: 978-3-347-13126-2<br>ISBN E-Book: 978-3-347-13127-9<\/p>\n\n\n\n<p>* Reklame? Es gibt immer wieder Diskussionen, ob die Rezension von B\u00fcchern Reklame sei. Im Zweifelsfall sollte ein Blogbeitrag daher entsprechend gekennzeichnet werden. Nun, in diesem Fall ist die Frage leicht zu beantworten:<\/p>\n\n\n\n<p>Reklame? Ja!<\/p>\n","protected":false},"excerpt":{"rendered":"<div class=\"mh-excerpt\"><p>Reklame?* Bierfestivals? Nach anderthalb Jahren coronabedingter Enthaltsamkeit klingt dieser Begriff fast wie ein Fremdwort. Gro\u00dfe Menschenmassen, eng zusammengezw\u00e4ngt in schlecht bel\u00fcfteten Hallen, eine riesige Bierauswahl, ausgelassene Stimmung? Ach, das scheint so fern zu sein. Aber die ersten Festivals beginnen wieder. Vorsichtig tasten wir uns an eine neue Normalit\u00e4t heran. Wird <a class=\"mh-excerpt-more\" href=\"https:\/\/blog.brunnenbraeu.eu\/?p=38054\" title=\"Das perfekte Bierfestival(Leseprobe)\">[&#8230;]<\/a><\/p>\n<\/div>","protected":false},"author":1,"featured_media":38055,"comment_status":"open","ping_status":"open","sticky":false,"template":"","format":"standard","meta":{"footnotes":""},"categories":[61,4,60,24],"tags":[],"class_list":{"0":"post-38054","1":"post","2":"type-post","3":"status-publish","4":"format-standard","5":"has-post-thumbnail","7":"category-buecher","8":"category-meinungen-und-gastbeitraege","9":"category-rezensionen","10":"category-volker-r-quante"},"_links":{"self":[{"href":"https:\/\/blog.brunnenbraeu.eu\/index.php?rest_route=\/wp\/v2\/posts\/38054","targetHints":{"allow":["GET"]}}],"collection":[{"href":"https:\/\/blog.brunnenbraeu.eu\/index.php?rest_route=\/wp\/v2\/posts"}],"about":[{"href":"https:\/\/blog.brunnenbraeu.eu\/index.php?rest_route=\/wp\/v2\/types\/post"}],"author":[{"embeddable":true,"href":"https:\/\/blog.brunnenbraeu.eu\/index.php?rest_route=\/wp\/v2\/users\/1"}],"replies":[{"embeddable":true,"href":"https:\/\/blog.brunnenbraeu.eu\/index.php?rest_route=%2Fwp%2Fv2%2Fcomments&post=38054"}],"version-history":[{"count":3,"href":"https:\/\/blog.brunnenbraeu.eu\/index.php?rest_route=\/wp\/v2\/posts\/38054\/revisions"}],"predecessor-version":[{"id":39254,"href":"https:\/\/blog.brunnenbraeu.eu\/index.php?rest_route=\/wp\/v2\/posts\/38054\/revisions\/39254"}],"wp:featuredmedia":[{"embeddable":true,"href":"https:\/\/blog.brunnenbraeu.eu\/index.php?rest_route=\/wp\/v2\/media\/38055"}],"wp:attachment":[{"href":"https:\/\/blog.brunnenbraeu.eu\/index.php?rest_route=%2Fwp%2Fv2%2Fmedia&parent=38054"}],"wp:term":[{"taxonomy":"category","embeddable":true,"href":"https:\/\/blog.brunnenbraeu.eu\/index.php?rest_route=%2Fwp%2Fv2%2Fcategories&post=38054"},{"taxonomy":"post_tag","embeddable":true,"href":"https:\/\/blog.brunnenbraeu.eu\/index.php?rest_route=%2Fwp%2Fv2%2Ftags&post=38054"}],"curies":[{"name":"wp","href":"https:\/\/api.w.org\/{rel}","templated":true}]}}