{"id":39203,"date":"2010-08-08T23:02:00","date_gmt":"2010-08-08T21:02:00","guid":{"rendered":"https:\/\/blog.brunnenbraeu.eu\/?p=39203"},"modified":"2025-04-17T17:29:31","modified_gmt":"2025-04-17T15:29:31","slug":"14-internationales-bierfestival-berlinberliner-biermeileberlindeu","status":"publish","type":"post","link":"https:\/\/blog.brunnenbraeu.eu\/?p=39203","title":{"rendered":"14. Internationales Bierfestival Berlin<br \/>\u201eBerliner Biermeile\u201c<br \/>Berlin<br \/>DEU"},"content":{"rendered":"\n<p><strong>Die Berliner Biermeile 2010 von A bis Z<\/strong><\/p>\n\n\n\n<div style=\"height:100px\" aria-hidden=\"true\" class=\"wp-block-spacer\"><\/div>\n\n\n\n<figure class=\"wp-block-image size-large\"><img loading=\"lazy\" decoding=\"async\" width=\"1024\" height=\"251\" src=\"https:\/\/blog.brunnenbraeu.eu\/wp-content\/uploads\/2022\/01\/14.-Internationales-Bierfestival-Berlin-Mini-6-1024x251.jpg\" alt=\"\" class=\"wp-image-39217\" srcset=\"https:\/\/blog.brunnenbraeu.eu\/wp-content\/uploads\/2022\/01\/14.-Internationales-Bierfestival-Berlin-Mini-6-1024x251.jpg 1024w, https:\/\/blog.brunnenbraeu.eu\/wp-content\/uploads\/2022\/01\/14.-Internationales-Bierfestival-Berlin-Mini-6-300x74.jpg 300w, https:\/\/blog.brunnenbraeu.eu\/wp-content\/uploads\/2022\/01\/14.-Internationales-Bierfestival-Berlin-Mini-6-150x37.jpg 150w, https:\/\/blog.brunnenbraeu.eu\/wp-content\/uploads\/2022\/01\/14.-Internationales-Bierfestival-Berlin-Mini-6-768x188.jpg 768w, https:\/\/blog.brunnenbraeu.eu\/wp-content\/uploads\/2022\/01\/14.-Internationales-Bierfestival-Berlin-Mini-6-1536x376.jpg 1536w, https:\/\/blog.brunnenbraeu.eu\/wp-content\/uploads\/2022\/01\/14.-Internationales-Bierfestival-Berlin-Mini-6.jpg 1734w\" sizes=\"auto, (max-width: 1024px) 100vw, 1024px\" \/><\/figure>\n\n\n\n<div style=\"height:100px\" aria-hidden=\"true\" class=\"wp-block-spacer\"><\/div>\n\n\n\n<p class=\"has-drop-cap\">Allee \u2013 Die Karl Marx Allee war vom 6. bis 8. August 2010 zum wiederholten Male Schauplatz der Berliner Biermeile. Zwischen dem Strausberger Platz und dem Frankfurter Tor standen die Bierbuden, \u2013st\u00e4nde und \u2013festzelte dicht an dicht aufgereiht. Konnte man am sp\u00e4ten Vormittag und fr\u00fchen Nachmittag noch innerhalb von einer bis anderthalb Stunden die Meile entlang bummeln, war das am Abend nicht mehr m\u00f6glich: Mehr als ein paar hundert Meter waren dann selbst in mehreren Stunden nicht mehr zu schaffen \u2013 zu viele Bierfans und \u2013liebhaber dr\u00e4ngten sich zwischen den St\u00e4nden. Schwerpunktsetzung war nun gefragt, und es empfahl sich, eine der 21. Regionen, in die die Biermeile aufgeteilt war, genauer zu erkunden, anstatt ziellos durch die Allee gesp\u00fclt zu werden und am Ende nichts wirklich gesehen zu haben.<\/p>\n\n\n\n<div style=\"height:100px\" aria-hidden=\"true\" class=\"wp-block-spacer\"><\/div>\n\n\n\n<figure class=\"wp-block-image size-large\"><img loading=\"lazy\" decoding=\"async\" width=\"1024\" height=\"620\" src=\"https:\/\/blog.brunnenbraeu.eu\/wp-content\/uploads\/2022\/01\/14.-Internationales-Bierfestival-Berlin-Mini-11-1024x620.jpg\" alt=\"\" class=\"wp-image-39224\" srcset=\"https:\/\/blog.brunnenbraeu.eu\/wp-content\/uploads\/2022\/01\/14.-Internationales-Bierfestival-Berlin-Mini-11-1024x620.jpg 1024w, https:\/\/blog.brunnenbraeu.eu\/wp-content\/uploads\/2022\/01\/14.-Internationales-Bierfestival-Berlin-Mini-11-300x182.jpg 300w, https:\/\/blog.brunnenbraeu.eu\/wp-content\/uploads\/2022\/01\/14.-Internationales-Bierfestival-Berlin-Mini-11-150x91.jpg 150w, https:\/\/blog.brunnenbraeu.eu\/wp-content\/uploads\/2022\/01\/14.-Internationales-Bierfestival-Berlin-Mini-11-768x465.jpg 768w, https:\/\/blog.brunnenbraeu.eu\/wp-content\/uploads\/2022\/01\/14.-Internationales-Bierfestival-Berlin-Mini-11.jpg 1063w\" sizes=\"auto, (max-width: 1024px) 100vw, 1024px\" \/><\/figure>\n\n\n\n<div style=\"height:100px\" aria-hidden=\"true\" class=\"wp-block-spacer\"><\/div>\n\n\n\n<p class=\"has-drop-cap\">BrewDog \u2013 Die Brauerei BrewDog aus Schottland hatte sich in den vergangenen Monaten einen medienwirksamen Wettbewerb mit der Brauerei Schorsch Br\u00e4u aus Gunzenhausen (siehe unten) um das st\u00e4rkste Bier der Welt geliefert. Durch Einfach-, Zweifach-, Dreifach- und Vierfach-Verg\u00e4rung, durch Ausfrieren, Spezialverfahren und sonstige Tricks wurde der Alkoholgehalt wechselseitig bis in Sph\u00e4ren getrieben, die sonst st\u00e4rksten Destillaten vorbehalten sind. Ob man das Ergebnis auf beiden Seiten noch als echtes Bier bezeichnen kann, oder ob es eher eine Art Hopfenschnaps geworden ist, sei dahin gestellt, aber zumindest gab es die beiden ber\u00fchmten Sorten \u201eTactical Nuclear Penguin\u201c mit 32% und \u201eSink The Bismarck!\u201c mit 41% zu verkosten. In winzigen Schnapsgl\u00e4sern und zu Preisen, die dem Bierliebhaber die Tr\u00e4nen in die Augen trieben \u2026<\/p>\n\n\n\n<div style=\"height:100px\" aria-hidden=\"true\" class=\"wp-block-spacer\"><\/div>\n\n\n\n<figure class=\"wp-block-image size-large\"><img loading=\"lazy\" decoding=\"async\" width=\"1024\" height=\"831\" src=\"https:\/\/blog.brunnenbraeu.eu\/wp-content\/uploads\/2022\/01\/14.-Internationales-Bierfestival-Berlin-Mini-2-1024x831.jpg\" alt=\"\" class=\"wp-image-39212\" srcset=\"https:\/\/blog.brunnenbraeu.eu\/wp-content\/uploads\/2022\/01\/14.-Internationales-Bierfestival-Berlin-Mini-2-1024x831.jpg 1024w, https:\/\/blog.brunnenbraeu.eu\/wp-content\/uploads\/2022\/01\/14.-Internationales-Bierfestival-Berlin-Mini-2-300x244.jpg 300w, https:\/\/blog.brunnenbraeu.eu\/wp-content\/uploads\/2022\/01\/14.-Internationales-Bierfestival-Berlin-Mini-2-150x122.jpg 150w, https:\/\/blog.brunnenbraeu.eu\/wp-content\/uploads\/2022\/01\/14.-Internationales-Bierfestival-Berlin-Mini-2-768x624.jpg 768w, https:\/\/blog.brunnenbraeu.eu\/wp-content\/uploads\/2022\/01\/14.-Internationales-Bierfestival-Berlin-Mini-2.jpg 1063w\" sizes=\"auto, (max-width: 1024px) 100vw, 1024px\" \/><\/figure>\n\n\n\n<div style=\"height:100px\" aria-hidden=\"true\" class=\"wp-block-spacer\"><\/div>\n\n\n\n<p class=\"has-drop-cap\">Chaos \u2013 blieb eigentlich aus. Selbst im dichtesten Gedr\u00e4nge ging es gesittet zu. Fr\u00f6hliche Zecher gab es reichlich, Aggressivit\u00e4t und Gewalt gar nicht. Lob an die Organisatoren!<\/p>\n\n\n\n<div style=\"height:100px\" aria-hidden=\"true\" class=\"wp-block-spacer\"><\/div>\n\n\n\n<figure class=\"wp-block-image size-large\"><img loading=\"lazy\" decoding=\"async\" width=\"1024\" height=\"768\" src=\"https:\/\/blog.brunnenbraeu.eu\/wp-content\/uploads\/2022\/01\/14.-Internationales-Bierfestival-Berlin-Mini-12-1024x768.jpg\" alt=\"\" class=\"wp-image-39225\" srcset=\"https:\/\/blog.brunnenbraeu.eu\/wp-content\/uploads\/2022\/01\/14.-Internationales-Bierfestival-Berlin-Mini-12-1024x768.jpg 1024w, https:\/\/blog.brunnenbraeu.eu\/wp-content\/uploads\/2022\/01\/14.-Internationales-Bierfestival-Berlin-Mini-12-300x225.jpg 300w, https:\/\/blog.brunnenbraeu.eu\/wp-content\/uploads\/2022\/01\/14.-Internationales-Bierfestival-Berlin-Mini-12-150x112.jpg 150w, https:\/\/blog.brunnenbraeu.eu\/wp-content\/uploads\/2022\/01\/14.-Internationales-Bierfestival-Berlin-Mini-12-768x576.jpg 768w, https:\/\/blog.brunnenbraeu.eu\/wp-content\/uploads\/2022\/01\/14.-Internationales-Bierfestival-Berlin-Mini-12-678x509.jpg 678w, https:\/\/blog.brunnenbraeu.eu\/wp-content\/uploads\/2022\/01\/14.-Internationales-Bierfestival-Berlin-Mini-12-326x245.jpg 326w, https:\/\/blog.brunnenbraeu.eu\/wp-content\/uploads\/2022\/01\/14.-Internationales-Bierfestival-Berlin-Mini-12-80x60.jpg 80w, https:\/\/blog.brunnenbraeu.eu\/wp-content\/uploads\/2022\/01\/14.-Internationales-Bierfestival-Berlin-Mini-12.jpg 1063w\" sizes=\"auto, (max-width: 1024px) 100vw, 1024px\" \/><\/figure>\n\n\n\n<div style=\"height:100px\" aria-hidden=\"true\" class=\"wp-block-spacer\"><\/div>\n\n\n\n<p class=\"has-drop-cap\">Dauerregen \u2013 gab es zum Gl\u00fcck nicht, sondern nur immer mal wieder mehr oder weniger heftige Regenschauer, die das Gl\u00fcck der Bierliebhaber nicht zu tr\u00fcben vermochten und nach Angaben der Veranstalter trotzdem rund 800.000 Besucher erm\u00f6glichten.<\/p>\n\n\n\n<div style=\"height:100px\" aria-hidden=\"true\" class=\"wp-block-spacer\"><\/div>\n\n\n\n<figure class=\"wp-block-image size-large\"><img loading=\"lazy\" decoding=\"async\" width=\"1024\" height=\"681\" src=\"https:\/\/blog.brunnenbraeu.eu\/wp-content\/uploads\/2022\/01\/14.-Internationales-Bierfestival-Berlin-Mini-16-1024x681.jpg\" alt=\"\" class=\"wp-image-39230\" srcset=\"https:\/\/blog.brunnenbraeu.eu\/wp-content\/uploads\/2022\/01\/14.-Internationales-Bierfestival-Berlin-Mini-16-1024x681.jpg 1024w, https:\/\/blog.brunnenbraeu.eu\/wp-content\/uploads\/2022\/01\/14.-Internationales-Bierfestival-Berlin-Mini-16-300x200.jpg 300w, https:\/\/blog.brunnenbraeu.eu\/wp-content\/uploads\/2022\/01\/14.-Internationales-Bierfestival-Berlin-Mini-16-150x100.jpg 150w, https:\/\/blog.brunnenbraeu.eu\/wp-content\/uploads\/2022\/01\/14.-Internationales-Bierfestival-Berlin-Mini-16-768x511.jpg 768w, https:\/\/blog.brunnenbraeu.eu\/wp-content\/uploads\/2022\/01\/14.-Internationales-Bierfestival-Berlin-Mini-16-391x260.jpg 391w, https:\/\/blog.brunnenbraeu.eu\/wp-content\/uploads\/2022\/01\/14.-Internationales-Bierfestival-Berlin-Mini-16.jpg 1063w\" sizes=\"auto, (max-width: 1024px) 100vw, 1024px\" \/><\/figure>\n\n\n\n<div style=\"height:100px\" aria-hidden=\"true\" class=\"wp-block-spacer\"><\/div>\n\n\n\n<p class=\"has-drop-cap\">Eindr\u00fccke \u2013 Die Zahl der Eindr\u00fccke ging in die Tausende. Der Versuch, alle Bierst\u00e4nde einzeln zu fotografieren, h\u00e4tte vermutlich auch die gr\u00f6\u00dften Speicherkarten der Digitalkameras gesprengt. Auch mit der Erfahrung vieler anderer Bierfestivals im Hinterkopf war das, was hier geboten wurde, mehr als beeindruckend. Sei es das Bierzelt, in dem morgens um zehn Uhr schon lautstark zu Dicke-Backen-Musik gesungen wurde, seien es die ungez\u00e4hlten originellen Kost\u00fcme, die vorwiegend zu sp\u00e4ter Stunde gesichtet wurden, oder die feuchtfr\u00f6hlichen Runden, die Junggesellen- und Junggesellinnen-Abschied feierten. Auch ohne ein einziges Bier zu trinken, h\u00e4tte man hier einen oder mehrere tolle Tage verbringen k\u00f6nnen.<\/p>\n\n\n\n<div style=\"height:100px\" aria-hidden=\"true\" class=\"wp-block-spacer\"><\/div>\n\n\n\n<figure class=\"wp-block-image size-large\"><img loading=\"lazy\" decoding=\"async\" width=\"1024\" height=\"486\" src=\"https:\/\/blog.brunnenbraeu.eu\/wp-content\/uploads\/2022\/01\/14.-Internationales-Bierfestival-Berlin-Mini-10-1024x486.jpg\" alt=\"\" class=\"wp-image-39223\" srcset=\"https:\/\/blog.brunnenbraeu.eu\/wp-content\/uploads\/2022\/01\/14.-Internationales-Bierfestival-Berlin-Mini-10-1024x486.jpg 1024w, https:\/\/blog.brunnenbraeu.eu\/wp-content\/uploads\/2022\/01\/14.-Internationales-Bierfestival-Berlin-Mini-10-300x143.jpg 300w, https:\/\/blog.brunnenbraeu.eu\/wp-content\/uploads\/2022\/01\/14.-Internationales-Bierfestival-Berlin-Mini-10-150x71.jpg 150w, https:\/\/blog.brunnenbraeu.eu\/wp-content\/uploads\/2022\/01\/14.-Internationales-Bierfestival-Berlin-Mini-10-768x365.jpg 768w, https:\/\/blog.brunnenbraeu.eu\/wp-content\/uploads\/2022\/01\/14.-Internationales-Bierfestival-Berlin-Mini-10.jpg 1063w\" sizes=\"auto, (max-width: 1024px) 100vw, 1024px\" \/><\/figure>\n\n\n\n<div style=\"height:100px\" aria-hidden=\"true\" class=\"wp-block-spacer\"><\/div>\n\n\n\n<p class=\"has-drop-cap\">Feinschmecker \u2013 Bierfeinschmecker kamen an diesem Wochenende definitiv auf ihre Kosten. Bei 2000 verschiedenen Sorten war f\u00fcr jeden etwas dabei. Alle Farben, Aromen, Alkoholgehalte, Bierstile und Sorten waren vertreten. Wer hier nichts gefunden hat, war wohl \u00fcberzeugter Weintrinker und bewusst auf Selbstkasteiung aus \u2026<\/p>\n\n\n\n<div style=\"height:100px\" aria-hidden=\"true\" class=\"wp-block-spacer\"><\/div>\n\n\n\n<figure class=\"wp-block-image size-large\"><img loading=\"lazy\" decoding=\"async\" width=\"1024\" height=\"431\" src=\"https:\/\/blog.brunnenbraeu.eu\/wp-content\/uploads\/2022\/01\/14.-Internationales-Bierfestival-Berlin-Mini-17-1024x431.jpg\" alt=\"\" class=\"wp-image-39232\" srcset=\"https:\/\/blog.brunnenbraeu.eu\/wp-content\/uploads\/2022\/01\/14.-Internationales-Bierfestival-Berlin-Mini-17-1024x431.jpg 1024w, https:\/\/blog.brunnenbraeu.eu\/wp-content\/uploads\/2022\/01\/14.-Internationales-Bierfestival-Berlin-Mini-17-300x126.jpg 300w, https:\/\/blog.brunnenbraeu.eu\/wp-content\/uploads\/2022\/01\/14.-Internationales-Bierfestival-Berlin-Mini-17-150x63.jpg 150w, https:\/\/blog.brunnenbraeu.eu\/wp-content\/uploads\/2022\/01\/14.-Internationales-Bierfestival-Berlin-Mini-17-768x323.jpg 768w, https:\/\/blog.brunnenbraeu.eu\/wp-content\/uploads\/2022\/01\/14.-Internationales-Bierfestival-Berlin-Mini-17.jpg 1063w\" sizes=\"auto, (max-width: 1024px) 100vw, 1024px\" \/><\/figure>\n\n\n\n<div style=\"height:100px\" aria-hidden=\"true\" class=\"wp-block-spacer\"><\/div>\n\n\n\n<p class=\"has-drop-cap\">Gedr\u00e4nge \u2013 Durch Bauma\u00dfnahmen auf der Karl Marx Allee war die Nutzung des \u00fcberbreiten B\u00fcrgersteigs nebst angrenzender Wiese ein wenig eingeschr\u00e4nkt, was zu \u00fcberm\u00e4\u00dfigem Gedr\u00e4nge auf der Meile f\u00fchrte. Die Bierfans ertrugen es geduldig und definierten das \u201eGedr\u00e4nge\u201c flugs zu \u201eAtmosph\u00e4re\u201c um.<\/p>\n\n\n\n<div style=\"height:100px\" aria-hidden=\"true\" class=\"wp-block-spacer\"><\/div>\n\n\n\n<figure class=\"wp-block-image size-large\"><img loading=\"lazy\" decoding=\"async\" width=\"1024\" height=\"643\" src=\"https:\/\/blog.brunnenbraeu.eu\/wp-content\/uploads\/2022\/01\/14.-Internationales-Bierfestival-Berlin-Mini-9-1024x643.jpg\" alt=\"\" class=\"wp-image-39221\" srcset=\"https:\/\/blog.brunnenbraeu.eu\/wp-content\/uploads\/2022\/01\/14.-Internationales-Bierfestival-Berlin-Mini-9-1024x643.jpg 1024w, https:\/\/blog.brunnenbraeu.eu\/wp-content\/uploads\/2022\/01\/14.-Internationales-Bierfestival-Berlin-Mini-9-300x188.jpg 300w, https:\/\/blog.brunnenbraeu.eu\/wp-content\/uploads\/2022\/01\/14.-Internationales-Bierfestival-Berlin-Mini-9-150x94.jpg 150w, https:\/\/blog.brunnenbraeu.eu\/wp-content\/uploads\/2022\/01\/14.-Internationales-Bierfestival-Berlin-Mini-9-768x482.jpg 768w, https:\/\/blog.brunnenbraeu.eu\/wp-content\/uploads\/2022\/01\/14.-Internationales-Bierfestival-Berlin-Mini-9.jpg 1063w\" sizes=\"auto, (max-width: 1024px) 100vw, 1024px\" \/><\/figure>\n\n\n\n<div style=\"height:100px\" aria-hidden=\"true\" class=\"wp-block-spacer\"><\/div>\n\n\n\n<p class=\"has-drop-cap\">Harms \u2013 Markus und Gerlinde Harms sa\u00dfen mit ihrem kleinen Stand geduldig drei Tage lang gegen\u00fcber der Festival-Organisation und machten Werbung f\u00fcr die Zeitschrift \u201eBier und Brauhaus\u201c. Hoffentlich erfolgreich.<\/p>\n\n\n\n<div style=\"height:100px\" aria-hidden=\"true\" class=\"wp-block-spacer\"><\/div>\n\n\n\n<figure class=\"wp-block-image size-large\"><img loading=\"lazy\" decoding=\"async\" width=\"1024\" height=\"238\" src=\"https:\/\/blog.brunnenbraeu.eu\/wp-content\/uploads\/2022\/01\/14.-Internationales-Bierfestival-Berlin-Mini-18-1024x238.jpg\" alt=\"\" class=\"wp-image-39234\" srcset=\"https:\/\/blog.brunnenbraeu.eu\/wp-content\/uploads\/2022\/01\/14.-Internationales-Bierfestival-Berlin-Mini-18-1024x238.jpg 1024w, https:\/\/blog.brunnenbraeu.eu\/wp-content\/uploads\/2022\/01\/14.-Internationales-Bierfestival-Berlin-Mini-18-300x70.jpg 300w, https:\/\/blog.brunnenbraeu.eu\/wp-content\/uploads\/2022\/01\/14.-Internationales-Bierfestival-Berlin-Mini-18-150x35.jpg 150w, https:\/\/blog.brunnenbraeu.eu\/wp-content\/uploads\/2022\/01\/14.-Internationales-Bierfestival-Berlin-Mini-18-768x179.jpg 768w, https:\/\/blog.brunnenbraeu.eu\/wp-content\/uploads\/2022\/01\/14.-Internationales-Bierfestival-Berlin-Mini-18-1536x358.jpg 1536w, https:\/\/blog.brunnenbraeu.eu\/wp-content\/uploads\/2022\/01\/14.-Internationales-Bierfestival-Berlin-Mini-18.jpg 1825w\" sizes=\"auto, (max-width: 1024px) 100vw, 1024px\" \/><\/figure>\n\n\n\n<div style=\"height:100px\" aria-hidden=\"true\" class=\"wp-block-spacer\"><\/div>\n\n\n\n<p class=\"has-drop-cap\">International \u2013 war dieses Bierfestival sicherlich. Nicht nur die Herkunft der Biere deckte mindestens die H\u00e4lfte des Erdkreises, wenn nicht mehr, ab, sondern auch die Herkunft der Besucher. Wer aufmerksam hinh\u00f6rte, konnte Mono- und Dialoge in den exotischsten Sprachen vernehmen. Eine bunte und interessante Welt. Wunderbar!<\/p>\n\n\n\n<div style=\"height:100px\" aria-hidden=\"true\" class=\"wp-block-spacer\"><\/div>\n\n\n\n<figure class=\"wp-block-image size-large\"><img loading=\"lazy\" decoding=\"async\" width=\"1024\" height=\"224\" src=\"https:\/\/blog.brunnenbraeu.eu\/wp-content\/uploads\/2022\/01\/14.-Internationales-Bierfestival-Berlin-Mini-19-1024x224.jpg\" alt=\"\" class=\"wp-image-39236\" srcset=\"https:\/\/blog.brunnenbraeu.eu\/wp-content\/uploads\/2022\/01\/14.-Internationales-Bierfestival-Berlin-Mini-19-1024x224.jpg 1024w, https:\/\/blog.brunnenbraeu.eu\/wp-content\/uploads\/2022\/01\/14.-Internationales-Bierfestival-Berlin-Mini-19-300x66.jpg 300w, https:\/\/blog.brunnenbraeu.eu\/wp-content\/uploads\/2022\/01\/14.-Internationales-Bierfestival-Berlin-Mini-19-150x33.jpg 150w, https:\/\/blog.brunnenbraeu.eu\/wp-content\/uploads\/2022\/01\/14.-Internationales-Bierfestival-Berlin-Mini-19-768x168.jpg 768w, https:\/\/blog.brunnenbraeu.eu\/wp-content\/uploads\/2022\/01\/14.-Internationales-Bierfestival-Berlin-Mini-19-1536x336.jpg 1536w, https:\/\/blog.brunnenbraeu.eu\/wp-content\/uploads\/2022\/01\/14.-Internationales-Bierfestival-Berlin-Mini-19.jpg 1942w\" sizes=\"auto, (max-width: 1024px) 100vw, 1024px\" \/><\/figure>\n\n\n\n<div style=\"height:100px\" aria-hidden=\"true\" class=\"wp-block-spacer\"><\/div>\n\n\n\n<p class=\"has-drop-cap\">Jung und Alt \u2013 Jung litt unter der gesetzlichen Beschr\u00e4nkung, Bier erst ab einem Alter von 16 Jahren verkonsumieren zu d\u00fcrfen. Aber es gab genug kindgerechte Alternativen. Alt hingegen litt unter dem Gedr\u00e4nge nach Einbruch der Dunkelheit. Spazierst\u00f6cke, Kr\u00fccken oder gar Rollatoren erwiesen sich als extrem hinderlich. Gleichwohl k\u00e4mpften sich zahlreiche Veteranen tapfer durch das \u2013 eigentlich doch gar nicht vorhandene (siehe oben) \u2013 Chaos.<\/p>\n\n\n\n<div style=\"height:100px\" aria-hidden=\"true\" class=\"wp-block-spacer\"><\/div>\n\n\n\n<figure class=\"wp-block-image size-large\"><img loading=\"lazy\" decoding=\"async\" width=\"793\" height=\"1024\" src=\"https:\/\/blog.brunnenbraeu.eu\/wp-content\/uploads\/2022\/01\/14.-Internationales-Bierfestival-Berlin-Mini-20-793x1024.jpg\" alt=\"\" class=\"wp-image-39238\" srcset=\"https:\/\/blog.brunnenbraeu.eu\/wp-content\/uploads\/2022\/01\/14.-Internationales-Bierfestival-Berlin-Mini-20-793x1024.jpg 793w, https:\/\/blog.brunnenbraeu.eu\/wp-content\/uploads\/2022\/01\/14.-Internationales-Bierfestival-Berlin-Mini-20-232x300.jpg 232w, https:\/\/blog.brunnenbraeu.eu\/wp-content\/uploads\/2022\/01\/14.-Internationales-Bierfestival-Berlin-Mini-20-116x150.jpg 116w, https:\/\/blog.brunnenbraeu.eu\/wp-content\/uploads\/2022\/01\/14.-Internationales-Bierfestival-Berlin-Mini-20-768x991.jpg 768w, https:\/\/blog.brunnenbraeu.eu\/wp-content\/uploads\/2022\/01\/14.-Internationales-Bierfestival-Berlin-Mini-20.jpg 1063w\" sizes=\"auto, (max-width: 793px) 100vw, 793px\" \/><\/figure>\n\n\n\n<div style=\"height:100px\" aria-hidden=\"true\" class=\"wp-block-spacer\"><\/div>\n\n\n\n<p class=\"has-drop-cap\">Kr\u00e4uterbier \u2013 Mein tiefster Eindruck war das Kr\u00e4uterbier aus dem Brauereigasthof Zw\u00f6nitz. Eine ellenlange Zutatenliste mag vielleicht zun\u00e4chst abschreckend wirken, wurden doch neben Gerstenmalz, Hefe und Hopfen so exotische Dinge wie Honig, Rosmarin, Salbei, Erdbeerbl\u00e4tter, Hirschzungenkraut, Stiefm\u00fctterchen, Sauerampfer, Nelke und Thymian verbraut. Das Ergebnis jedoch \u00fcberzeugte in jeder Hinsicht. Mein pers\u00f6nliches Highlight!<\/p>\n\n\n\n<div style=\"height:100px\" aria-hidden=\"true\" class=\"wp-block-spacer\"><\/div>\n\n\n\n<figure class=\"wp-block-image size-large\"><img loading=\"lazy\" decoding=\"async\" width=\"1024\" height=\"738\" src=\"https:\/\/blog.brunnenbraeu.eu\/wp-content\/uploads\/2022\/01\/14.-Internationales-Bierfestival-Berlin-Mini-3-1024x738.jpg\" alt=\"\" class=\"wp-image-39213\" srcset=\"https:\/\/blog.brunnenbraeu.eu\/wp-content\/uploads\/2022\/01\/14.-Internationales-Bierfestival-Berlin-Mini-3-1024x738.jpg 1024w, https:\/\/blog.brunnenbraeu.eu\/wp-content\/uploads\/2022\/01\/14.-Internationales-Bierfestival-Berlin-Mini-3-300x216.jpg 300w, https:\/\/blog.brunnenbraeu.eu\/wp-content\/uploads\/2022\/01\/14.-Internationales-Bierfestival-Berlin-Mini-3-150x108.jpg 150w, https:\/\/blog.brunnenbraeu.eu\/wp-content\/uploads\/2022\/01\/14.-Internationales-Bierfestival-Berlin-Mini-3-768x553.jpg 768w, https:\/\/blog.brunnenbraeu.eu\/wp-content\/uploads\/2022\/01\/14.-Internationales-Bierfestival-Berlin-Mini-3.jpg 1063w\" sizes=\"auto, (max-width: 1024px) 100vw, 1024px\" \/><\/figure>\n\n\n\n<div style=\"height:100px\" aria-hidden=\"true\" class=\"wp-block-spacer\"><\/div>\n\n\n\n<p class=\"has-drop-cap\">L\u00e4nge \u2013 Das Festival nennt sich auch Biermeile. Eine Meile misst gemeinhin etwa 1,6 (angloamerikanische Meile) oder 1,8 Kilometer (Seemeile). Nach eigenen Angaben misst das Bierfestival aber 2,2 Kilometer. Am n\u00e4chsten kommt dieser L\u00e4nge demnach die antike Gallische Meile oder Leuca mit 2,22 Kilometern \u2013 aber ob das die Veranstalter wissen?<\/p>\n\n\n\n<div style=\"height:100px\" aria-hidden=\"true\" class=\"wp-block-spacer\"><\/div>\n\n\n\n<figure class=\"wp-block-image size-large\"><img loading=\"lazy\" decoding=\"async\" width=\"1024\" height=\"552\" src=\"https:\/\/blog.brunnenbraeu.eu\/wp-content\/uploads\/2022\/01\/14.-Internationales-Bierfestival-Berlin-Mini-21-1024x552.jpg\" alt=\"\" class=\"wp-image-39240\" srcset=\"https:\/\/blog.brunnenbraeu.eu\/wp-content\/uploads\/2022\/01\/14.-Internationales-Bierfestival-Berlin-Mini-21-1024x552.jpg 1024w, https:\/\/blog.brunnenbraeu.eu\/wp-content\/uploads\/2022\/01\/14.-Internationales-Bierfestival-Berlin-Mini-21-300x162.jpg 300w, https:\/\/blog.brunnenbraeu.eu\/wp-content\/uploads\/2022\/01\/14.-Internationales-Bierfestival-Berlin-Mini-21-150x81.jpg 150w, https:\/\/blog.brunnenbraeu.eu\/wp-content\/uploads\/2022\/01\/14.-Internationales-Bierfestival-Berlin-Mini-21-768x414.jpg 768w, https:\/\/blog.brunnenbraeu.eu\/wp-content\/uploads\/2022\/01\/14.-Internationales-Bierfestival-Berlin-Mini-21.jpg 1063w\" sizes=\"auto, (max-width: 1024px) 100vw, 1024px\" \/><\/figure>\n\n\n\n<div style=\"height:100px\" aria-hidden=\"true\" class=\"wp-block-spacer\"><\/div>\n\n\n\n<p class=\"has-drop-cap\">Menschenmassen \u2013 nach Angaben der Veranstalter haben sich fast 800.000 Besucher an den drei Festivaltagen auf der Biermeile verlustiert. Ich habe versucht, nachzuz\u00e4hlen, musste aber bei dreihundertvierzehn aufgeben, weil das Bier dann doch interessanter war.<\/p>\n\n\n\n<div style=\"height:100px\" aria-hidden=\"true\" class=\"wp-block-spacer\"><\/div>\n\n\n\n<figure class=\"wp-block-image size-large\"><img loading=\"lazy\" decoding=\"async\" width=\"1024\" height=\"654\" src=\"https:\/\/blog.brunnenbraeu.eu\/wp-content\/uploads\/2022\/01\/14.-Internationales-Bierfestival-Berlin-Mini-22-1024x654.jpg\" alt=\"\" class=\"wp-image-39242\" srcset=\"https:\/\/blog.brunnenbraeu.eu\/wp-content\/uploads\/2022\/01\/14.-Internationales-Bierfestival-Berlin-Mini-22-1024x654.jpg 1024w, https:\/\/blog.brunnenbraeu.eu\/wp-content\/uploads\/2022\/01\/14.-Internationales-Bierfestival-Berlin-Mini-22-300x192.jpg 300w, https:\/\/blog.brunnenbraeu.eu\/wp-content\/uploads\/2022\/01\/14.-Internationales-Bierfestival-Berlin-Mini-22-150x96.jpg 150w, https:\/\/blog.brunnenbraeu.eu\/wp-content\/uploads\/2022\/01\/14.-Internationales-Bierfestival-Berlin-Mini-22-768x491.jpg 768w, https:\/\/blog.brunnenbraeu.eu\/wp-content\/uploads\/2022\/01\/14.-Internationales-Bierfestival-Berlin-Mini-22.jpg 1063w\" sizes=\"auto, (max-width: 1024px) 100vw, 1024px\" \/><\/figure>\n\n\n\n<div style=\"height:100px\" aria-hidden=\"true\" class=\"wp-block-spacer\"><\/div>\n\n\n\n<p class=\"has-drop-cap\">Notdienst \u2013 Der Th\u00fcringer Biernotdienst machte nicht nur durch eine gro\u00dfe Auswahl von guten Th\u00fcringer Bieren an mehreren St\u00e4nden auf sich aufmerksam, sondern vor allem mit kurzberockten und \u2013behosten Bierhostessen. Der Abf\u00fcllungsgrad der vorwiegend m\u00e4nnlichen, stiel\u00e4ugigen Festivalbesucher, die sich in gro\u00dfen Trauben an diesen St\u00e4nden versammelten, und ihre Chancen, bei den Bierhostessen einen bleibenden Eindruck zu hinterlassen, standen in einem umgekehrt proportionalen Verh\u00e4ltnis zueinander \u2013 was allerdings von den wenigsten Anwesenden eingesehen wurde.<\/p>\n\n\n\n<div style=\"height:100px\" aria-hidden=\"true\" class=\"wp-block-spacer\"><\/div>\n\n\n\n<figure class=\"wp-block-image size-large\"><img loading=\"lazy\" decoding=\"async\" width=\"1024\" height=\"643\" src=\"https:\/\/blog.brunnenbraeu.eu\/wp-content\/uploads\/2022\/01\/14.-Internationales-Bierfestival-Berlin-Mini-15-1024x643.jpg\" alt=\"\" class=\"wp-image-39228\" srcset=\"https:\/\/blog.brunnenbraeu.eu\/wp-content\/uploads\/2022\/01\/14.-Internationales-Bierfestival-Berlin-Mini-15-1024x643.jpg 1024w, https:\/\/blog.brunnenbraeu.eu\/wp-content\/uploads\/2022\/01\/14.-Internationales-Bierfestival-Berlin-Mini-15-300x188.jpg 300w, https:\/\/blog.brunnenbraeu.eu\/wp-content\/uploads\/2022\/01\/14.-Internationales-Bierfestival-Berlin-Mini-15-150x94.jpg 150w, https:\/\/blog.brunnenbraeu.eu\/wp-content\/uploads\/2022\/01\/14.-Internationales-Bierfestival-Berlin-Mini-15-768x482.jpg 768w, https:\/\/blog.brunnenbraeu.eu\/wp-content\/uploads\/2022\/01\/14.-Internationales-Bierfestival-Berlin-Mini-15.jpg 1063w\" sizes=\"auto, (max-width: 1024px) 100vw, 1024px\" \/><\/figure>\n\n\n\n<div style=\"height:100px\" aria-hidden=\"true\" class=\"wp-block-spacer\"><\/div>\n\n\n\n<p class=\"has-drop-cap\">Obst \u2013 An einen Obststand konnte man sich am Eingang zu Orankes Biergarten versetzt f\u00fchlen. Nicht nur liegen Oranke und Orange lautlich dicht nebeneinander, sondern es gab hier auch noch Mango-, Bananen- und Passionsfruchtbier zu verkosten. Und an anderen St\u00e4nden Kirsch-, Erdbeer-, Holunder-, Grapefruit-, Kokosnuss-, Apfel-, Zitronen-, Heidelbeer-, Himbeer-, Blaubeer-, Affenbrotbaumfrucht-, Pfirsich-, Aprikosen- und Maracuja-Biere. Klingt vitaminreich und gesund.<\/p>\n\n\n\n<div style=\"height:100px\" aria-hidden=\"true\" class=\"wp-block-spacer\"><\/div>\n\n\n\n<figure class=\"wp-block-image size-large\"><img loading=\"lazy\" decoding=\"async\" width=\"1024\" height=\"663\" src=\"https:\/\/blog.brunnenbraeu.eu\/wp-content\/uploads\/2022\/01\/14.-Internationales-Bierfestival-Berlin-Mini-14-1024x663.jpg\" alt=\"\" class=\"wp-image-39227\" srcset=\"https:\/\/blog.brunnenbraeu.eu\/wp-content\/uploads\/2022\/01\/14.-Internationales-Bierfestival-Berlin-Mini-14-1024x663.jpg 1024w, https:\/\/blog.brunnenbraeu.eu\/wp-content\/uploads\/2022\/01\/14.-Internationales-Bierfestival-Berlin-Mini-14-300x194.jpg 300w, https:\/\/blog.brunnenbraeu.eu\/wp-content\/uploads\/2022\/01\/14.-Internationales-Bierfestival-Berlin-Mini-14-150x97.jpg 150w, https:\/\/blog.brunnenbraeu.eu\/wp-content\/uploads\/2022\/01\/14.-Internationales-Bierfestival-Berlin-Mini-14-768x497.jpg 768w, https:\/\/blog.brunnenbraeu.eu\/wp-content\/uploads\/2022\/01\/14.-Internationales-Bierfestival-Berlin-Mini-14.jpg 1063w\" sizes=\"auto, (max-width: 1024px) 100vw, 1024px\" \/><\/figure>\n\n\n\n<div style=\"height:100px\" aria-hidden=\"true\" class=\"wp-block-spacer\"><\/div>\n\n\n\n<p class=\"has-drop-cap\">Promille-Polizei \u2013 Junge Damen in Phantasieuniformen patrouillierten als Promille-Polizei. Wer wollte, konnte gegen einen entsprechenden Obolus blasen und seinen Atemalkoholgehalt testen lassen. Ger\u00fcchte behaupten, die Rekordjagd endete knapp oberhalb von zweieinhalb Promille, weil die dar\u00fcber hinaus abgef\u00fcllten Strategen nicht mehr br\u00f6ckchenfrei pusten konnten.<\/p>\n\n\n\n<div style=\"height:100px\" aria-hidden=\"true\" class=\"wp-block-spacer\"><\/div>\n\n\n\n<figure class=\"wp-block-image size-large\"><img loading=\"lazy\" decoding=\"async\" width=\"1024\" height=\"821\" src=\"https:\/\/blog.brunnenbraeu.eu\/wp-content\/uploads\/2022\/01\/14.-Internationales-Bierfestival-Berlin-Mini-23-1024x821.jpg\" alt=\"\" class=\"wp-image-39244\" srcset=\"https:\/\/blog.brunnenbraeu.eu\/wp-content\/uploads\/2022\/01\/14.-Internationales-Bierfestival-Berlin-Mini-23-1024x821.jpg 1024w, https:\/\/blog.brunnenbraeu.eu\/wp-content\/uploads\/2022\/01\/14.-Internationales-Bierfestival-Berlin-Mini-23-300x240.jpg 300w, https:\/\/blog.brunnenbraeu.eu\/wp-content\/uploads\/2022\/01\/14.-Internationales-Bierfestival-Berlin-Mini-23-150x120.jpg 150w, https:\/\/blog.brunnenbraeu.eu\/wp-content\/uploads\/2022\/01\/14.-Internationales-Bierfestival-Berlin-Mini-23-768x616.jpg 768w, https:\/\/blog.brunnenbraeu.eu\/wp-content\/uploads\/2022\/01\/14.-Internationales-Bierfestival-Berlin-Mini-23.jpg 1063w\" sizes=\"auto, (max-width: 1024px) 100vw, 1024px\" \/><\/figure>\n\n\n\n<div style=\"height:100px\" aria-hidden=\"true\" class=\"wp-block-spacer\"><\/div>\n\n\n\n<p class=\"has-drop-cap\">Quante \u2013 Der CBO vom Brunnenbr\u00e4u\u00ae, Volker R. Quante, war auch da. Sonst w\u00e4re dieser Bericht nicht geschrieben worden.<\/p>\n\n\n\n<div style=\"height:100px\" aria-hidden=\"true\" class=\"wp-block-spacer\"><\/div>\n\n\n\n<figure class=\"wp-block-image size-large\"><img loading=\"lazy\" decoding=\"async\" width=\"1024\" height=\"557\" src=\"https:\/\/blog.brunnenbraeu.eu\/wp-content\/uploads\/2022\/01\/14.-Internationales-Bierfestival-Berlin-Mini-7-1024x557.jpg\" alt=\"\" class=\"wp-image-39218\" srcset=\"https:\/\/blog.brunnenbraeu.eu\/wp-content\/uploads\/2022\/01\/14.-Internationales-Bierfestival-Berlin-Mini-7-1024x557.jpg 1024w, https:\/\/blog.brunnenbraeu.eu\/wp-content\/uploads\/2022\/01\/14.-Internationales-Bierfestival-Berlin-Mini-7-300x163.jpg 300w, https:\/\/blog.brunnenbraeu.eu\/wp-content\/uploads\/2022\/01\/14.-Internationales-Bierfestival-Berlin-Mini-7-150x82.jpg 150w, https:\/\/blog.brunnenbraeu.eu\/wp-content\/uploads\/2022\/01\/14.-Internationales-Bierfestival-Berlin-Mini-7-768x418.jpg 768w, https:\/\/blog.brunnenbraeu.eu\/wp-content\/uploads\/2022\/01\/14.-Internationales-Bierfestival-Berlin-Mini-7.jpg 1063w\" sizes=\"auto, (max-width: 1024px) 100vw, 1024px\" \/><\/figure>\n\n\n\n<div style=\"height:100px\" aria-hidden=\"true\" class=\"wp-block-spacer\"><\/div>\n\n\n\n<p class=\"has-drop-cap\">Rotes Kreuz \u2013 Feuerwehr, Rettungswagen und Polizei standen \u00fcberall einsatzbereit herum. So wie es f\u00fcr mich aussah, hatten sie mit Ausnahme der Promille-Polizei (siehe oben) nicht allzu viel zu tun. Ein Gl\u00fcck!<\/p>\n\n\n\n<div style=\"height:100px\" aria-hidden=\"true\" class=\"wp-block-spacer\"><\/div>\n\n\n\n<figure class=\"wp-block-image size-large\"><img loading=\"lazy\" decoding=\"async\" width=\"805\" height=\"1024\" src=\"https:\/\/blog.brunnenbraeu.eu\/wp-content\/uploads\/2022\/01\/14.-Internationales-Bierfestival-Berlin-Mini-24-805x1024.jpg\" alt=\"\" class=\"wp-image-39245\" srcset=\"https:\/\/blog.brunnenbraeu.eu\/wp-content\/uploads\/2022\/01\/14.-Internationales-Bierfestival-Berlin-Mini-24-805x1024.jpg 805w, https:\/\/blog.brunnenbraeu.eu\/wp-content\/uploads\/2022\/01\/14.-Internationales-Bierfestival-Berlin-Mini-24-236x300.jpg 236w, https:\/\/blog.brunnenbraeu.eu\/wp-content\/uploads\/2022\/01\/14.-Internationales-Bierfestival-Berlin-Mini-24-118x150.jpg 118w, https:\/\/blog.brunnenbraeu.eu\/wp-content\/uploads\/2022\/01\/14.-Internationales-Bierfestival-Berlin-Mini-24-768x977.jpg 768w, https:\/\/blog.brunnenbraeu.eu\/wp-content\/uploads\/2022\/01\/14.-Internationales-Bierfestival-Berlin-Mini-24.jpg 1063w\" sizes=\"auto, (max-width: 805px) 100vw, 805px\" \/><\/figure>\n\n\n\n<div style=\"height:100px\" aria-hidden=\"true\" class=\"wp-block-spacer\"><\/div>\n\n\n\n<p class=\"has-drop-cap\">Schorsch \u2013 Den Schorsch Br\u00e4u aus Gunzenhausen habe ich auf der Meile nicht gesehen. Als Verlierer des Wettstreits mit BrewDog (siehe oben) hat er sich vielleicht nicht her getraut? Anwesend war aber der Lechner Schorsch, nach eigenen Angaben sch\u00f6nster Braumeister Nordrhein-Westfalens, der im Schwei\u00dfe seines Angesichts mit einem handbetriebenen Uralt-Flaschenf\u00fcller Kitzmann-Bier auf B\u00fcgelflaschen f\u00fcllte.<\/p>\n\n\n\n<div style=\"height:100px\" aria-hidden=\"true\" class=\"wp-block-spacer\"><\/div>\n\n\n\n<figure class=\"wp-block-image size-large\"><img loading=\"lazy\" decoding=\"async\" width=\"1024\" height=\"727\" src=\"https:\/\/blog.brunnenbraeu.eu\/wp-content\/uploads\/2022\/01\/14.-Internationales-Bierfestival-Berlin-Mini-4-1024x727.jpg\" alt=\"\" class=\"wp-image-39214\" srcset=\"https:\/\/blog.brunnenbraeu.eu\/wp-content\/uploads\/2022\/01\/14.-Internationales-Bierfestival-Berlin-Mini-4-1024x727.jpg 1024w, https:\/\/blog.brunnenbraeu.eu\/wp-content\/uploads\/2022\/01\/14.-Internationales-Bierfestival-Berlin-Mini-4-300x213.jpg 300w, https:\/\/blog.brunnenbraeu.eu\/wp-content\/uploads\/2022\/01\/14.-Internationales-Bierfestival-Berlin-Mini-4-150x107.jpg 150w, https:\/\/blog.brunnenbraeu.eu\/wp-content\/uploads\/2022\/01\/14.-Internationales-Bierfestival-Berlin-Mini-4-768x545.jpg 768w, https:\/\/blog.brunnenbraeu.eu\/wp-content\/uploads\/2022\/01\/14.-Internationales-Bierfestival-Berlin-Mini-4.jpg 1063w\" sizes=\"auto, (max-width: 1024px) 100vw, 1024px\" \/><\/figure>\n\n\n\n<div style=\"height:100px\" aria-hidden=\"true\" class=\"wp-block-spacer\"><\/div>\n\n\n\n<p class=\"has-drop-cap\">Terminschwierigkeiten \u2013 haben dazu gef\u00fchrt, dass es tats\u00e4chlich bis zur 14. Ausgabe des Internationalen Bierfestivals in Berlin gedauert hat, bis ich endlich einmal vor Ort war!<\/p>\n\n\n\n<div style=\"height:100px\" aria-hidden=\"true\" class=\"wp-block-spacer\"><\/div>\n\n\n\n<figure class=\"wp-block-image size-large\"><img loading=\"lazy\" decoding=\"async\" width=\"1024\" height=\"722\" src=\"https:\/\/blog.brunnenbraeu.eu\/wp-content\/uploads\/2022\/01\/14.-Internationales-Bierfestival-Berlin-Mini-27-1024x722.jpg\" alt=\"\" class=\"wp-image-39250\" srcset=\"https:\/\/blog.brunnenbraeu.eu\/wp-content\/uploads\/2022\/01\/14.-Internationales-Bierfestival-Berlin-Mini-27-1024x722.jpg 1024w, https:\/\/blog.brunnenbraeu.eu\/wp-content\/uploads\/2022\/01\/14.-Internationales-Bierfestival-Berlin-Mini-27-300x212.jpg 300w, https:\/\/blog.brunnenbraeu.eu\/wp-content\/uploads\/2022\/01\/14.-Internationales-Bierfestival-Berlin-Mini-27-150x106.jpg 150w, https:\/\/blog.brunnenbraeu.eu\/wp-content\/uploads\/2022\/01\/14.-Internationales-Bierfestival-Berlin-Mini-27-768x542.jpg 768w, https:\/\/blog.brunnenbraeu.eu\/wp-content\/uploads\/2022\/01\/14.-Internationales-Bierfestival-Berlin-Mini-27.jpg 1063w\" sizes=\"auto, (max-width: 1024px) 100vw, 1024px\" \/><\/figure>\n\n\n\n<div style=\"height:100px\" aria-hidden=\"true\" class=\"wp-block-spacer\"><\/div>\n\n\n\n<p class=\"has-drop-cap\">Umwerfend \u2013 war die Wirkung zu vieler verschiedener Biere in zu kurzer Zeit f\u00fcr den einen oder anderen Besucher. Es ging aber im Allgemeinen ohne Blessuren und ohne Randale ab. Noch einmal Lob an die Organisatoren.<\/p>\n\n\n\n<div style=\"height:100px\" aria-hidden=\"true\" class=\"wp-block-spacer\"><\/div>\n\n\n\n<figure class=\"wp-block-image size-large\"><img loading=\"lazy\" decoding=\"async\" width=\"1024\" height=\"690\" src=\"https:\/\/blog.brunnenbraeu.eu\/wp-content\/uploads\/2022\/01\/14.-Internationales-Bierfestival-Berlin-Mini-25-1024x690.jpg\" alt=\"\" class=\"wp-image-39246\" srcset=\"https:\/\/blog.brunnenbraeu.eu\/wp-content\/uploads\/2022\/01\/14.-Internationales-Bierfestival-Berlin-Mini-25-1024x690.jpg 1024w, https:\/\/blog.brunnenbraeu.eu\/wp-content\/uploads\/2022\/01\/14.-Internationales-Bierfestival-Berlin-Mini-25-300x202.jpg 300w, https:\/\/blog.brunnenbraeu.eu\/wp-content\/uploads\/2022\/01\/14.-Internationales-Bierfestival-Berlin-Mini-25-150x101.jpg 150w, https:\/\/blog.brunnenbraeu.eu\/wp-content\/uploads\/2022\/01\/14.-Internationales-Bierfestival-Berlin-Mini-25-768x517.jpg 768w, https:\/\/blog.brunnenbraeu.eu\/wp-content\/uploads\/2022\/01\/14.-Internationales-Bierfestival-Berlin-Mini-25.jpg 1063w\" sizes=\"auto, (max-width: 1024px) 100vw, 1024px\" \/><\/figure>\n\n\n\n<div style=\"height:100px\" aria-hidden=\"true\" class=\"wp-block-spacer\"><\/div>\n\n\n\n<p class=\"has-drop-cap\">Vietnam \u2013 war 2010 das Partnerland der Biermeile. Neben vietnamesischem Bier gab es auch vietnamesische Speisen, vietnamesische Handarbeiten und vietnamesische Souvenirs zu erwerben. Insbesondere die typischen vietnamesischen Strohh\u00fcte erfreuten sich gro\u00dfer Beliebtheit, sch\u00fctzten sie doch sowohl vor der August-Sonne, als auch \u2013 zeitlich begrenzt \u2013 vor den Regenschauern. Was die h\u00fcbschen Vietnamesinnen kleidet, stand aber manchem Bierdimpfl nicht wirklich zu Gesicht.<\/p>\n\n\n\n<div style=\"height:100px\" aria-hidden=\"true\" class=\"wp-block-spacer\"><\/div>\n\n\n\n<figure class=\"wp-block-image size-large\"><img loading=\"lazy\" decoding=\"async\" width=\"1024\" height=\"587\" src=\"https:\/\/blog.brunnenbraeu.eu\/wp-content\/uploads\/2022\/01\/14.-Internationales-Bierfestival-Berlin-Mini-5-1024x587.jpg\" alt=\"\" class=\"wp-image-39215\" srcset=\"https:\/\/blog.brunnenbraeu.eu\/wp-content\/uploads\/2022\/01\/14.-Internationales-Bierfestival-Berlin-Mini-5-1024x587.jpg 1024w, https:\/\/blog.brunnenbraeu.eu\/wp-content\/uploads\/2022\/01\/14.-Internationales-Bierfestival-Berlin-Mini-5-300x172.jpg 300w, https:\/\/blog.brunnenbraeu.eu\/wp-content\/uploads\/2022\/01\/14.-Internationales-Bierfestival-Berlin-Mini-5-150x86.jpg 150w, https:\/\/blog.brunnenbraeu.eu\/wp-content\/uploads\/2022\/01\/14.-Internationales-Bierfestival-Berlin-Mini-5-768x440.jpg 768w, https:\/\/blog.brunnenbraeu.eu\/wp-content\/uploads\/2022\/01\/14.-Internationales-Bierfestival-Berlin-Mini-5.jpg 1063w\" sizes=\"auto, (max-width: 1024px) 100vw, 1024px\" \/><\/figure>\n\n\n\n<div style=\"height:100px\" aria-hidden=\"true\" class=\"wp-block-spacer\"><\/div>\n\n\n\n<p class=\"has-drop-cap\">Winkel, Frank und Kliemt, Matthias \u2013 die beiden vom bierclub.de sa\u00dfen geduldig am Sonnabend im Alpirsbacher Biergarten und versorgten die Clubmitglieder mit Freibier. Einerseits sch\u00f6n, denn gratis trinken kostet nix. Andererseits aber auch einschr\u00e4nkend, denn es blieben neben dem hellen und dunklen Alpirsbacher noch 1998 weitere Biere zu verkosten\u2026<\/p>\n\n\n\n<div style=\"height:100px\" aria-hidden=\"true\" class=\"wp-block-spacer\"><\/div>\n\n\n\n<figure class=\"wp-block-image size-large\"><img loading=\"lazy\" decoding=\"async\" width=\"1024\" height=\"992\" src=\"https:\/\/blog.brunnenbraeu.eu\/wp-content\/uploads\/2022\/01\/14.-Internationales-Bierfestival-Berlin-Mini-8-1024x992.jpg\" alt=\"\" class=\"wp-image-39220\" srcset=\"https:\/\/blog.brunnenbraeu.eu\/wp-content\/uploads\/2022\/01\/14.-Internationales-Bierfestival-Berlin-Mini-8-1024x992.jpg 1024w, https:\/\/blog.brunnenbraeu.eu\/wp-content\/uploads\/2022\/01\/14.-Internationales-Bierfestival-Berlin-Mini-8-300x291.jpg 300w, https:\/\/blog.brunnenbraeu.eu\/wp-content\/uploads\/2022\/01\/14.-Internationales-Bierfestival-Berlin-Mini-8-150x145.jpg 150w, https:\/\/blog.brunnenbraeu.eu\/wp-content\/uploads\/2022\/01\/14.-Internationales-Bierfestival-Berlin-Mini-8-768x744.jpg 768w, https:\/\/blog.brunnenbraeu.eu\/wp-content\/uploads\/2022\/01\/14.-Internationales-Bierfestival-Berlin-Mini-8.jpg 1063w\" sizes=\"auto, (max-width: 1024px) 100vw, 1024px\" \/><\/figure>\n\n\n\n<div style=\"height:100px\" aria-hidden=\"true\" class=\"wp-block-spacer\"><\/div>\n\n\n\n<p class=\"has-drop-cap\">X-beliebig \u2013 \u201eX-beliebig \u2013 Hauptsache Bier!\u201c schien das Motto f\u00fcr den einen oder anderen Berliner zu sein. Anstatt die exotische Auswahl an Bieren zu sch\u00e4tzen und zu verkosten, tranken zahlreiche Einheimische Berliner Bierhelden tapfer ihr Berliner Kindl Bier, das meines Wissens auch au\u00dferhalb der Biermeilenzeit in Berlin problemlos k\u00e4uflich zu erwerben ist. Warum sind die Helden dann heute hier?<\/p>\n\n\n\n<div style=\"height:100px\" aria-hidden=\"true\" class=\"wp-block-spacer\"><\/div>\n\n\n\n<figure class=\"wp-block-image size-large\"><img loading=\"lazy\" decoding=\"async\" width=\"1024\" height=\"506\" src=\"https:\/\/blog.brunnenbraeu.eu\/wp-content\/uploads\/2022\/01\/14.-Internationales-Bierfestival-Berlin-Mini-13-1024x506.jpg\" alt=\"\" class=\"wp-image-39226\" srcset=\"https:\/\/blog.brunnenbraeu.eu\/wp-content\/uploads\/2022\/01\/14.-Internationales-Bierfestival-Berlin-Mini-13-1024x506.jpg 1024w, https:\/\/blog.brunnenbraeu.eu\/wp-content\/uploads\/2022\/01\/14.-Internationales-Bierfestival-Berlin-Mini-13-300x148.jpg 300w, https:\/\/blog.brunnenbraeu.eu\/wp-content\/uploads\/2022\/01\/14.-Internationales-Bierfestival-Berlin-Mini-13-150x74.jpg 150w, https:\/\/blog.brunnenbraeu.eu\/wp-content\/uploads\/2022\/01\/14.-Internationales-Bierfestival-Berlin-Mini-13-768x379.jpg 768w, https:\/\/blog.brunnenbraeu.eu\/wp-content\/uploads\/2022\/01\/14.-Internationales-Bierfestival-Berlin-Mini-13.jpg 1063w\" sizes=\"auto, (max-width: 1024px) 100vw, 1024px\" \/><\/figure>\n\n\n\n<div style=\"height:100px\" aria-hidden=\"true\" class=\"wp-block-spacer\"><\/div>\n\n\n\n<p class=\"has-drop-cap\">Yggdrasil \u2013 Die Weltesche Yggdrasil aus der nordischen Mythologie birgt in ihrem obersten Stockwerk das G\u00f6tterreich Walhall, in dem die Asen sich bei Bier (!) und Met, das ihnen die Walk\u00fcren reichen, vergn\u00fcgen. Ein schwacher Bierbezug, aber immerhin ausreichend, den Buchstaben Y abzudecken.<\/p>\n\n\n\n<div style=\"height:100px\" aria-hidden=\"true\" class=\"wp-block-spacer\"><\/div>\n\n\n\n<figure class=\"wp-block-image size-large\"><img loading=\"lazy\" decoding=\"async\" width=\"1024\" height=\"724\" src=\"https:\/\/blog.brunnenbraeu.eu\/wp-content\/uploads\/2022\/01\/14.-Internationales-Bierfestival-Berlin-Mini-26-1024x724.jpg\" alt=\"\" class=\"wp-image-39248\" srcset=\"https:\/\/blog.brunnenbraeu.eu\/wp-content\/uploads\/2022\/01\/14.-Internationales-Bierfestival-Berlin-Mini-26-1024x724.jpg 1024w, https:\/\/blog.brunnenbraeu.eu\/wp-content\/uploads\/2022\/01\/14.-Internationales-Bierfestival-Berlin-Mini-26-300x212.jpg 300w, https:\/\/blog.brunnenbraeu.eu\/wp-content\/uploads\/2022\/01\/14.-Internationales-Bierfestival-Berlin-Mini-26-150x106.jpg 150w, https:\/\/blog.brunnenbraeu.eu\/wp-content\/uploads\/2022\/01\/14.-Internationales-Bierfestival-Berlin-Mini-26-768x543.jpg 768w, https:\/\/blog.brunnenbraeu.eu\/wp-content\/uploads\/2022\/01\/14.-Internationales-Bierfestival-Berlin-Mini-26.jpg 1063w\" sizes=\"auto, (max-width: 1024px) 100vw, 1024px\" \/><\/figure>\n\n\n\n<div style=\"height:100px\" aria-hidden=\"true\" class=\"wp-block-spacer\"><\/div>\n\n\n\n<p class=\"has-drop-cap\">Zahlen \u2013 0 (Euro kostete der Eintritt), 0,2 (Liter fasste der offizielle Probierkrug der Meile), 1,5 (Euro kostete die F\u00fcllung des Kruges), 3 (Tage dauerte das Bierfestival), 14 (Mal hat das Berliner Bierfestival nun stattgefunden), 16 (Seiten umfasste der Bierkompass, der half, alle Biere auf der Meile zu lokalisieren), 18 (B\u00fchnen waren aufgebaut und boten Unterhaltung), 19 (neue Biersorten habe ich verkostet), 35 (Jahre diplomatische Beziehungen zwischen Deutschland und Vietnam wurden gefeiert), 50 (Cent kostete der genannte Bierkompass), 72 (Lenze z\u00e4hlt der Darsteller des Bierk\u00f6nigs Gambrinus, Eberhard Schollmeier), 86 (L\u00e4nder waren vertreten), 155 (Kilometer ma\u00df meine Anreise), 300 (Brauereien waren anwesend), 362 (Tage dauert es bis zum n\u00e4chsten Berliner Bierfestival), 2000 (Bierspezialit\u00e4ten wurden angeboten), 2200 (Meter ma\u00df die Biermeile), 800000 (Besucher wurden gez\u00e4hlt).<\/p>\n\n\n\n<div style=\"height:100px\" aria-hidden=\"true\" class=\"wp-block-spacer\"><\/div>\n\n\n\n<figure class=\"wp-block-image size-large\"><img loading=\"lazy\" decoding=\"async\" width=\"1024\" height=\"715\" src=\"https:\/\/blog.brunnenbraeu.eu\/wp-content\/uploads\/2022\/01\/14.-Internationales-Bierfestival-Berlin-Mini-1-1024x715.jpg\" alt=\"\" class=\"wp-image-39211\" srcset=\"https:\/\/blog.brunnenbraeu.eu\/wp-content\/uploads\/2022\/01\/14.-Internationales-Bierfestival-Berlin-Mini-1-1024x715.jpg 1024w, https:\/\/blog.brunnenbraeu.eu\/wp-content\/uploads\/2022\/01\/14.-Internationales-Bierfestival-Berlin-Mini-1-300x209.jpg 300w, https:\/\/blog.brunnenbraeu.eu\/wp-content\/uploads\/2022\/01\/14.-Internationales-Bierfestival-Berlin-Mini-1-150x105.jpg 150w, https:\/\/blog.brunnenbraeu.eu\/wp-content\/uploads\/2022\/01\/14.-Internationales-Bierfestival-Berlin-Mini-1-768x536.jpg 768w, https:\/\/blog.brunnenbraeu.eu\/wp-content\/uploads\/2022\/01\/14.-Internationales-Bierfestival-Berlin-Mini-1.jpg 1063w\" sizes=\"auto, (max-width: 1024px) 100vw, 1024px\" \/><\/figure>\n\n\n\n<div style=\"height:100px\" aria-hidden=\"true\" class=\"wp-block-spacer\"><\/div>\n\n\n\n<p class=\"has-text-align-center\"><a href=\"https:\/\/vquante.jalbum.net\/Alben2\/Meile14\/\" target=\"_blank\" rel=\"noreferrer noopener\">Bildergalerie<\/a><\/p>\n","protected":false},"excerpt":{"rendered":"<div class=\"mh-excerpt\"><p>Die Berliner Biermeile 2010 von A bis Z Allee \u2013 Die Karl Marx Allee war vom 6. bis 8. August 2010 zum wiederholten Male Schauplatz der Berliner Biermeile. Zwischen dem Strausberger Platz und dem Frankfurter Tor standen die Bierbuden, \u2013st\u00e4nde und \u2013festzelte dicht an dicht aufgereiht. Konnte man am sp\u00e4ten <a class=\"mh-excerpt-more\" href=\"https:\/\/blog.brunnenbraeu.eu\/?p=39203\" title=\"14. Internationales Bierfestival Berlin\u201eBerliner Biermeile\u201cBerlinDEU\">[&#8230;]<\/a><\/p>\n<\/div>","protected":false},"author":1,"featured_media":39244,"comment_status":"open","ping_status":"open","sticky":false,"template":"","format":"standard","meta":{"footnotes":""},"categories":[2,40],"tags":[],"class_list":{"0":"post-39203","1":"post","2":"type-post","3":"status-publish","4":"format-standard","5":"has-post-thumbnail","7":"category-bier-erleben","8":"category-bierfestivals"},"_links":{"self":[{"href":"https:\/\/blog.brunnenbraeu.eu\/index.php?rest_route=\/wp\/v2\/posts\/39203","targetHints":{"allow":["GET"]}}],"collection":[{"href":"https:\/\/blog.brunnenbraeu.eu\/index.php?rest_route=\/wp\/v2\/posts"}],"about":[{"href":"https:\/\/blog.brunnenbraeu.eu\/index.php?rest_route=\/wp\/v2\/types\/post"}],"author":[{"embeddable":true,"href":"https:\/\/blog.brunnenbraeu.eu\/index.php?rest_route=\/wp\/v2\/users\/1"}],"replies":[{"embeddable":true,"href":"https:\/\/blog.brunnenbraeu.eu\/index.php?rest_route=%2Fwp%2Fv2%2Fcomments&post=39203"}],"version-history":[{"count":25,"href":"https:\/\/blog.brunnenbraeu.eu\/index.php?rest_route=\/wp\/v2\/posts\/39203\/revisions"}],"predecessor-version":[{"id":46848,"href":"https:\/\/blog.brunnenbraeu.eu\/index.php?rest_route=\/wp\/v2\/posts\/39203\/revisions\/46848"}],"wp:featuredmedia":[{"embeddable":true,"href":"https:\/\/blog.brunnenbraeu.eu\/index.php?rest_route=\/wp\/v2\/media\/39244"}],"wp:attachment":[{"href":"https:\/\/blog.brunnenbraeu.eu\/index.php?rest_route=%2Fwp%2Fv2%2Fmedia&parent=39203"}],"wp:term":[{"taxonomy":"category","embeddable":true,"href":"https:\/\/blog.brunnenbraeu.eu\/index.php?rest_route=%2Fwp%2Fv2%2Fcategories&post=39203"},{"taxonomy":"post_tag","embeddable":true,"href":"https:\/\/blog.brunnenbraeu.eu\/index.php?rest_route=%2Fwp%2Fv2%2Ftags&post=39203"}],"curies":[{"name":"wp","href":"https:\/\/api.w.org\/{rel}","templated":true}]}}