{"id":39614,"date":"2022-01-08T23:25:00","date_gmt":"2022-01-08T22:25:00","guid":{"rendered":"https:\/\/blog.brunnenbraeu.eu\/?p=39614"},"modified":"2022-02-20T19:25:39","modified_gmt":"2022-02-20T18:25:39","slug":"brauerei-adlerschwandenche","status":"publish","type":"post","link":"https:\/\/blog.brunnenbraeu.eu\/?p=39614","title":{"rendered":"Brauerei Adler<br>Schwanden<br>CHE"},"content":{"rendered":"\n<p>\u201eBevor wir unsere Wanderung machen, fahren wir eben noch schnell Bier kaufen\u201c, verk\u00fcnden unsere Freunde, bei denen wir das erste Wochenende des neuen Jahres verbringen. \u201eSonst haben wir heute Abend nichts zu trinken.\u201c<\/p>\n\n\n\n<p>Nur wenige Minuten sind es von der Kantonshauptstadt Glarus bis nach Schwanden, und da liegt sie auch schon vor uns, direkt an der Hauptstra\u00dfe: Die <a href=\"https:\/\/www.brauereiadler.ch\/\" target=\"_blank\" rel=\"noreferrer noopener\">Brauerei Adler<\/a>.<\/p>\n\n\n\n<p>1828 ist sie gegr\u00fcndet worden. Eine kleine, regionale Brauerei, die seit nun fast 200 Jahren eine feste Gr\u00f6\u00dfe im Kanton Glarus ist und neben ein paar Standard-Bieren auch die eine oder andere interessante Spezialit\u00e4t braut.<\/p>\n\n\n\n<p><a href=\"https:\/\/www.brauereiadler.ch\/getraenkemarkt\" target=\"_blank\" rel=\"noreferrer noopener\">Getr\u00e4nkeabholmarkt<\/a>, <a href=\"http:\/\/www.brauereigasthof-adler.ch\/\" target=\"_blank\" rel=\"noreferrer noopener\">Brauereigasthof<\/a> und <a href=\"https:\/\/www.brauereiadler.ch\/brauerei\" target=\"_blank\" rel=\"noreferrer noopener\">Sudhaus<\/a> liegen im Ortszentrum von Schwanden direkt nebeneinander. In der Mitte, gro\u00df und wuchtig, der Gasthof. Die dunkelroten Fensterl\u00e4den und die rosafarbene Fassade leuchten im dichten Schneetreiben. \u201eDie haben hier eine traditionelle und sehr gute K\u00fcche\u201c, h\u00f6re ich, \u201eda gehen wir mal hin, wenn Ihr uns das n\u00e4chste Mal besucht.\u201c Das klingt nach einem Plan, und in Gedanken sehe ich uns schon am gedeckten Tisch sitzen, bei feinem Essen und reichlich Bier.<\/p>\n\n\n\n<figure class=\"wp-block-image size-large\"><img loading=\"lazy\" decoding=\"async\" width=\"1024\" height=\"768\" src=\"https:\/\/blog.brunnenbraeu.eu\/wp-content\/uploads\/2022\/02\/Brauerei-Adler-Mini-1-1024x768.jpg\" alt=\"\" class=\"wp-image-39618\" srcset=\"https:\/\/blog.brunnenbraeu.eu\/wp-content\/uploads\/2022\/02\/Brauerei-Adler-Mini-1-1024x768.jpg 1024w, https:\/\/blog.brunnenbraeu.eu\/wp-content\/uploads\/2022\/02\/Brauerei-Adler-Mini-1-300x225.jpg 300w, https:\/\/blog.brunnenbraeu.eu\/wp-content\/uploads\/2022\/02\/Brauerei-Adler-Mini-1-150x112.jpg 150w, https:\/\/blog.brunnenbraeu.eu\/wp-content\/uploads\/2022\/02\/Brauerei-Adler-Mini-1-768x576.jpg 768w, https:\/\/blog.brunnenbraeu.eu\/wp-content\/uploads\/2022\/02\/Brauerei-Adler-Mini-1-678x509.jpg 678w, https:\/\/blog.brunnenbraeu.eu\/wp-content\/uploads\/2022\/02\/Brauerei-Adler-Mini-1-326x245.jpg 326w, https:\/\/blog.brunnenbraeu.eu\/wp-content\/uploads\/2022\/02\/Brauerei-Adler-Mini-1-80x60.jpg 80w, https:\/\/blog.brunnenbraeu.eu\/wp-content\/uploads\/2022\/02\/Brauerei-Adler-Mini-1.jpg 1063w\" sizes=\"auto, (max-width: 1024px) 100vw, 1024px\" \/><\/figure>\n\n\n\n<p class=\"has-text-align-center\" style=\"font-size:12px\"><strong>Brauerei Gasthof Adler<\/strong><\/p>\n\n\n\n<p>Wir drehen uns um und stapfen ein paar Meter durch den frischgefallenen Schnee. \u201eKesselhaus\u201c, informiert uns eine Hinweistafel. 750 kg Dampf pro Stunde werden hier produziert, um die gesamte Bierproduktion mit Energie zu versorgen.<\/p>\n\n\n\n<p>Direkt dahinter: Das <a href=\"https:\/\/www.brauereiadler.ch\/brauerei\" target=\"_blank\" rel=\"noreferrer noopener\">Sudhaus<\/a>. Leider ist heute, am Sonnabend, alles geschlossen, aber durch die etwas spiegelnde Fensterscheibe kann ich wenigstens einen kleinen Blick auf das kupferne Sudwerk der Firma <a href=\"https:\/\/www.kaspar-schulz.de\/\" target=\"_blank\" rel=\"noreferrer noopener\">Kaspar Schulz<\/a> erhaschen. 1995 ist es eingebaut worden.<\/p>\n\n\n\n<p>Noch ein paar Schritte weiter, und wir stehen vor einem winzigen Hopfengarten. Winzig in dem Sinne, dass es kleiner nicht mehr geht: Eine einsame Hopfenranke steht hier im Sommer und rankt sich an einem Holzpfahl empor. Hier, im rauen Klima der Berge, gedeiht Hopfen gar nicht richtig, und so dient die sich im Sommer m\u00fchsam ums \u00dcberleben bem\u00fchende Hopfenrebe denn auch nur der Veranschaulichung, wie die Pflanze, die dem Bier seinen charakteristischen bitteren Geschmack verleiht, denn \u201ein echt\u201c aussieht.<\/p>\n\n\n\n<figure class=\"wp-block-image size-large\"><img loading=\"lazy\" decoding=\"async\" width=\"1024\" height=\"719\" src=\"https:\/\/blog.brunnenbraeu.eu\/wp-content\/uploads\/2022\/02\/Brauerei-Adler-Mini-2-1024x719.jpg\" alt=\"\" class=\"wp-image-39619\" srcset=\"https:\/\/blog.brunnenbraeu.eu\/wp-content\/uploads\/2022\/02\/Brauerei-Adler-Mini-2-1024x719.jpg 1024w, https:\/\/blog.brunnenbraeu.eu\/wp-content\/uploads\/2022\/02\/Brauerei-Adler-Mini-2-300x211.jpg 300w, https:\/\/blog.brunnenbraeu.eu\/wp-content\/uploads\/2022\/02\/Brauerei-Adler-Mini-2-150x105.jpg 150w, https:\/\/blog.brunnenbraeu.eu\/wp-content\/uploads\/2022\/02\/Brauerei-Adler-Mini-2-768x539.jpg 768w, https:\/\/blog.brunnenbraeu.eu\/wp-content\/uploads\/2022\/02\/Brauerei-Adler-Mini-2.jpg 1063w\" sizes=\"auto, (max-width: 1024px) 100vw, 1024px\" \/><\/figure>\n\n\n\n<p class=\"has-text-align-center\" style=\"font-size:12px\"><strong>Brauerei Adler \u2013 Sudhaus und Kesselhaus<\/strong><\/p>\n\n\n\n<p>\u201eMehr gibt\u2019s von au\u00dfen leider nicht zu sehen\u201c, stellt unser Freund fest, und wir stapfen um den Brauereigasthof herum auf die andere Seite, in den kleinen <a rel=\"noreferrer noopener\" href=\"https:\/\/www.brauereiadler.ch\/getraenkemarkt\" target=\"_blank\">Getr\u00e4nkeabholmarkt<\/a>. Wir sind positiv \u00fcberrascht: Neben den eigenen Bieren bietet die <a rel=\"noreferrer noopener\" href=\"https:\/\/www.brauereiadler.ch\/\" target=\"_blank\">Brauerei Adler<\/a> eine ganze Reihe anderer alkoholischer Getr\u00e4nke, aber auch sch\u00f6ne Geschenke mit Bierbezug an. Wer einfach nur kastenweise sein Lieblingsbier kaufen m\u00f6chte, ist hier also genauso gut aufgehoben wie der, der nach einem bierigen Geschenk f\u00fcr einen Freund oder eine Freundin Ausschau h\u00e4lt.<\/p>\n\n\n\n<p>Auch ich werde f\u00fcndig. Neben insgesamt neun verschiedenen Bieren (zwei davon als holzfassgereifte Spezialit\u00e4ten, die in Kooperation mit dem <a href=\"https:\/\/www.brausyndikat.ch\/\" target=\"_blank\" rel=\"noreferrer noopener\">Brausyndikat Z\u00fcrich<\/a> entstanden sind) kaufe ich mir noch ein paar sch\u00f6ne Gl\u00e4ser und ein \u2013 leider s\u00fcndhaft teures \u2013 Buch \u00fcber die Schweizer Brauerei- und Bierszene.<\/p>\n\n\n\n<figure class=\"wp-block-image size-large\"><img loading=\"lazy\" decoding=\"async\" width=\"1024\" height=\"1024\" src=\"https:\/\/blog.brunnenbraeu.eu\/wp-content\/uploads\/2022\/02\/Brauerei-Adler-Mini-3-1024x1024.jpg\" alt=\"\" class=\"wp-image-39620\" srcset=\"https:\/\/blog.brunnenbraeu.eu\/wp-content\/uploads\/2022\/02\/Brauerei-Adler-Mini-3-1024x1024.jpg 1024w, https:\/\/blog.brunnenbraeu.eu\/wp-content\/uploads\/2022\/02\/Brauerei-Adler-Mini-3-300x300.jpg 300w, https:\/\/blog.brunnenbraeu.eu\/wp-content\/uploads\/2022\/02\/Brauerei-Adler-Mini-3-150x150.jpg 150w, https:\/\/blog.brunnenbraeu.eu\/wp-content\/uploads\/2022\/02\/Brauerei-Adler-Mini-3-768x768.jpg 768w, https:\/\/blog.brunnenbraeu.eu\/wp-content\/uploads\/2022\/02\/Brauerei-Adler-Mini-3.jpg 1063w\" sizes=\"auto, (max-width: 1024px) 100vw, 1024px\" \/><\/figure>\n\n\n\n<p class=\"has-text-align-center\" style=\"font-size:12px\"><strong>die Bierauswahl f\u00fcr heue Abend steht<\/strong><\/p>\n\n\n\n<p>\u201eSch\u00f6n! Die Adresse merken wir uns. Vielleicht schaffen wir es diesen Sommer ja mal, hier eine Brauereif\u00fchrung mitzumachen\u201c, freue ich mich, und mit gef\u00fclltem Einkaufskorb fahren wir wieder vom Hof der Brauerei. Die Bierauswahl f\u00fcr heute Abend steht!<\/p>\n\n\n\n<p><em>Die <a href=\"https:\/\/www.brauereiadler.ch\/\" target=\"_blank\" rel=\"noreferrer noopener\">Brauerei Adler<\/a> bietet Brauereif\u00fchrungen nach Absprache an. Der <a href=\"https:\/\/www.brauereiadler.ch\/getraenkemarkt\" target=\"_blank\" rel=\"noreferrer noopener\">Getr\u00e4nkeabholmarkt<\/a> ist montags von 14:00 bis 18:30 Uhr, dienstags bis freitags von 08:30 bis 11:45 und von 14:00 bis 18:30 Uhr und sonnabends von 08:00 bis 16:00 Uhr ge\u00f6ffnet. Der <a href=\"http:\/\/www.brauereigasthof-adler.ch\/\" target=\"_blank\" rel=\"noreferrer noopener\">Brauereigasthof<\/a> ist von 08:00 bis 24:00 Uhr ge\u00f6ffnet; sonntags und montags ist Ruhetag. Zu erreichen ist die Brauerei nicht nur mit dem Auto (Parkpl\u00e4tze direkt vor der T\u00fcr), sondern auch mit der Bahn. Vom Bahnhof Schwanden mit den S-Bahnlinien S6 und S25 sind es drei Minuten zu Fu\u00df bis zur Brauerei.<\/em><\/p>\n\n\n\n<p class=\"has-text-align-center\"><a href=\"https:\/\/vquante.jalbum.net\/Alben2\/BrauereiAdler\/\" target=\"_blank\" rel=\"noreferrer noopener\">Bilder<\/a><\/p>\n\n\n\n<p class=\"has-text-align-center\">Brauerei Adler<br>Hauptstrasse 34<br>8762 Schwanden<br>Schweiz<\/p>\n","protected":false},"excerpt":{"rendered":"<div class=\"mh-excerpt\"><p>\u201eBevor wir unsere Wanderung machen, fahren wir eben noch schnell Bier kaufen\u201c, verk\u00fcnden unsere Freunde, bei denen wir das erste Wochenende des neuen Jahres verbringen. \u201eSonst haben wir heute Abend nichts zu trinken.\u201c Nur wenige Minuten sind es von der Kantonshauptstadt Glarus bis nach Schwanden, und da liegt sie auch <a class=\"mh-excerpt-more\" href=\"https:\/\/blog.brunnenbraeu.eu\/?p=39614\" title=\"Brauerei AdlerSchwandenCHE\">[&#8230;]<\/a><\/p>\n<\/div>","protected":false},"author":1,"featured_media":39619,"comment_status":"open","ping_status":"open","sticky":false,"template":"","format":"standard","meta":{"footnotes":""},"categories":[6,13,83],"tags":[],"class_list":{"0":"post-39614","1":"post","2":"type-post","3":"status-publish","4":"format-standard","5":"has-post-thumbnail","7":"category-bier-vor-ort","8":"category-brauereien","9":"category-schweiz"},"_links":{"self":[{"href":"https:\/\/blog.brunnenbraeu.eu\/index.php?rest_route=\/wp\/v2\/posts\/39614","targetHints":{"allow":["GET"]}}],"collection":[{"href":"https:\/\/blog.brunnenbraeu.eu\/index.php?rest_route=\/wp\/v2\/posts"}],"about":[{"href":"https:\/\/blog.brunnenbraeu.eu\/index.php?rest_route=\/wp\/v2\/types\/post"}],"author":[{"embeddable":true,"href":"https:\/\/blog.brunnenbraeu.eu\/index.php?rest_route=\/wp\/v2\/users\/1"}],"replies":[{"embeddable":true,"href":"https:\/\/blog.brunnenbraeu.eu\/index.php?rest_route=%2Fwp%2Fv2%2Fcomments&post=39614"}],"version-history":[{"count":3,"href":"https:\/\/blog.brunnenbraeu.eu\/index.php?rest_route=\/wp\/v2\/posts\/39614\/revisions"}],"predecessor-version":[{"id":39622,"href":"https:\/\/blog.brunnenbraeu.eu\/index.php?rest_route=\/wp\/v2\/posts\/39614\/revisions\/39622"}],"wp:featuredmedia":[{"embeddable":true,"href":"https:\/\/blog.brunnenbraeu.eu\/index.php?rest_route=\/wp\/v2\/media\/39619"}],"wp:attachment":[{"href":"https:\/\/blog.brunnenbraeu.eu\/index.php?rest_route=%2Fwp%2Fv2%2Fmedia&parent=39614"}],"wp:term":[{"taxonomy":"category","embeddable":true,"href":"https:\/\/blog.brunnenbraeu.eu\/index.php?rest_route=%2Fwp%2Fv2%2Fcategories&post=39614"},{"taxonomy":"post_tag","embeddable":true,"href":"https:\/\/blog.brunnenbraeu.eu\/index.php?rest_route=%2Fwp%2Fv2%2Ftags&post=39614"}],"curies":[{"name":"wp","href":"https:\/\/api.w.org\/{rel}","templated":true}]}}