{"id":40344,"date":"2022-03-28T23:03:00","date_gmt":"2022-03-28T21:03:00","guid":{"rendered":"https:\/\/blog.brunnenbraeu.eu\/?p=40344"},"modified":"2022-04-18T08:05:59","modified_gmt":"2022-04-18T06:05:59","slug":"karl-hennies-robert-spannerdie-brauerei-im-bild","status":"publish","type":"post","link":"https:\/\/blog.brunnenbraeu.eu\/?p=40344","title":{"rendered":"Karl Hennies, Robert Spanner<br>Die Brauerei im Bild"},"content":{"rendered":"\n<p>Ein bisschen ramponiert ist das Buch leider schon. Der eigentlich robuste Kartonumschlag, der Leinenr\u00fccken, die Bindung mit echten N\u00e4hten \u2013 alles ist auf Langlebigkeit ausgerichtet. Aber rund 80 Jahre haben doch ihre Spuren hinterlassen. Die Ecken sind abgesto\u00dfen, der feste Karton irgendwann doch einmal geknickt worden.<\/p>\n\n\n\n<figure class=\"wp-block-image size-large is-resized\"><img loading=\"lazy\" decoding=\"async\" src=\"https:\/\/blog.brunnenbraeu.eu\/wp-content\/uploads\/2022\/03\/Die-Brauerei-im-Bild-Mini-1-733x1024.jpg\" alt=\"\" class=\"wp-image-40346\" width=\"841\" height=\"1175\" srcset=\"https:\/\/blog.brunnenbraeu.eu\/wp-content\/uploads\/2022\/03\/Die-Brauerei-im-Bild-Mini-1-733x1024.jpg 733w, https:\/\/blog.brunnenbraeu.eu\/wp-content\/uploads\/2022\/03\/Die-Brauerei-im-Bild-Mini-1-215x300.jpg 215w, https:\/\/blog.brunnenbraeu.eu\/wp-content\/uploads\/2022\/03\/Die-Brauerei-im-Bild-Mini-1-107x150.jpg 107w, https:\/\/blog.brunnenbraeu.eu\/wp-content\/uploads\/2022\/03\/Die-Brauerei-im-Bild-Mini-1-768x1074.jpg 768w, https:\/\/blog.brunnenbraeu.eu\/wp-content\/uploads\/2022\/03\/Die-Brauerei-im-Bild-Mini-1.jpg 1063w\" sizes=\"auto, (max-width: 841px) 100vw, 841px\" \/><\/figure>\n\n\n\n<p class=\"has-text-align-center\" style=\"font-size:12px\"><strong>Karl Hennies, Robert Spanner<br>Die Brauerei im Bild<\/strong><\/p>\n\n\n\n<p>Um so vorsichtiger gehe ich mit diesem Buch jetzt um. Mitten im Krieg ist es entstanden, erstmalig herausgegeben 1940; vor mir liegt ein Exemplar der zweiten Auflage aus dem Jahr 1942. Die Brauerei im Bild \u2013 ein Lehrbuch f\u00fcr den angehenden Brauer, aber auch gedacht f\u00fcr \u201eeinen Laien (\u2026), der zum ersten Mal in seinem Leben durch eine Brauerei gef\u00fchrt wird\u201c, wie es der Autor Karl Hennies in seinem Vorwort schreibt. Kurze Texte, die sich auf das Wesentliche beschr\u00e4nken, hei\u00dft es, und dazu aus der Hand des Zeichners Robert Spanner 78 Zeichnungen und Lichtbilder, sowie neun Tafeln.<\/p>\n\n\n\n<p>In drei gro\u00dfe Abschnitte ist das Buch aufgeteilt: \u201eDie Malzbereitung\u201c, \u201eDie Bierbereitung\u201c und \u201eDer Mensch und das Bier\u201c. An ihnen wird die didaktische Zielrichtung bereits deutlich \u2013 die beiden S\u00e4ulen des Berufsbilds Brauer und M\u00e4lzer, und im dritten Abschnitt die Rolle des Biers im Alltag der Menschen, aber auch seine wirtschaftlichen Aspekte.<\/p>\n\n\n\n<p>Die gebrochene Schrift macht es vermutlich manchen etwas schwer, dieses Buch fl\u00fcssig zu lesen. Wer nicht von seinen Gro\u00dfeltern mit dieser Schrift vertraut gemacht worden ist, wird wohl eher Wort f\u00fcr Wort vor sich hin buchstabieren. Aber es macht trotzdem Spa\u00df!<\/p>\n\n\n\n<figure class=\"wp-block-image size-large\"><img loading=\"lazy\" decoding=\"async\" width=\"1024\" height=\"596\" src=\"https:\/\/blog.brunnenbraeu.eu\/wp-content\/uploads\/2022\/03\/Die-Brauerei-im-Bild-Mini-2-1024x596.jpg\" alt=\"\" class=\"wp-image-40347\" srcset=\"https:\/\/blog.brunnenbraeu.eu\/wp-content\/uploads\/2022\/03\/Die-Brauerei-im-Bild-Mini-2-1024x596.jpg 1024w, https:\/\/blog.brunnenbraeu.eu\/wp-content\/uploads\/2022\/03\/Die-Brauerei-im-Bild-Mini-2-300x175.jpg 300w, https:\/\/blog.brunnenbraeu.eu\/wp-content\/uploads\/2022\/03\/Die-Brauerei-im-Bild-Mini-2-150x87.jpg 150w, https:\/\/blog.brunnenbraeu.eu\/wp-content\/uploads\/2022\/03\/Die-Brauerei-im-Bild-Mini-2-768x447.jpg 768w, https:\/\/blog.brunnenbraeu.eu\/wp-content\/uploads\/2022\/03\/Die-Brauerei-im-Bild-Mini-2.jpg 1063w\" sizes=\"auto, (max-width: 1024px) 100vw, 1024px\" \/><\/figure>\n\n\n\n<p class=\"has-text-align-center\" style=\"font-size:12px\"><strong>einzeln gefaltete und eingeklebte Bildtafeln<\/strong><\/p>\n\n\n\n<p>Mich pers\u00f6nlich beeindruckt der enorme Aufwand, der in dieses Buch geflossen ist. Die separat gedruckten Bildtafeln sind sorgf\u00e4ltig auf das Format des Buches gefaltet und einzeln auf die entsprechende Seite geklebt worden. Angesichts einer Auflage von zwei Mal 4000 Exemplaren eine echte Flei\u00dfarbeit. Ein bisschen ist das Papier dieser Tafeln vergilbt, und an der einen oder anderen Stelle sind die Falze eingerissen. Nun ja, achtzig Jahre sind eine lange Zeit \u2026<\/p>\n\n\n\n<p>Manche Formulierungen muss man im Kontext der Zeit lesen und darf sie in der R\u00fcckschau nicht \u00fcberbewerten. So hei\u00dft es im Vorwort zur zweiten Auflage: \u201eM\u00f6ge die neue Auflage mit dazu beitragen, die rastlos schaffenden Deutschen vorzubereiten auf die gro\u00dfen Aufgaben nach einem siegreichen Frieden!\u201c So traurig es ist: Ohne solche Aufrufe ist es im Dritten Reich wohl nicht gegangen.<\/p>\n\n\n\n<p>\u00c4hnlich altmodisch, aber wenigstens ohne Kriegsrhetorik, die S\u00e4tze, mit denen das Buch schlie\u00dft: \u201eNun mag uns ein frisches Glas, sei es ein feines hopfenbitteres Helles oder ein angenehm vollmundig-malziges Dunkles, k\u00f6stlich munden. So wie es unseren beiden Bauern schmeckt, die am Sonntagnachmittag nach der Woche arbeitsamem Gang in besinnlicher Stunde Rast halten, ein gutes Wort miteinander reden, ihr Glas Bier Schluck f\u00fcr Schluck genie\u00dfen, langsam und mit Bedacht, und neue Kraft und neuen Mut f\u00fcr der Tage Arbeit sch\u00f6pfen.\u201c<\/p>\n\n\n\n<figure class=\"wp-block-image size-large\"><img loading=\"lazy\" decoding=\"async\" width=\"966\" height=\"1024\" src=\"https:\/\/blog.brunnenbraeu.eu\/wp-content\/uploads\/2022\/03\/Die-Brauerei-im-Bild-Mini-3-966x1024.jpg\" alt=\"\" class=\"wp-image-40348\" srcset=\"https:\/\/blog.brunnenbraeu.eu\/wp-content\/uploads\/2022\/03\/Die-Brauerei-im-Bild-Mini-3-966x1024.jpg 966w, https:\/\/blog.brunnenbraeu.eu\/wp-content\/uploads\/2022\/03\/Die-Brauerei-im-Bild-Mini-3-283x300.jpg 283w, https:\/\/blog.brunnenbraeu.eu\/wp-content\/uploads\/2022\/03\/Die-Brauerei-im-Bild-Mini-3-141x150.jpg 141w, https:\/\/blog.brunnenbraeu.eu\/wp-content\/uploads\/2022\/03\/Die-Brauerei-im-Bild-Mini-3-768x814.jpg 768w, https:\/\/blog.brunnenbraeu.eu\/wp-content\/uploads\/2022\/03\/Die-Brauerei-im-Bild-Mini-3.jpg 1063w\" sizes=\"auto, (max-width: 966px) 100vw, 966px\" \/><\/figure>\n\n\n\n<p class=\"has-text-align-center\" style=\"font-size:12px\"><strong>altmodische, schw\u00fclstige Formulierungen<\/strong><\/p>\n\n\n\n<p>Fast schon ketzerisch m\u00f6chte ich bei diesen Formulierungen an die aktuelle Mode der Achtsamkeit denken, wenn auch die Bedacht, mit der das Bier damals getrunken werden sollte, eher dem Erhalt der Arbeitskraft als der individuellen Selbstverwirklichung dienen sollte \u2026<\/p>\n\n\n\n<p class=\"has-text-align-center\">Karl Hennies, Robert Spanner<br>Die Brauerei im Bild<br>Verlag F. Carl<br>N\u00fcrnberg, 1940<br>ISBN &#8211; ohne &#8211;<\/p>\n\n\n\n<hr class=\"wp-block-separator is-style-default\"\/>\n\n\n\n<p>Die 7. Auflage dieses Buchs aus dem Jahr 1977 zeigt, wie rasch die Zeit vergeht.<\/p>\n\n\n\n<figure class=\"wp-block-image size-large is-resized\"><img loading=\"lazy\" decoding=\"async\" src=\"https:\/\/blog.brunnenbraeu.eu\/wp-content\/uploads\/2022\/04\/Die-Brauerei-im-Bild-Mini-4-701x1024.jpg\" alt=\"\" class=\"wp-image-40646\" width=\"839\" height=\"1226\" srcset=\"https:\/\/blog.brunnenbraeu.eu\/wp-content\/uploads\/2022\/04\/Die-Brauerei-im-Bild-Mini-4-701x1024.jpg 701w, https:\/\/blog.brunnenbraeu.eu\/wp-content\/uploads\/2022\/04\/Die-Brauerei-im-Bild-Mini-4-205x300.jpg 205w, https:\/\/blog.brunnenbraeu.eu\/wp-content\/uploads\/2022\/04\/Die-Brauerei-im-Bild-Mini-4-103x150.jpg 103w, https:\/\/blog.brunnenbraeu.eu\/wp-content\/uploads\/2022\/04\/Die-Brauerei-im-Bild-Mini-4-768x1121.jpg 768w, https:\/\/blog.brunnenbraeu.eu\/wp-content\/uploads\/2022\/04\/Die-Brauerei-im-Bild-Mini-4-1052x1536.jpg 1052w, https:\/\/blog.brunnenbraeu.eu\/wp-content\/uploads\/2022\/04\/Die-Brauerei-im-Bild-Mini-4.jpg 1063w\" sizes=\"auto, (max-width: 839px) 100vw, 839px\" \/><\/figure>\n\n\n\n<p class=\"has-text-align-center\" style=\"font-size:12px\"><strong>Karl Hennies, Robert Spanner, Georg Zentgraf<br>Die Brauerei im Bild<\/strong><\/p>\n\n\n\n<p>Das Buch ist im Format etwas gewachsen, es ist nicht mehr im Leinen-, sondern im Kartoneinband mit Schutzumschlag ausgeliefert, und es hat zum gesamten Bildmaterial zweisprachige Unterschriften \u2013 nicht nur in Deutsch, sondern auch in Englisch. Und eben dieses Bildmaterial ist auch signifikant erweitert worden. Nicht mehr nur einzelne Fotografien und zahlreiche Zeichnungen, sondern eine beeindruckende Menge an Detailfotos, Explosionszeichnungen und \u00e4hnlichem finden sich auf den \u00fcber 140 Seiten der neuen Auflage.<\/p>\n\n\n\n<figure class=\"wp-block-image size-large is-resized\"><img loading=\"lazy\" decoding=\"async\" src=\"https:\/\/blog.brunnenbraeu.eu\/wp-content\/uploads\/2022\/04\/Die-Brauerei-im-Bild-Mini-5-1024x761.jpg\" alt=\"\" class=\"wp-image-40647\" width=\"839\" height=\"623\" srcset=\"https:\/\/blog.brunnenbraeu.eu\/wp-content\/uploads\/2022\/04\/Die-Brauerei-im-Bild-Mini-5-1024x761.jpg 1024w, https:\/\/blog.brunnenbraeu.eu\/wp-content\/uploads\/2022\/04\/Die-Brauerei-im-Bild-Mini-5-300x223.jpg 300w, https:\/\/blog.brunnenbraeu.eu\/wp-content\/uploads\/2022\/04\/Die-Brauerei-im-Bild-Mini-5-150x111.jpg 150w, https:\/\/blog.brunnenbraeu.eu\/wp-content\/uploads\/2022\/04\/Die-Brauerei-im-Bild-Mini-5-768x571.jpg 768w, https:\/\/blog.brunnenbraeu.eu\/wp-content\/uploads\/2022\/04\/Die-Brauerei-im-Bild-Mini-5-80x60.jpg 80w, https:\/\/blog.brunnenbraeu.eu\/wp-content\/uploads\/2022\/04\/Die-Brauerei-im-Bild-Mini-5.jpg 1063w\" sizes=\"auto, (max-width: 839px) 100vw, 839px\" \/><\/figure>\n\n\n\n<p class=\"has-text-align-center\" style=\"font-size:12px\"><strong>die 7. Auflage ist noch reichhaltiger bebildert<\/strong><\/p>\n\n\n\n<p>Das Papier ist hochwertig, leicht gl\u00e4nzend, die durchg\u00e4ngig in Schwarzwei\u00df gehaltenen Bilder sind gestochen scharf wiedergegeben.<\/p>\n\n\n\n<p>\u00dcberraschend ist, dass sich an den eigentlichen Text ein umfangreicher Teil an Werbung anschlie\u00dft \u2013 mehrere Dutzend Seiten, die sogar (und hier ist offensichtlich kein Aufwand zu hoch) in Farbe und teilweise sogar mit haptischen Effekten gedruckt sind. Ein Versuch, den Verkaufspreis des Buchs niedrig zu halten?<\/p>\n\n\n\n<p class=\"has-text-align-center\">Karl Hennies, Robert Spanner, Georg Zentgraf<br>Die Brauerei im Bild<br>Verlag Hans Carl<br>N\u00fcrnberg, 1977<br>ISBN 3-418-00634-5<\/p>\n","protected":false},"excerpt":{"rendered":"<div class=\"mh-excerpt\"><p>Ein bisschen ramponiert ist das Buch leider schon. Der eigentlich robuste Kartonumschlag, der Leinenr\u00fccken, die Bindung mit echten N\u00e4hten \u2013 alles ist auf Langlebigkeit ausgerichtet. Aber rund 80 Jahre haben doch ihre Spuren hinterlassen. Die Ecken sind abgesto\u00dfen, der feste Karton irgendwann doch einmal geknickt worden. Karl Hennies, Robert SpannerDie <a class=\"mh-excerpt-more\" href=\"https:\/\/blog.brunnenbraeu.eu\/?p=40344\" title=\"Karl Hennies, Robert SpannerDie Brauerei im Bild\">[&#8230;]<\/a><\/p>\n<\/div>","protected":false},"author":1,"featured_media":40346,"comment_status":"open","ping_status":"open","sticky":false,"template":"","format":"standard","meta":{"footnotes":""},"categories":[61,60],"tags":[],"class_list":{"0":"post-40344","1":"post","2":"type-post","3":"status-publish","4":"format-standard","5":"has-post-thumbnail","7":"category-buecher","8":"category-rezensionen"},"_links":{"self":[{"href":"https:\/\/blog.brunnenbraeu.eu\/index.php?rest_route=\/wp\/v2\/posts\/40344","targetHints":{"allow":["GET"]}}],"collection":[{"href":"https:\/\/blog.brunnenbraeu.eu\/index.php?rest_route=\/wp\/v2\/posts"}],"about":[{"href":"https:\/\/blog.brunnenbraeu.eu\/index.php?rest_route=\/wp\/v2\/types\/post"}],"author":[{"embeddable":true,"href":"https:\/\/blog.brunnenbraeu.eu\/index.php?rest_route=\/wp\/v2\/users\/1"}],"replies":[{"embeddable":true,"href":"https:\/\/blog.brunnenbraeu.eu\/index.php?rest_route=%2Fwp%2Fv2%2Fcomments&post=40344"}],"version-history":[{"count":5,"href":"https:\/\/blog.brunnenbraeu.eu\/index.php?rest_route=\/wp\/v2\/posts\/40344\/revisions"}],"predecessor-version":[{"id":40649,"href":"https:\/\/blog.brunnenbraeu.eu\/index.php?rest_route=\/wp\/v2\/posts\/40344\/revisions\/40649"}],"wp:featuredmedia":[{"embeddable":true,"href":"https:\/\/blog.brunnenbraeu.eu\/index.php?rest_route=\/wp\/v2\/media\/40346"}],"wp:attachment":[{"href":"https:\/\/blog.brunnenbraeu.eu\/index.php?rest_route=%2Fwp%2Fv2%2Fmedia&parent=40344"}],"wp:term":[{"taxonomy":"category","embeddable":true,"href":"https:\/\/blog.brunnenbraeu.eu\/index.php?rest_route=%2Fwp%2Fv2%2Fcategories&post=40344"},{"taxonomy":"post_tag","embeddable":true,"href":"https:\/\/blog.brunnenbraeu.eu\/index.php?rest_route=%2Fwp%2Fv2%2Ftags&post=40344"}],"curies":[{"name":"wp","href":"https:\/\/api.w.org\/{rel}","templated":true}]}}