{"id":4097,"date":"2016-05-20T23:20:58","date_gmt":"2016-05-20T21:20:58","guid":{"rendered":"http:\/\/blog.brunnenbraeu.eu\/?p=4097"},"modified":"2022-02-12T12:54:46","modified_gmt":"2022-02-12T11:54:46","slug":"puels-braeu-kgweismaindeu","status":"publish","type":"post","link":"https:\/\/blog.brunnenbraeu.eu\/?p=4097","title":{"rendered":"P\u00fcls-Br\u00e4u<br \/>Weismain<br \/>DEU"},"content":{"rendered":"\n<p>\u201eHallo, mein Name ist P\u00fcls.\u201c, begr\u00fc\u00dft uns der Brauereichef der <a rel=\"noreferrer noopener\" href=\"http:\/\/www.weismainer.de\/\" target=\"_blank\">Weismainer Brauerei P\u00fcls-Br\u00e4u KG<\/a>, Hans P\u00fcls, als wir uns vor dem Eingang zur Brauerei treffen. \u201eDie Brauerei ist nach dem Familiennamen benannt, und das schon seit sechs Generationen. Und, nein, es ist nicht so, dass wir hier in Franken nur zu dumm w\u00e4ren, Pils richtig zu schreiben!\u201c Er lacht. \u201eUnd jetzt schauen wir uns die Brauerei an!\u201c<\/p>\n\n\n\n<figure class=\"wp-block-image size-large\"><img loading=\"lazy\" decoding=\"async\" width=\"1024\" height=\"752\" src=\"https:\/\/blog.brunnenbraeu.eu\/wp-content\/uploads\/2022\/02\/Puels-Braeu-Mini-1-1024x752.jpg\" alt=\"\" class=\"wp-image-39636\" srcset=\"https:\/\/blog.brunnenbraeu.eu\/wp-content\/uploads\/2022\/02\/Puels-Braeu-Mini-1-1024x752.jpg 1024w, https:\/\/blog.brunnenbraeu.eu\/wp-content\/uploads\/2022\/02\/Puels-Braeu-Mini-1-300x220.jpg 300w, https:\/\/blog.brunnenbraeu.eu\/wp-content\/uploads\/2022\/02\/Puels-Braeu-Mini-1-150x110.jpg 150w, https:\/\/blog.brunnenbraeu.eu\/wp-content\/uploads\/2022\/02\/Puels-Braeu-Mini-1-768x564.jpg 768w, https:\/\/blog.brunnenbraeu.eu\/wp-content\/uploads\/2022\/02\/Puels-Braeu-Mini-1-80x60.jpg 80w, https:\/\/blog.brunnenbraeu.eu\/wp-content\/uploads\/2022\/02\/Puels-Braeu-Mini-1.jpg 1063w\" sizes=\"auto, (max-width: 1024px) 100vw, 1024px\" \/><\/figure>\n\n\n\n<p class=\"has-text-align-center\" style=\"font-size:12px\"><strong>im Sudhaus<\/strong><\/p>\n\n\n\n<p>Ein netter Auftakt zu einer sehr ausf\u00fchrlichen Brauereibesichtigung. Braumeister Thomas Gommelt zeigt uns jeden Winkel der Brauerei, geschlagene anderthalb Stunden verbringen wir mit ihm im Innern, krabbeln quasi mit dem Kopf voran durch die Kessel und Pfannen, staunen, wie gro\u00dfz\u00fcgig mit dem Platz umgegangen werden kann, wenn Grundst\u00fcck und Hallen von Anfang an ausreichend gro\u00df geplant werden, bewundern die Sauberkeit \u00fcberall und schauen interessiert zu, wie die Hefe aus den oben offenen G\u00e4rtanks kriecht und langsam in die \u00dcberlaufbeh\u00e4lter tropft.<\/p>\n\n\n\n<p>Ein Dutzend \u201erichtige\u201c Biere werden hier gebraut, von den eher herb-trockenen Bieren Hopfengold, Pils, Feinherb und Premium \u00fcber die w\u00fcrzigeren Sorten Kellertrunk, Landbier und Helles und die Weizenbiere in \u201enormal\u201c, \u201eleicht\u201c und \u201ealkoholfrei\u201c bis zum Abt-Knauer-Bock, wahlweise in \u201ehell\u201c oder \u201edunkel\u201c. Daneben gibt es noch \u2013 weniger interessant f\u00fcr uns \u2013 Radler in verschiedenen Versionen und aus der eigenen 160 m tiefen Quelle Mineralwasser, das auch f\u00fcr die Herstellung von Limonaden benutzt wird.<\/p>\n\n\n\n<figure class=\"wp-block-image size-large\"><img loading=\"lazy\" decoding=\"async\" width=\"1024\" height=\"645\" src=\"https:\/\/blog.brunnenbraeu.eu\/wp-content\/uploads\/2022\/02\/Puels-Braeu-Mini-2-1024x645.jpg\" alt=\"\" class=\"wp-image-39637\" srcset=\"https:\/\/blog.brunnenbraeu.eu\/wp-content\/uploads\/2022\/02\/Puels-Braeu-Mini-2-1024x645.jpg 1024w, https:\/\/blog.brunnenbraeu.eu\/wp-content\/uploads\/2022\/02\/Puels-Braeu-Mini-2-300x189.jpg 300w, https:\/\/blog.brunnenbraeu.eu\/wp-content\/uploads\/2022\/02\/Puels-Braeu-Mini-2-150x95.jpg 150w, https:\/\/blog.brunnenbraeu.eu\/wp-content\/uploads\/2022\/02\/Puels-Braeu-Mini-2-768x484.jpg 768w, https:\/\/blog.brunnenbraeu.eu\/wp-content\/uploads\/2022\/02\/Puels-Braeu-Mini-2.jpg 1063w\" sizes=\"auto, (max-width: 1024px) 100vw, 1024px\" \/><\/figure>\n\n\n\n<p class=\"has-text-align-center\" style=\"font-size:12px\"><strong>dick und sahnig rinnt die Hefe in den \u00dcberlaufbeh\u00e4lter<\/strong><\/p>\n\n\n\n<p>Uns schwirrt der Kopf, als wir nach neunzig Minuten wieder ans Tageslicht kommen. So viel haben wir schon gesehen, soviel Informationen haben wir bekommen \u2013 jetzt haben wir aber Appetit darauf, das P\u00fcls-Bier auch zu verkosten.<\/p>\n\n\n\n<p>Im Hof wartet schon der historische Lastwagen, der zum fahrenden Ausschank umfunktioniert worden ist. Aus zwei Zapfh\u00e4hnen k\u00f6nnen wir uns nach Herzenslust mit Landbier und Wei\u00dfbier versorgen, dazu bekommen wir noch einen leckeren Imbiss. Das w\u00fcrzige und s\u00fcffige, bernsteinfarbene Landbier mundet gut, aber das Wei\u00dfbier ist die Kr\u00f6nung. Und es liegt nicht am herrlichen Wetter, dass das Wei\u00dfbier einfach nur besser zischt, nein, es \u00fcberzeugt ganz einfach durch wunderbare Fruchtaromen: Banane und Aprikose geben sich schon beim ersten Schnuppern die Ehre, und beim Schluck folgt dann ein herrlich ausgewogenes Aromaspiel, dass durch die hohe, aber nicht zu hohe Rezens unterstrichen wird. Keine Kohlens\u00e4uresch\u00e4rfe, sondern gerade das richtige Ma\u00df, um zu erfrischen und den Fruchtnoten zur Geltung zu verhelfen. Dazu noch eine vollmundige Konsistenz und im Abgang eine nur zarte Bittere, die jeden Anflug von Rauheit oder Kratzigkeit vermissen l\u00e4sst. Was f\u00fcr ein sch\u00f6nes Bier!<\/p>\n\n\n\n<figure class=\"wp-block-image size-large\"><img loading=\"lazy\" decoding=\"async\" width=\"1024\" height=\"677\" src=\"https:\/\/blog.brunnenbraeu.eu\/wp-content\/uploads\/2022\/02\/Puels-Braeu-Mini-3-1024x677.jpg\" alt=\"\" class=\"wp-image-39638\" srcset=\"https:\/\/blog.brunnenbraeu.eu\/wp-content\/uploads\/2022\/02\/Puels-Braeu-Mini-3-1024x677.jpg 1024w, https:\/\/blog.brunnenbraeu.eu\/wp-content\/uploads\/2022\/02\/Puels-Braeu-Mini-3-300x198.jpg 300w, https:\/\/blog.brunnenbraeu.eu\/wp-content\/uploads\/2022\/02\/Puels-Braeu-Mini-3-150x99.jpg 150w, https:\/\/blog.brunnenbraeu.eu\/wp-content\/uploads\/2022\/02\/Puels-Braeu-Mini-3-768x508.jpg 768w, https:\/\/blog.brunnenbraeu.eu\/wp-content\/uploads\/2022\/02\/Puels-Braeu-Mini-3-391x260.jpg 391w, https:\/\/blog.brunnenbraeu.eu\/wp-content\/uploads\/2022\/02\/Puels-Braeu-Mini-3.jpg 1063w\" sizes=\"auto, (max-width: 1024px) 100vw, 1024px\" \/><\/figure>\n\n\n\n<p class=\"has-text-align-center\" style=\"font-size:12px\"><strong>der historische Lastwagen wurde zum Ausschank umfunktioniert<\/strong><\/p>\n\n\n\n<p>Sowohl Brauereichef Hans P\u00fcls als auch beide mittlerweile anwesenden Braumeister, Thomas Gommelt und Horst Wei\u00df, freuen sich \u00fcber unsere Begeisterung. Noch lange k\u00f6nnten wir hier sitzen und ganz gen\u00fcsslich ein Wei\u00dfbier nach dem anderen genie\u00dfen. V\u00f6llig ohne Hast, gem\u00fctlich in der Sonne sitzend, und ab und an mal einen kr\u00e4ftigen Bissen in die leckeren Backwaren dazwischenschieben. Langsam k\u00f6nnte der Abend dann ausklingen, ein dunkelgoldener Sonnenuntergang und die herannahende K\u00fchle vom neben der Brauerei entlangpl\u00e4tschernden Weismain w\u00fcrden die Sinnessinfonie vollenden.<\/p>\n\n\n\n<p>Doch wie so h\u00e4ufig macht uns auch heute der Zeitplan einen Strich durch die Rechnung. Unauff\u00e4llig schiebt sich der Kleinbus vor das Brauereigeb\u00e4ude, der uns noch weiterbringen soll. Die Fahrerin winkt freundlich, noch geduldig, Ach, es f\u00e4llt schwer, aber wir nehmen die letzten Schlucke, danken dem Team artig f\u00fcr die Gastfreundschaft, und weiter geht es, anderen bierigen Zielen entgegen.<\/p>\n\n\n\n<p>Seit 1798 gibt es die Brauerei P\u00fcls, oder <a rel=\"noreferrer noopener\" href=\"http:\/\/www.weismainer.de\/\" target=\"_blank\">Weismainer P\u00fcls-Br\u00e4u<\/a>, wie sie sich mit Blick auf Ort und Bach nennt. In der sechsten Generation wird sie von einem P\u00fcls gef\u00fchrt, und pflegt mit ihrer regionalen Verankerung eine alte Tradition. Was eigentlich gar keine Tradition ist, gleichwohl f\u00fcr die P\u00fcls-Br\u00e4u aber typisch, das ist der Drehverschluss der Bierflaschen. Keine Suche mehr nach dem Bier\u00f6ffner, keine improvisierten und manchmal gesundheitsgef\u00e4hrdenden Versuche, den Kronkorken von der Flasche abzuhebeln, sondern nur ein einfacher Dreh. Praktisch!<\/p>\n\n\n\n<p><em>Die <a rel=\"noreferrer noopener\" href=\"http:\/\/www.weismainer.de\/\" target=\"_blank\">Weismainer P\u00fcls-Br\u00e4u<\/a><\/em> <em>verf\u00fcgt \u00fcber keinen eigenen Brauereiausschank, aber hat einen Getr\u00e4nkemarkt in der Stadt Weismain am Festungsweg 2a, der dienstags bis freitags von 08:00 bis 12:00 Uhr und von 13:30 bis 18:00 Uhr ge\u00f6ffnet ist; sonnabends von 08:00 bis 12:00 Uhr. Zu erreichen ist die Brauerei am g\u00fcnstigsten mit dem eigenen Wagen.<\/em><\/p>\n\n\n\n<p class=\"has-text-align-center\"><a rel=\"noreferrer noopener\" href=\"https:\/\/vquante.jalbum.net\/Alben2\/Puels\/\" target=\"_blank\">Bilder<\/a><\/p>\n\n\n\n<p class=\"has-text-align-center\">P\u00fcls-Br\u00e4u KG<br>Burgkunstadter Stra\u00dfe 41-43<br>96 260 Weismain<br>Bayern<br>Deutschland<\/p>\n","protected":false},"excerpt":{"rendered":"<div class=\"mh-excerpt\"><p>\u201eHallo, mein Name ist P\u00fcls.\u201c, begr\u00fc\u00dft uns der Brauereichef der Weismainer Brauerei P\u00fcls-Br\u00e4u KG, Hans P\u00fcls, als wir uns vor dem Eingang zur Brauerei treffen. \u201eDie Brauerei ist nach dem Familiennamen benannt, und das schon seit sechs Generationen. Und, nein, es ist nicht so, dass wir hier in Franken nur <a class=\"mh-excerpt-more\" href=\"https:\/\/blog.brunnenbraeu.eu\/?p=4097\" title=\"P\u00fcls-Br\u00e4uWeismainDEU\">[&#8230;]<\/a><\/p>\n<\/div>","protected":false},"author":1,"featured_media":39636,"comment_status":"open","ping_status":"open","sticky":false,"template":"","format":"standard","meta":{"footnotes":""},"categories":[20,6,13,14],"tags":[],"class_list":{"0":"post-4097","1":"post","2":"type-post","3":"status-publish","4":"format-standard","5":"has-post-thumbnail","7":"category-bayern","8":"category-bier-vor-ort","9":"category-brauereien","10":"category-deutschland-brauereien"},"_links":{"self":[{"href":"https:\/\/blog.brunnenbraeu.eu\/index.php?rest_route=\/wp\/v2\/posts\/4097","targetHints":{"allow":["GET"]}}],"collection":[{"href":"https:\/\/blog.brunnenbraeu.eu\/index.php?rest_route=\/wp\/v2\/posts"}],"about":[{"href":"https:\/\/blog.brunnenbraeu.eu\/index.php?rest_route=\/wp\/v2\/types\/post"}],"author":[{"embeddable":true,"href":"https:\/\/blog.brunnenbraeu.eu\/index.php?rest_route=\/wp\/v2\/users\/1"}],"replies":[{"embeddable":true,"href":"https:\/\/blog.brunnenbraeu.eu\/index.php?rest_route=%2Fwp%2Fv2%2Fcomments&post=4097"}],"version-history":[{"count":2,"href":"https:\/\/blog.brunnenbraeu.eu\/index.php?rest_route=\/wp\/v2\/posts\/4097\/revisions"}],"predecessor-version":[{"id":39640,"href":"https:\/\/blog.brunnenbraeu.eu\/index.php?rest_route=\/wp\/v2\/posts\/4097\/revisions\/39640"}],"wp:featuredmedia":[{"embeddable":true,"href":"https:\/\/blog.brunnenbraeu.eu\/index.php?rest_route=\/wp\/v2\/media\/39636"}],"wp:attachment":[{"href":"https:\/\/blog.brunnenbraeu.eu\/index.php?rest_route=%2Fwp%2Fv2%2Fmedia&parent=4097"}],"wp:term":[{"taxonomy":"category","embeddable":true,"href":"https:\/\/blog.brunnenbraeu.eu\/index.php?rest_route=%2Fwp%2Fv2%2Fcategories&post=4097"},{"taxonomy":"post_tag","embeddable":true,"href":"https:\/\/blog.brunnenbraeu.eu\/index.php?rest_route=%2Fwp%2Fv2%2Ftags&post=4097"}],"curies":[{"name":"wp","href":"https:\/\/api.w.org\/{rel}","templated":true}]}}