{"id":43111,"date":"2023-05-01T22:01:00","date_gmt":"2023-05-01T20:01:00","guid":{"rendered":"https:\/\/blog.brunnenbraeu.eu\/?p=43111"},"modified":"2023-05-05T22:17:53","modified_gmt":"2023-05-05T20:17:53","slug":"nachrufmax-senner","status":"publish","type":"post","link":"https:\/\/blog.brunnenbraeu.eu\/?p=43111","title":{"rendered":"Nachruf<br \/>Max Senner"},"content":{"rendered":"\n<p>Ach, <a href=\"https:\/\/www.facebook.com\/max.senner\" target=\"_blank\" rel=\"noreferrer noopener\">Max<\/a>, Schei\u00dfe, was machst Du denn?<\/p>\n\n\n\n<p>Ich lese und verstehe im ersten Moment gar nicht. <a href=\"https:\/\/www.facebook.com\/max.senner\" target=\"_blank\" rel=\"noreferrer noopener\">Max<\/a>, Du sollst von uns gegangen sein?<\/p>\n\n\n\n<p>2016 hattest Du, der Kraut, zusammen mit <a href=\"https:\/\/www.facebook.com\/bryan.france.14\" target=\"_blank\" rel=\"noreferrer noopener\">Bryan France<\/a>, dem Yankee, die Brauerei <a href=\"https:\/\/yankeeundkraut.de\/\" target=\"_blank\" rel=\"noreferrer noopener\">Yankee &amp; Kraut<\/a> gegr\u00fcndet, und schon recht bald danach habe ich die ersten Biere von Euch verkostet. Sehr gute, sehr solide, meistens auch sehr originelle Braukunst.<\/p>\n\n\n\n<p>Irgendwann aber habe ich gewagt, an einem Bier von Euch einen Makel zu finden und dar\u00fcber in den Social Media zu schreiben, und Minuten sp\u00e4ter hatte ich schon eine Nachricht von Dir im Postfach. \u201eOh, weia\u201c, habe ich gedacht, \u201ejetzt werde ich geschimpft.\u201c Aber ganz im Gegenteil: Du hast gefragt, wo das Problem l\u00e4ge, und wir haben uns gemeinsam auf die Ursachenforschung begeben.<\/p>\n\n\n\n<p>Dann kam Dein Angebot: \u201eVolker, das tut mir jetzt wirklich leid, dass du bei unseren Bieren zuletzt so zielsicher genau ein problematisches erwischt hast. Wenn du mir deine Adresse mitteilen magst, lasse ich dir gerne ein paar andere aktuelle Sude als Wiedergutmachung zukommen.\u201c<\/p>\n\n\n\n<p>Und Du hast Dein Versprechen gehalten: Ein paar Tage sp\u00e4ter hatte ich <a href=\"https:\/\/blog.brunnenbraeu.eu\/?p=34680\" target=\"_blank\" rel=\"noreferrer noopener\">ein gro\u00dfz\u00fcgiges Verkostungspaket<\/a> von Dir im Hausflur stehen. Tolle Biere, ohne Makel.<\/p>\n\n\n\n<figure class=\"wp-block-image size-large\"><img loading=\"lazy\" decoding=\"async\" width=\"1024\" height=\"925\" src=\"https:\/\/blog.brunnenbraeu.eu\/wp-content\/uploads\/2023\/05\/Max-Senner-Mini-1-1024x925.jpg\" alt=\"\" class=\"wp-image-43112\" srcset=\"https:\/\/blog.brunnenbraeu.eu\/wp-content\/uploads\/2023\/05\/Max-Senner-Mini-1-1024x925.jpg 1024w, https:\/\/blog.brunnenbraeu.eu\/wp-content\/uploads\/2023\/05\/Max-Senner-Mini-1-300x271.jpg 300w, https:\/\/blog.brunnenbraeu.eu\/wp-content\/uploads\/2023\/05\/Max-Senner-Mini-1-150x135.jpg 150w, https:\/\/blog.brunnenbraeu.eu\/wp-content\/uploads\/2023\/05\/Max-Senner-Mini-1-768x694.jpg 768w, https:\/\/blog.brunnenbraeu.eu\/wp-content\/uploads\/2023\/05\/Max-Senner-Mini-1.jpg 1063w\" sizes=\"auto, (max-width: 1024px) 100vw, 1024px\" \/><\/figure>\n\n\n\n<div style=\"height:100px\" aria-hidden=\"true\" class=\"wp-block-spacer\"><\/div>\n\n\n\n<p>Vor knapp einem Jahr war es dann endlich soweit, ich habe den gro\u00dfen <a rel=\"noreferrer noopener\" href=\"https:\/\/www.facebook.com\/max.senner\" target=\"_blank\">Max Senner<\/a> pers\u00f6nlich kennenlernen d\u00fcrfen. Beim <a rel=\"noreferrer noopener\" href=\"https:\/\/blog.brunnenbraeu.eu\/?p=40837\" target=\"_blank\">Tag der offenen Flasche in Langenargen<\/a>. Mann, was f\u00fcr ein toller Abend. Spannende Gespr\u00e4che, viel Spa\u00df, und ich habe mit Dir jemanden getroffen, dessen Humor und dessen Herz mindestens genauso gro\u00df sind, wie der K\u00f6rper, in dem sie stecken.<\/p>\n\n\n\n<p>Beziehungsweise waren \u2026<\/p>\n\n\n\n<p>Denn heute bist Du von uns gegangen. Mit 34 Jahren.<\/p>\n\n\n\n<p>Verdammt, das darf doch nicht wahr sein. Warum gehen die Besten so fr\u00fch?<\/p>\n\n\n\n<p>Max, wir alle werden Dich in Erinnerung behalten. Dein Lachen, Deine Spr\u00fcche, Deine Offenheit, Deinen Humor und Dein gro\u00dfes Herz. Warst ein feiner Kerl.<\/p>\n\n\n\n<p>Wo immer Du jetzt auch bist: Ruhe in Frieden!<\/p>\n\n\n\n<p>Oder besser, denn Ruhe war ja Deine Sache nicht: Trink schon mal ein Bier vor! Irgendwann treffen wir uns alle dort oben an der Theke. Und bis dahin: Trinken wir hier unten auf Dich, <a rel=\"noreferrer noopener\" href=\"https:\/\/www.facebook.com\/max.senner\" target=\"_blank\">Max<\/a>, und auf die Ehre, Dich gekannt zu haben.<\/p>\n\n\n\n<p>Schei\u00dfe!<\/p>\n\n\n\n<p>Nein: Prost!<\/p>\n\n\n\n<div style=\"height:100px\" aria-hidden=\"true\" class=\"wp-block-spacer\"><\/div>\n\n\n\n<hr class=\"wp-block-separator has-alpha-channel-opacity\"\/>\n\n\n\n<p><a href=\"https:\/\/www.donaukurier.de\/lokales\/ingolstadt\/max-senner-ist-tot-ingolstaedter-brauer-stirbt-mit-34-jahren-11093425\" target=\"_blank\" rel=\"noreferrer noopener\">Max Senner ist tot: Ingolst\u00e4dter Brauer stirbt mit 34 Jahren<\/a><\/p>\n\n\n\n<p><a rel=\"noreferrer noopener\" href=\"https:\/\/www.hopfenhelden.de\/max-senner-ist-tot\/\" target=\"_blank\">Max Senner ist tot<\/a><\/p>\n\n\n\n<p><a rel=\"noreferrer noopener\" href=\"https:\/\/www.ingolstadt-today.de\/news\/ingolstaedter-brauer-stirbt-mit-34-jahren-11094280\" target=\"_blank\">Ingolst\u00e4dter Brauer stirbt mit 34 Jahren<\/a><\/p>\n\n\n\n<p><a rel=\"noreferrer noopener\" href=\"https:\/\/www.facebook.com\/photo?fbid=975556227133582&amp;set=a.754753565880517\" target=\"_blank\">Bigger than life itself.<\/a><\/p>\n\n\n\n<p><a href=\"https:\/\/www.facebook.com\/photo\/?fbid=1827801020934975&amp;set=gm.6528976223813549&amp;idorvanity=511185622259336\" target=\"_blank\" rel=\"noreferrer noopener\">Todesanzeige<\/a><\/p>\n","protected":false},"excerpt":{"rendered":"<div class=\"mh-excerpt\"><p>Ach, Max, Schei\u00dfe, was machst Du denn? Ich lese und verstehe im ersten Moment gar nicht. Max, Du sollst von uns gegangen sein? 2016 hattest Du, der Kraut, zusammen mit Bryan France, dem Yankee, die Brauerei Yankee &amp; Kraut gegr\u00fcndet, und schon recht bald danach habe ich die ersten Biere <a class=\"mh-excerpt-more\" href=\"https:\/\/blog.brunnenbraeu.eu\/?p=43111\" title=\"NachrufMax Senner\">[&#8230;]<\/a><\/p>\n<\/div>","protected":false},"author":1,"featured_media":43112,"comment_status":"open","ping_status":"open","sticky":false,"template":"","format":"standard","meta":{"footnotes":""},"categories":[128],"tags":[],"class_list":{"0":"post-43111","1":"post","2":"type-post","3":"status-publish","4":"format-standard","5":"has-post-thumbnail","7":"category-nachruf"},"_links":{"self":[{"href":"https:\/\/blog.brunnenbraeu.eu\/index.php?rest_route=\/wp\/v2\/posts\/43111","targetHints":{"allow":["GET"]}}],"collection":[{"href":"https:\/\/blog.brunnenbraeu.eu\/index.php?rest_route=\/wp\/v2\/posts"}],"about":[{"href":"https:\/\/blog.brunnenbraeu.eu\/index.php?rest_route=\/wp\/v2\/types\/post"}],"author":[{"embeddable":true,"href":"https:\/\/blog.brunnenbraeu.eu\/index.php?rest_route=\/wp\/v2\/users\/1"}],"replies":[{"embeddable":true,"href":"https:\/\/blog.brunnenbraeu.eu\/index.php?rest_route=%2Fwp%2Fv2%2Fcomments&post=43111"}],"version-history":[{"count":7,"href":"https:\/\/blog.brunnenbraeu.eu\/index.php?rest_route=\/wp\/v2\/posts\/43111\/revisions"}],"predecessor-version":[{"id":43130,"href":"https:\/\/blog.brunnenbraeu.eu\/index.php?rest_route=\/wp\/v2\/posts\/43111\/revisions\/43130"}],"wp:featuredmedia":[{"embeddable":true,"href":"https:\/\/blog.brunnenbraeu.eu\/index.php?rest_route=\/wp\/v2\/media\/43112"}],"wp:attachment":[{"href":"https:\/\/blog.brunnenbraeu.eu\/index.php?rest_route=%2Fwp%2Fv2%2Fmedia&parent=43111"}],"wp:term":[{"taxonomy":"category","embeddable":true,"href":"https:\/\/blog.brunnenbraeu.eu\/index.php?rest_route=%2Fwp%2Fv2%2Fcategories&post=43111"},{"taxonomy":"post_tag","embeddable":true,"href":"https:\/\/blog.brunnenbraeu.eu\/index.php?rest_route=%2Fwp%2Fv2%2Ftags&post=43111"}],"curies":[{"name":"wp","href":"https:\/\/api.w.org\/{rel}","templated":true}]}}