{"id":43263,"date":"2022-06-16T22:18:00","date_gmt":"2022-06-16T20:18:00","guid":{"rendered":"https:\/\/blog.brunnenbraeu.eu\/?p=43263"},"modified":"2023-06-13T06:41:40","modified_gmt":"2023-06-13T04:41:40","slug":"lempire-du-malt-cave-a-bieresclermont-ferrandfra","status":"publish","type":"post","link":"https:\/\/blog.brunnenbraeu.eu\/?p=43263","title":{"rendered":"L\u2019Empire du Malt \u2013 Cave \u00e0 Bi\u00e8res<br \/>Clermont-Ferrand<br \/>FRA"},"content":{"rendered":"\n<p>Das Malz-Imperium \u2013 was f\u00fcr ein beeindruckender Name f\u00fcr ein Spezialbiergesch\u00e4ft.<\/p>\n\n\n\n<p>Wir bummeln ohne festes Ziel durch Clermont-Ferrand, und ich sehe eine kleine schwarze Tafel, die mich auf den Bierkeller (Cave \u00e0 Bi\u00e8res) <a href=\"https:\/\/www.lempiredumalt.fr\/contactez-nos-%C3%A9tablissements\" target=\"_blank\" rel=\"noreferrer noopener\">L\u2019Empire du Malt<\/a> hinweist. Es bedarf keiner langen Absprache mit meiner holden Ehefrau oder eines Hinweises an sie. Ich gehe da einfach mal rein. Wenn sie mich vermisst und die schwarze Tafel sieht, wei\u00df sie genau, wo ich bin. Nach zweiunddrei\u00dfig Ehejahren ist das v\u00f6llig selbstverst\u00e4ndlich.<\/p>\n\n\n\n<figure class=\"wp-block-image size-large\"><img loading=\"lazy\" decoding=\"async\" width=\"934\" height=\"1024\" src=\"https:\/\/blog.brunnenbraeu.eu\/wp-content\/uploads\/2023\/05\/LEmpire-du-Malt-\u2013-Cave-a-Bieres-Mini-1-934x1024.jpg\" alt=\"\" class=\"wp-image-43266\" srcset=\"https:\/\/blog.brunnenbraeu.eu\/wp-content\/uploads\/2023\/05\/LEmpire-du-Malt-\u2013-Cave-a-Bieres-Mini-1-934x1024.jpg 934w, https:\/\/blog.brunnenbraeu.eu\/wp-content\/uploads\/2023\/05\/LEmpire-du-Malt-\u2013-Cave-a-Bieres-Mini-1-274x300.jpg 274w, https:\/\/blog.brunnenbraeu.eu\/wp-content\/uploads\/2023\/05\/LEmpire-du-Malt-\u2013-Cave-a-Bieres-Mini-1-137x150.jpg 137w, https:\/\/blog.brunnenbraeu.eu\/wp-content\/uploads\/2023\/05\/LEmpire-du-Malt-\u2013-Cave-a-Bieres-Mini-1-768x842.jpg 768w, https:\/\/blog.brunnenbraeu.eu\/wp-content\/uploads\/2023\/05\/LEmpire-du-Malt-\u2013-Cave-a-Bieres-Mini-1.jpg 1063w\" sizes=\"auto, (max-width: 934px) 100vw, 934px\" \/><\/figure>\n\n\n\n<p class=\"has-text-align-center\" style=\"font-size:12px\"><strong>bei solch einer Hinweistafel brauche ich nicht lange zu \u00fcberlegen<\/strong><\/p>\n\n\n\n<p>Der junge Mann an der Kasse begr\u00fc\u00dft mich freundlich, und Sekunden sp\u00e4ter entt\u00e4uscht er mich ma\u00dflos, allerdings ohne etwas daf\u00fcr zu k\u00f6nnen: Der wunderbare Bierladen hat n\u00e4mlich keine Ausschanklizenz. Die herrlichsten Biere stehen hier, zum Teil sogar gek\u00fchlt, aber ich darf sie nicht vor Ort verkosten.<\/p>\n\n\n\n<p>\u201eDu kannst Dir gerne eine Flasche oder Dose mitnehmen und irgendwo unterwegs trinken. Im Park zum Beispiel, das ist nicht verboten. Aber bitte nicht hier.\u201c Er gibt sich ja M\u00fche, meine Entt\u00e4uschung irgendwie aufzufangen, aber auf ein Bier im Park habe ich heute keine Lust.<\/p>\n\n\n\n<figure class=\"wp-block-image size-large\"><img loading=\"lazy\" decoding=\"async\" width=\"1024\" height=\"578\" src=\"https:\/\/blog.brunnenbraeu.eu\/wp-content\/uploads\/2023\/05\/LEmpire-du-Malt-\u2013-Cave-a-Bieres-Mini-2-1024x578.jpg\" alt=\"\" class=\"wp-image-43267\" srcset=\"https:\/\/blog.brunnenbraeu.eu\/wp-content\/uploads\/2023\/05\/LEmpire-du-Malt-\u2013-Cave-a-Bieres-Mini-2-1024x578.jpg 1024w, https:\/\/blog.brunnenbraeu.eu\/wp-content\/uploads\/2023\/05\/LEmpire-du-Malt-\u2013-Cave-a-Bieres-Mini-2-300x169.jpg 300w, https:\/\/blog.brunnenbraeu.eu\/wp-content\/uploads\/2023\/05\/LEmpire-du-Malt-\u2013-Cave-a-Bieres-Mini-2-150x85.jpg 150w, https:\/\/blog.brunnenbraeu.eu\/wp-content\/uploads\/2023\/05\/LEmpire-du-Malt-\u2013-Cave-a-Bieres-Mini-2-768x433.jpg 768w, https:\/\/blog.brunnenbraeu.eu\/wp-content\/uploads\/2023\/05\/LEmpire-du-Malt-\u2013-Cave-a-Bieres-Mini-2.jpg 1063w\" sizes=\"auto, (max-width: 1024px) 100vw, 1024px\" \/><\/figure>\n\n\n\n<p class=\"has-text-align-center\" style=\"font-size:12px\"><strong>es bleibt bei einem kurzen Umschauen und ein paar Erinnerungsfotos<\/strong><\/p>\n\n\n\n<p>So bleibt es denn \u2013 leider, leider! \u2013 bei einem kurzen Umschauen und ein paar Erinnerungsfotos. Und beim netten Tipp des Ladeninhabers: \u201eVielleicht wartest Du einfach noch eine Stunde, dann macht n\u00e4mlich nebenan das Delirium Caf\u00e9 auf, und das ist ein richtiges Bier-Caf\u00e9 mit Ausschank und allem!\u201c<\/p>\n\n\n\n<p>Na, also. Das ist doch mal ein sinnvoller Tipp. Selbstlos, weil er damit nat\u00fcrlich keinen Umsatz f\u00fcr sein sch\u00f6nes Gesch\u00e4ft generiert, aber sehr brauchbar. 1000 Dank daf\u00fcr, und sorry, dass ich heute, angesichts eines bereits prall mit Bier gef\u00fcllten Kofferraums, definitiv kein Bier kaufen kann.<\/p>\n\n\n\n<p><em>Das gut sortierte Bierfachgesch\u00e4ft <a href=\"https:\/\/www.lempiredumalt.fr\/contactez-nos-%C3%A9tablissements\" target=\"_blank\" rel=\"noreferrer noopener\">L\u2019Empire du Malt \u2013 Cave \u00e0 Bi\u00e8res<\/a> ist dienstags bis sonnabends von 10:00 bis 13:00 Uhr und von 14:00 bis 19:00 Uhr ge\u00f6ffnet. Sonntags und montags ist zu. Es liegt im Stadtzentrum, gerade einmal 200 m zu Fu\u00df in Richtung Osten von der Stra\u00dfenbahnhaltestelle Jaude.<\/em><\/p>\n\n\n\n<p class=\"has-text-align-center\"><a href=\"https:\/\/vquante.jalbum.net\/Alben7\/EmpireduMalt\/index.html\" target=\"_blank\" rel=\"noreferrer noopener\">Bildergalerie<\/a><\/p>\n\n\n\n<p class=\"has-text-align-center\">L\u2019Empire du Malt \u2013 Cave \u00e0 Bi\u00e8res<br>10 Rue la Tour d&#8217;Auvergne<br>63 000 Clermont-Ferrand<br>Frankreich<\/p>\n","protected":false},"excerpt":{"rendered":"<div class=\"mh-excerpt\"><p>Das Malz-Imperium \u2013 was f\u00fcr ein beeindruckender Name f\u00fcr ein Spezialbiergesch\u00e4ft. Wir bummeln ohne festes Ziel durch Clermont-Ferrand, und ich sehe eine kleine schwarze Tafel, die mich auf den Bierkeller (Cave \u00e0 Bi\u00e8res) L\u2019Empire du Malt hinweist. Es bedarf keiner langen Absprache mit meiner holden Ehefrau oder eines Hinweises an <a class=\"mh-excerpt-more\" href=\"https:\/\/blog.brunnenbraeu.eu\/?p=43263\" title=\"L\u2019Empire du Malt \u2013 Cave \u00e0 Bi\u00e8resClermont-FerrandFRA\">[&#8230;]<\/a><\/p>\n<\/div>","protected":false},"author":1,"featured_media":43267,"comment_status":"open","ping_status":"open","sticky":false,"template":"","format":"standard","meta":{"footnotes":""},"categories":[6,32,108],"tags":[],"class_list":{"0":"post-43263","1":"post","2":"type-post","3":"status-publish","4":"format-standard","5":"has-post-thumbnail","7":"category-bier-vor-ort","8":"category-biergeschaefte","9":"category-frankreich-biergeschaefte"},"_links":{"self":[{"href":"https:\/\/blog.brunnenbraeu.eu\/index.php?rest_route=\/wp\/v2\/posts\/43263","targetHints":{"allow":["GET"]}}],"collection":[{"href":"https:\/\/blog.brunnenbraeu.eu\/index.php?rest_route=\/wp\/v2\/posts"}],"about":[{"href":"https:\/\/blog.brunnenbraeu.eu\/index.php?rest_route=\/wp\/v2\/types\/post"}],"author":[{"embeddable":true,"href":"https:\/\/blog.brunnenbraeu.eu\/index.php?rest_route=\/wp\/v2\/users\/1"}],"replies":[{"embeddable":true,"href":"https:\/\/blog.brunnenbraeu.eu\/index.php?rest_route=%2Fwp%2Fv2%2Fcomments&post=43263"}],"version-history":[{"count":4,"href":"https:\/\/blog.brunnenbraeu.eu\/index.php?rest_route=\/wp\/v2\/posts\/43263\/revisions"}],"predecessor-version":[{"id":43471,"href":"https:\/\/blog.brunnenbraeu.eu\/index.php?rest_route=\/wp\/v2\/posts\/43263\/revisions\/43471"}],"wp:featuredmedia":[{"embeddable":true,"href":"https:\/\/blog.brunnenbraeu.eu\/index.php?rest_route=\/wp\/v2\/media\/43267"}],"wp:attachment":[{"href":"https:\/\/blog.brunnenbraeu.eu\/index.php?rest_route=%2Fwp%2Fv2%2Fmedia&parent=43263"}],"wp:term":[{"taxonomy":"category","embeddable":true,"href":"https:\/\/blog.brunnenbraeu.eu\/index.php?rest_route=%2Fwp%2Fv2%2Fcategories&post=43263"},{"taxonomy":"post_tag","embeddable":true,"href":"https:\/\/blog.brunnenbraeu.eu\/index.php?rest_route=%2Fwp%2Fv2%2Ftags&post=43263"}],"curies":[{"name":"wp","href":"https:\/\/api.w.org\/{rel}","templated":true}]}}