{"id":43463,"date":"2022-12-02T23:36:00","date_gmt":"2022-12-02T22:36:00","guid":{"rendered":"https:\/\/blog.brunnenbraeu.eu\/?p=43463"},"modified":"2023-07-06T20:05:19","modified_gmt":"2023-07-06T18:05:19","slug":"ja-ist-denn-heutschon-weihnachten","status":"publish","type":"post","link":"https:\/\/blog.brunnenbraeu.eu\/?p=43463","title":{"rendered":"Ja, ist denn heut\u2018<br \/>schon Weihnachten?"},"content":{"rendered":"\n<p><strong>Es sind doch noch drei Wochen bis zum Heiligabend!<\/strong><\/p>\n\n\n\n<p>\u201eWir sehen uns vor Weihnachten ja nicht mehr, Ihr seid ja dauernd unterwegs\u201c, sagt <a rel=\"noreferrer noopener\" href=\"https:\/\/www.facebook.com\/uli.sehler\" target=\"_blank\">Uli<\/a> mit gespielt vorwurfsvollem Unterton. \u201eIhr seid zwei Vagabunden! St\u00e4ndig unterwegs!\u201c<\/p>\n\n\n\n<p>\u201eAlso w\u00fcnsche ich Euch jetzt schon frohe Weihnachten und alles Gute im neuen Jahr. Wir sehen uns dann beim <a rel=\"noreferrer noopener\" href=\"https:\/\/blog.brunnenbraeu.eu\/?p=26244\" target=\"_blank\">Tag der offenen Flasche<\/a> oder so. Oder wir machen mal wieder ein <a href=\"https:\/\/blog.brunnenbraeu.eu\/?p=39453\" target=\"_blank\" rel=\"noreferrer noopener\">Treffen der au\u00dfergew\u00f6hnlichen Bierliebhaber<\/a>!&#8220;<\/p>\n\n\n\n<p>Strahlend dr\u00fcckt sie uns zwei Flaschen Bier und ein paar Blumen in die Hand. \u201eWar sch\u00f6n, dass Ihr heute hier wart!\u201c<\/p>\n\n\n\n<p>Wir freuen uns nat\u00fcrlich riesig. Zwei Bierspezialit\u00e4ten, die wir in den n\u00e4chsten Tagen oder Wochen verkosten werden. Vielleicht sogar passend direkt am Heiligabend. Wer wei\u00df?<\/p>\n\n\n\n<p class=\"has-text-align-center has-large-font-size\"><strong>Verkostungsnotizen<\/strong><\/p>\n\n\n\n<figure class=\"wp-block-image size-large\"><img loading=\"lazy\" decoding=\"async\" width=\"1024\" height=\"1024\" src=\"https:\/\/blog.brunnenbraeu.eu\/wp-content\/uploads\/2023\/06\/Ja-ist-denn-heut\u2018-schon-Weihnachten-Mini-1-1024x1024.jpg\" alt=\"\" class=\"wp-image-43464\" srcset=\"https:\/\/blog.brunnenbraeu.eu\/wp-content\/uploads\/2023\/06\/Ja-ist-denn-heut\u2018-schon-Weihnachten-Mini-1-1024x1024.jpg 1024w, https:\/\/blog.brunnenbraeu.eu\/wp-content\/uploads\/2023\/06\/Ja-ist-denn-heut\u2018-schon-Weihnachten-Mini-1-300x300.jpg 300w, https:\/\/blog.brunnenbraeu.eu\/wp-content\/uploads\/2023\/06\/Ja-ist-denn-heut\u2018-schon-Weihnachten-Mini-1-150x150.jpg 150w, https:\/\/blog.brunnenbraeu.eu\/wp-content\/uploads\/2023\/06\/Ja-ist-denn-heut\u2018-schon-Weihnachten-Mini-1-768x768.jpg 768w, https:\/\/blog.brunnenbraeu.eu\/wp-content\/uploads\/2023\/06\/Ja-ist-denn-heut\u2018-schon-Weihnachten-Mini-1.jpg 1063w\" sizes=\"auto, (max-width: 1024px) 100vw, 1024px\" \/><\/figure>\n\n\n\n<p class=\"has-text-align-center\"><strong>Liefmans \u2013 Gl\u00fchkriek (6,0%)<\/strong><\/p>\n\n\n\n<p>Dunkelrot, fast wie Rotwein, steht das Bier im Glas, feine Dampfw\u00f6lkchen kringeln sich in der kalten Dezemberluft. Exakt 70\u00b0 C haben wir eingestellt. Es duftet ein bisschen ledrig und nach weihnachtlichen Gew\u00fcrzen.<\/p>\n\n\n\n<p>S\u00fc\u00dflich und etwas klebrig ist es, die Kirscharomen werden erg\u00e4nzt von leicht holzigen Akzenten und von einer feinen Gew\u00fcrzmischung. Zimt? Nelken? Orangenschalen? Wir wissen es nicht ganz genau, und ehrlich gesagt: Heute wollen wir es auch nicht wissen, sondern einfach nur genie\u00dfen. Am 24. Dezember auf dem Balkon stehen und Gl\u00fchbier trinken.<\/p>\n\n\n\n<p>Alles passt!<\/p>\n\n\n\n<div style=\"height:100px\" aria-hidden=\"true\" class=\"wp-block-spacer\"><\/div>\n\n\n\n<figure class=\"wp-block-image size-large\"><img loading=\"lazy\" decoding=\"async\" width=\"1024\" height=\"1024\" src=\"https:\/\/blog.brunnenbraeu.eu\/wp-content\/uploads\/2023\/06\/Ja-ist-denn-heut\u2018-schon-Weihnachten-Mini-2-1024x1024.jpg\" alt=\"\" class=\"wp-image-43465\" srcset=\"https:\/\/blog.brunnenbraeu.eu\/wp-content\/uploads\/2023\/06\/Ja-ist-denn-heut\u2018-schon-Weihnachten-Mini-2-1024x1024.jpg 1024w, https:\/\/blog.brunnenbraeu.eu\/wp-content\/uploads\/2023\/06\/Ja-ist-denn-heut\u2018-schon-Weihnachten-Mini-2-300x300.jpg 300w, https:\/\/blog.brunnenbraeu.eu\/wp-content\/uploads\/2023\/06\/Ja-ist-denn-heut\u2018-schon-Weihnachten-Mini-2-150x150.jpg 150w, https:\/\/blog.brunnenbraeu.eu\/wp-content\/uploads\/2023\/06\/Ja-ist-denn-heut\u2018-schon-Weihnachten-Mini-2-768x768.jpg 768w, https:\/\/blog.brunnenbraeu.eu\/wp-content\/uploads\/2023\/06\/Ja-ist-denn-heut\u2018-schon-Weihnachten-Mini-2.jpg 1063w\" sizes=\"auto, (max-width: 1024px) 100vw, 1024px\" \/><\/figure>\n\n\n\n<p class=\"has-text-align-center\"><strong>Hoppebr\u00e4u \u2013 Slyrs \u2013 Oak Aged Imperial Stout \u2013 Jahrgang 2022 (11,4%)<\/strong><\/p>\n\n\n\n<p>Tiefschwarz und leicht viskos flie\u00dft das Bier ins Glas und bildet eine sch\u00f6ne feinporige und kremige, br\u00e4unliche Schaumschicht, die fast schon wie Schokoladenkreme aussieht und unendlich lange h\u00e4lt.<\/p>\n\n\n\n<p>Der Duft ist beeindruckend komplex. Feine Whiskynoten, ein intensiver Holzk\u00f6rper und Malzaromen, die zwischen kakaoartiger S\u00fc\u00dfe und feiner mokkaartiger R\u00f6stbittere changieren. Ich mag gar nicht aufh\u00f6ren, zu schnuppern \u2026<\/p>\n\n\n\n<p>Irgendwann muss ich aber ansetzen und trinken, sonst ist das Bier verdunstet \u2026 Weich und viskos flie\u00dft das Bier aus dem Glas auf die Zungenspitze, sch\u00e4umt dort auf und wird f\u00fcr einen kurzen Moment spritzig-spitz, bevor es sich dann s\u00e4mig auf der Zunge breit macht, sich an die Schleimh\u00e4ute schmiegt und seine saftige S\u00fc\u00dfe pr\u00e4sentiert. Gleichzeitig sp\u00fcre ich eine intensive, aber wohlerzogene R\u00f6stbittere, und schon beginnen die fl\u00fcchtigen Komponenten ihr retronasales Aromenspiel. Ist es eher Kaffee oder doch Bitterschokolade, was das Malz dort pr\u00e4sentiert? Wie t\u00e4nzeln die Whisky- und Holzaromen mit der S\u00fc\u00dfe? Gelingt es dem Mokka und der R\u00f6stbittere, ein solides Fundament zu zimmern? Wie kommt es, dass sich das Holz so wunderbar sanft geschliffen pr\u00e4sentiert?<\/p>\n\n\n\n<p>Sachte steigen auch die Alkohole in die Nase auf \u2013 sie unterstreichen den Genuss dort ebenso wie tief im Hals nach dem Schluck. Das Bier versteckt seine alkoholische Kraft nicht, sondern w\u00e4rmt intensiv, ohne jedoch dabei spritig zu werden.<\/p>\n\n\n\n<p>Mit jedem Tropfen, der \u00fcber die Zunge rinnt, mit jedem Ausatmen durch die Nase, mit jedem kleinen Schluck scheint mir die Aromenwelt komplexer zu werden, und ich sp\u00fcre, wie sich eine tiefe Entspannung in mir breit macht. Eine Entspannung, in der die Welt um mich herum an Bedeutung verliert und ich nur noch auf die Sensorik fixiert bin \u2026<\/p>\n\n\n\n<p>\u2026 und deswegen an dieser Stelle auch mit der beschreibenden Lyrik ende. Ich lasse die Verkostungsnotizen Verkostungsnotizen sein und fokussiere mich jetzt nur noch auf den Genuss. Basta!<\/p>\n","protected":false},"excerpt":{"rendered":"<div class=\"mh-excerpt\"><p>Es sind doch noch drei Wochen bis zum Heiligabend! \u201eWir sehen uns vor Weihnachten ja nicht mehr, Ihr seid ja dauernd unterwegs\u201c, sagt Uli mit gespielt vorwurfsvollem Unterton. \u201eIhr seid zwei Vagabunden! St\u00e4ndig unterwegs!\u201c \u201eAlso w\u00fcnsche ich Euch jetzt schon frohe Weihnachten und alles Gute im neuen Jahr. Wir sehen <a class=\"mh-excerpt-more\" href=\"https:\/\/blog.brunnenbraeu.eu\/?p=43463\" title=\"Ja, ist denn heut\u2018schon Weihnachten?\">[&#8230;]<\/a><\/p>\n<\/div>","protected":false},"author":1,"featured_media":43467,"comment_status":"open","ping_status":"open","sticky":false,"template":"","format":"standard","meta":{"footnotes":""},"categories":[160,2,3],"tags":[],"class_list":{"0":"post-43463","1":"post","2":"type-post","3":"status-publish","4":"format-standard","5":"has-post-thumbnail","7":"category-beer-nuggets","8":"category-bier-erleben","9":"category-bierverkostungen"},"_links":{"self":[{"href":"https:\/\/blog.brunnenbraeu.eu\/index.php?rest_route=\/wp\/v2\/posts\/43463","targetHints":{"allow":["GET"]}}],"collection":[{"href":"https:\/\/blog.brunnenbraeu.eu\/index.php?rest_route=\/wp\/v2\/posts"}],"about":[{"href":"https:\/\/blog.brunnenbraeu.eu\/index.php?rest_route=\/wp\/v2\/types\/post"}],"author":[{"embeddable":true,"href":"https:\/\/blog.brunnenbraeu.eu\/index.php?rest_route=\/wp\/v2\/users\/1"}],"replies":[{"embeddable":true,"href":"https:\/\/blog.brunnenbraeu.eu\/index.php?rest_route=%2Fwp%2Fv2%2Fcomments&post=43463"}],"version-history":[{"count":4,"href":"https:\/\/blog.brunnenbraeu.eu\/index.php?rest_route=\/wp\/v2\/posts\/43463\/revisions"}],"predecessor-version":[{"id":43660,"href":"https:\/\/blog.brunnenbraeu.eu\/index.php?rest_route=\/wp\/v2\/posts\/43463\/revisions\/43660"}],"wp:featuredmedia":[{"embeddable":true,"href":"https:\/\/blog.brunnenbraeu.eu\/index.php?rest_route=\/wp\/v2\/media\/43467"}],"wp:attachment":[{"href":"https:\/\/blog.brunnenbraeu.eu\/index.php?rest_route=%2Fwp%2Fv2%2Fmedia&parent=43463"}],"wp:term":[{"taxonomy":"category","embeddable":true,"href":"https:\/\/blog.brunnenbraeu.eu\/index.php?rest_route=%2Fwp%2Fv2%2Fcategories&post=43463"},{"taxonomy":"post_tag","embeddable":true,"href":"https:\/\/blog.brunnenbraeu.eu\/index.php?rest_route=%2Fwp%2Fv2%2Ftags&post=43463"}],"curies":[{"name":"wp","href":"https:\/\/api.w.org\/{rel}","templated":true}]}}