{"id":4554,"date":"2016-07-20T23:00:43","date_gmt":"2016-07-20T21:00:43","guid":{"rendered":"http:\/\/blog.brunnenbraeu.eu\/?p=4554"},"modified":"2022-05-02T06:22:45","modified_gmt":"2022-05-02T04:22:45","slug":"o-purista-barbierelisboaprt","status":"publish","type":"post","link":"https:\/\/blog.brunnenbraeu.eu\/?p=4554","title":{"rendered":"O Purista \u2013 Barbi\u00e8re<br \/>Lisboa<br \/>PRT"},"content":{"rendered":"\n<p>\u201eJetzt ist er durchgeknallt \u2013 jetzt schreibt er in seinem Bierblog \u00fcber Trend-Fris\u00f6re \u2026\u201c<\/p>\n\n\n\n<p>Tja, in der Tat \u2013 obwohl jeder wei\u00df, dass ich selbst schon seit Jahrzehnten keine Fris\u00f6rdienstleistungen mehr selbst in Anspruch genommen habe, kommt jetzt ein Text \u00fcber den Fris\u00f6r <a href=\"https:\/\/www.facebook.com\/O-Purista-Barbi%C3%A8re-1512557088958683\/\" target=\"_blank\" rel=\"noreferrer noopener\">Purista<\/a> in Lissabon!<\/p>\n\n\n\n<p><a rel=\"noreferrer noopener\" href=\"https:\/\/www.facebook.com\/O-Purista-Barbi%C3%A8re-1512557088958683\/\" target=\"_blank\">O Purista \u2013 Barbi\u00e8re<\/a> nennt sich der kleine Laden im Stadtteil Chiado, also mitten im touristischen Leben. Und was ihn auszeichnet, ist, dass er neben modischen Haar- und Bartschnitten auch einen urgem\u00fctlichen Barbereich anbietet, in dem es leckeres belgisches Bier gibt. Affligem.<\/p>\n\n\n\n<div class=\"wp-block-image\"><figure class=\"alignleft size-large\"><img loading=\"lazy\" decoding=\"async\" width=\"990\" height=\"1024\" src=\"https:\/\/blog.brunnenbraeu.eu\/wp-content\/uploads\/2016\/07\/O-Purista-Barbiere-Mini-1-990x1024.jpg\" alt=\"\" class=\"wp-image-40797\" srcset=\"https:\/\/blog.brunnenbraeu.eu\/wp-content\/uploads\/2016\/07\/O-Purista-Barbiere-Mini-1-990x1024.jpg 990w, https:\/\/blog.brunnenbraeu.eu\/wp-content\/uploads\/2016\/07\/O-Purista-Barbiere-Mini-1-290x300.jpg 290w, https:\/\/blog.brunnenbraeu.eu\/wp-content\/uploads\/2016\/07\/O-Purista-Barbiere-Mini-1-145x150.jpg 145w, https:\/\/blog.brunnenbraeu.eu\/wp-content\/uploads\/2016\/07\/O-Purista-Barbiere-Mini-1-768x795.jpg 768w, https:\/\/blog.brunnenbraeu.eu\/wp-content\/uploads\/2016\/07\/O-Purista-Barbiere-Mini-1.jpg 1063w\" sizes=\"auto, (max-width: 990px) 100vw, 990px\" \/><\/figure><\/div>\n\n\n\n<p class=\"has-text-align-center\" style=\"font-size:12px\"><strong>O Purista \u2013 Barbi\u00e8re<\/strong><\/p>\n\n\n\n<p>Schon drau\u00dfen am kleinen und recht unauff\u00e4lligen Eingang wird das Wortspiel deutlich. Oben steht O Purista, und links und rechts der T\u00fcr auf den kleinen Fensterfl\u00fcgeln wird das Wort Barbi\u00e9re gen\u00fcsslich auseinander genommen. Bar steht links, erg\u00e4nzt mit einem symbolischen Cocktailglas, und Bi\u00e8re steht rechts, mit einem Bierglas.<\/p>\n\n\n\n<p>Genau das richtige f\u00fcr die Hipster-Szene, also? Wir werden sehen.<\/p>\n\n\n\n<p>Ich trete durch die T\u00fcr und gehe an den beiden altmodischen Fris\u00f6rst\u00fchlen vorbei in den hinteren Teil des Raums. Eine Regalwand voller Bierflaschen \u2013 wie mit dem Lineal ausgerichtet, bis zum letzten Zentimeter gef\u00fcllt mit Affligem-Flaschen. Affligem Blonde. Davor zwei kleine Bartische, gegen\u00fcber eine kleine Theke. Daneben ein gro\u00dfes, weiches Ledersofa, und hinten, in einem weiteren Raum ein Billardtisch. Ein paar junge Damen vertreiben sich dort den Nachmittag, man h\u00f6rt die Billardkugeln klacken und gelegentlich ein leises Lachen.<\/p>\n\n\n\n<p>\u201eZum Haareschneiden bist Du nicht hergekommen?\u201c Die Frage der Barfrau klingt eher nach einer Feststellung. Pr\u00fcfend blickt sie auf meine raspelkurzen Stoppeln. \u201eNee, eher f\u00fcr ein leckeres Bier, ich brauche eine kurze Pause, einen Moment der Entspannung!\u201c<\/p>\n\n\n\n<p>\u201eNa, dann bist Du hier trotzdem richtig. Wir haben zwar nur eine Sorte, die ist daf\u00fcr aber richtig lecker. Ist doch was anderes als das ewige Sagres oder Superbock!\u201c, und mit diesen Worten schenkt sie mir eine Flasche Affligem Blond ein.<\/p>\n\n\n\n<p>Ich nehme vor dem Bierregal Platz und schaue mich um. Der junge, an allen sichtbaren K\u00f6rperteilen t\u00e4towierte Fris\u00f6r bringt Haar und Bart eines nicht weniger t\u00e4towierten Kunden in Form. Mit wenigen Schnitten ist die derzeit in den Bierbars der Welt beliebte Einheitsfrisur hergestellt und ein weiterer Hipster-Klon verl\u00e4sst gl\u00fccklich und zufrieden den Laden. \u201eNa, und Du?\u201c, deutet der Fris\u00f6r auf mich. \u201eEinmal nachdrehen, die Kugel?\u201c<\/p>\n\n\n\n<p>\u201eNee, ist kurz genug\u2018\u201c, erwidere ich, doch er l\u00e4sst nicht locker: \u201eDas hier ist kurz!\u201c, sagt er und f\u00e4hrt sich mit der Hand \u00fcber seinen fast kahlrasierten Sch\u00e4del. \u201eDas bei Dir ist schon Wildwuchs. Dschungel! Aber ist schon gut. Wenigstens trinkst Du anst\u00e4ndiges Bier!\u201c<\/p>\n\n\n\n<p>Da habe ich aber noch mal Gl\u00fcck gehabt, denke ich so bei mir und grinse.<\/p>\n\n\n\n<div class=\"wp-block-image\"><figure class=\"aligncenter size-large\"><img loading=\"lazy\" decoding=\"async\" width=\"1024\" height=\"547\" src=\"https:\/\/blog.brunnenbraeu.eu\/wp-content\/uploads\/2016\/07\/O-Purista-Barbiere-Mini-2-1024x547.jpg\" alt=\"\" class=\"wp-image-40798\" srcset=\"https:\/\/blog.brunnenbraeu.eu\/wp-content\/uploads\/2016\/07\/O-Purista-Barbiere-Mini-2-1024x547.jpg 1024w, https:\/\/blog.brunnenbraeu.eu\/wp-content\/uploads\/2016\/07\/O-Purista-Barbiere-Mini-2-300x160.jpg 300w, https:\/\/blog.brunnenbraeu.eu\/wp-content\/uploads\/2016\/07\/O-Purista-Barbiere-Mini-2-150x80.jpg 150w, https:\/\/blog.brunnenbraeu.eu\/wp-content\/uploads\/2016\/07\/O-Purista-Barbiere-Mini-2-768x410.jpg 768w, https:\/\/blog.brunnenbraeu.eu\/wp-content\/uploads\/2016\/07\/O-Purista-Barbiere-Mini-2.jpg 1063w\" sizes=\"auto, (max-width: 1024px) 100vw, 1024px\" \/><\/figure><\/div>\n\n\n\n<p class=\"has-text-align-center\" style=\"font-size:12px\"><strong>Barbier und Bierbar<\/strong><\/p>\n\n\n\n<p>Angenehm k\u00fchl ist es hier, die Atmosph\u00e4re sehr entspannt, und auch wenn das Affligem Blonde zun\u00e4chst etwas zu kalt serviert worden war\u00a0\u2013 nun, da es im Pokal schon einen Moment steht, entfaltet es schlie\u00dflich doch sein Aroma, wird von der einfachen Erfrischung zum durchaus sch\u00f6nen Genuss.<\/p>\n\n\n\n<p>Barfrau, Fris\u00f6r und noch ein Kunde stehen an der kleinen Bar, unterhalten sich leise. Noch jemand, der keinen Haarschnitt will, sondern nur so hereingekommen ist, denke ich. Und er trinkt noch nicht einmal ein Bier, ist nur zum Schnacken hereingekommen. Langsam, ganz langsam nur verrinnt die Zeit. Drau\u00dfen Hitze, L\u00e4rm und Staub, hier drinnen angenehme K\u00fchle, Ruhe, ganz leise Musik. Sch\u00f6n!<\/p>\n\n\n\n<p>Wenn doch nur die Bierauswahl ein kleines bisschen gr\u00f6\u00dfer w\u00e4re \u2026<\/p>\n\n\n\n<p>Aber trotzdem: F\u00fcr den Bierliebhaber ist es gleichwohl einen kleinen Abstecher wert. Eine einmal v\u00f6llig andere Umgebung, ein gutes Bier zu genie\u00dfen. Und damit als Fris\u00f6rladen doch nicht so ganz fehl am Platz in einem Bierblog \u2026<\/p>\n\n\n\n<p><em>Bar und Fris\u00f6r <a rel=\"noreferrer noopener\" href=\"https:\/\/www.facebook.com\/O-Purista-Barbi%C3%A8re-1512557088958683\/\" target=\"_blank\">O Purista \u2013 Barbi\u00e8re<\/a><\/em> <em>sind t\u00e4glich ab 15:00 Uhr durchgehend ge\u00f6ffnet; montags ist Ruhetag. Es gibt Haar- und Bartschnitt, belgisches Bier und ein paar andere Drinks, Billard und von donnerstags bis sonnabends auch DJ und Livemusik. Zentral im Stadtteil Chiado gelegen, ist die Bar mit dem Stadtbus, Haltestelle Largo Trindade Coelho, problemlos zu erreichen.<\/em><\/p>\n\n\n\n<p class=\"has-text-align-center\"><a href=\"https:\/\/vquante.jalbum.net\/Alben3\/Purista\/\" target=\"_blank\" rel=\"noreferrer noopener\">Bilder<\/a><\/p>\n\n\n\n<p class=\"has-text-align-center\">O Purista \u2013 Barbi\u00e8re<br>Rua Nova da Trindade 16A<br>Chiado<br>1200-303 Lisboa<br>Portugal<\/p>\n","protected":false},"excerpt":{"rendered":"<div class=\"mh-excerpt\"><p>\u201eJetzt ist er durchgeknallt \u2013 jetzt schreibt er in seinem Bierblog \u00fcber Trend-Fris\u00f6re \u2026\u201c Tja, in der Tat \u2013 obwohl jeder wei\u00df, dass ich selbst schon seit Jahrzehnten keine Fris\u00f6rdienstleistungen mehr selbst in Anspruch genommen habe, kommt jetzt ein Text \u00fcber den Fris\u00f6r Purista in Lissabon! O Purista \u2013 Barbi\u00e8re <a class=\"mh-excerpt-more\" href=\"https:\/\/blog.brunnenbraeu.eu\/?p=4554\" title=\"O Purista \u2013 Barbi\u00e8reLisboaPRT\">[&#8230;]<\/a><\/p>\n<\/div>","protected":false},"author":1,"featured_media":40797,"comment_status":"open","ping_status":"open","sticky":false,"template":"","format":"standard","meta":{"footnotes":""},"categories":[6,10,125],"tags":[],"class_list":{"0":"post-4554","1":"post","2":"type-post","3":"status-publish","4":"format-standard","5":"has-post-thumbnail","7":"category-bier-vor-ort","8":"category-bierbars-biergaerten-bierlokale","9":"category-portugal"},"_links":{"self":[{"href":"https:\/\/blog.brunnenbraeu.eu\/index.php?rest_route=\/wp\/v2\/posts\/4554","targetHints":{"allow":["GET"]}}],"collection":[{"href":"https:\/\/blog.brunnenbraeu.eu\/index.php?rest_route=\/wp\/v2\/posts"}],"about":[{"href":"https:\/\/blog.brunnenbraeu.eu\/index.php?rest_route=\/wp\/v2\/types\/post"}],"author":[{"embeddable":true,"href":"https:\/\/blog.brunnenbraeu.eu\/index.php?rest_route=\/wp\/v2\/users\/1"}],"replies":[{"embeddable":true,"href":"https:\/\/blog.brunnenbraeu.eu\/index.php?rest_route=%2Fwp%2Fv2%2Fcomments&post=4554"}],"version-history":[{"count":1,"href":"https:\/\/blog.brunnenbraeu.eu\/index.php?rest_route=\/wp\/v2\/posts\/4554\/revisions"}],"predecessor-version":[{"id":40799,"href":"https:\/\/blog.brunnenbraeu.eu\/index.php?rest_route=\/wp\/v2\/posts\/4554\/revisions\/40799"}],"wp:featuredmedia":[{"embeddable":true,"href":"https:\/\/blog.brunnenbraeu.eu\/index.php?rest_route=\/wp\/v2\/media\/40797"}],"wp:attachment":[{"href":"https:\/\/blog.brunnenbraeu.eu\/index.php?rest_route=%2Fwp%2Fv2%2Fmedia&parent=4554"}],"wp:term":[{"taxonomy":"category","embeddable":true,"href":"https:\/\/blog.brunnenbraeu.eu\/index.php?rest_route=%2Fwp%2Fv2%2Fcategories&post=4554"},{"taxonomy":"post_tag","embeddable":true,"href":"https:\/\/blog.brunnenbraeu.eu\/index.php?rest_route=%2Fwp%2Fv2%2Ftags&post=4554"}],"curies":[{"name":"wp","href":"https:\/\/api.w.org\/{rel}","templated":true}]}}