{"id":45794,"date":"2022-12-30T22:02:00","date_gmt":"2022-12-30T21:02:00","guid":{"rendered":"https:\/\/blog.brunnenbraeu.eu\/?p=45794"},"modified":"2024-11-02T11:19:57","modified_gmt":"2024-11-02T10:19:57","slug":"bruederla-das-wirtshaus-von-brobierbambergdeu","status":"publish","type":"post","link":"https:\/\/blog.brunnenbraeu.eu\/?p=45794","title":{"rendered":"Br\u00fcderla, das Wirtshaus von BroBier<br>Bamberg<br>DEU"},"content":{"rendered":"\n<p>Zweieinhalb Jahre ist es her, dass ich mitten w\u00e4hrend des ersten Pandemie-Jahrs das <a href=\"https:\/\/blog.brunnenbraeu.eu\/?p=32024\" target=\"_blank\" rel=\"noreferrer noopener\">Bierhaus Bamberg<\/a> besucht und \u00fcber den Mut der Betreiber gestaunt habe.<\/p>\n\n\n\n<p>Heute stehen wir an gleicher Stelle, aber es ist nicht mehr das <a href=\"https:\/\/blog.brunnenbraeu.eu\/?p=32024\" target=\"_blank\" rel=\"noreferrer noopener\">Bierhaus Bamberg<\/a>, sondern das <a href=\"https:\/\/bruederla.de\/\" target=\"_blank\" rel=\"noreferrer noopener\">Br\u00fcderla, das Wirtshaus von BroBier<\/a>. Die Pandemie hatte seinerzeit wohl doch den l\u00e4ngeren Atem gehabt und dem Bierhaus den Garaus gemacht.<\/p>\n\n\n\n<p>Des einen Leid, des anderen Freud, k\u00f6nnte man mitleidslos, geradezu zynisch sagen. <a href=\"https:\/\/www.facebook.com\/andreas.eckschmidt\" target=\"_blank\" rel=\"noreferrer noopener\">Andreas Eckschmidt<\/a> und <a href=\"https:\/\/www.facebook.com\/johannes.lurz\" target=\"_blank\" rel=\"noreferrer noopener\">Johannes Lurz<\/a> von <a href=\"https:\/\/brobier-brewing.jimdosite.com\/\" target=\"_blank\" rel=\"noreferrer noopener\">BroBier<\/a> haben das Objekt \u00fcbernommen und es zu einem Ausschank ihrer Biere umgewandelt. Man kann sich hier nun durch die Bierspezialit\u00e4ten verkosten, die unter den H\u00e4nden der beiden Brauer entstehen, aber man dazu auch ganz vorz\u00fcgliche, rustikale K\u00fcche genie\u00dfen.<\/p>\n\n\n\n<figure class=\"wp-block-image size-large\"><img loading=\"lazy\" decoding=\"async\" width=\"1024\" height=\"486\" src=\"https:\/\/blog.brunnenbraeu.eu\/wp-content\/uploads\/2024\/10\/Bruederla-das-Wirtshaus-von-BroBier-Mini-1-1024x486.jpg\" alt=\"\" class=\"wp-image-45796\" srcset=\"https:\/\/blog.brunnenbraeu.eu\/wp-content\/uploads\/2024\/10\/Bruederla-das-Wirtshaus-von-BroBier-Mini-1-1024x486.jpg 1024w, https:\/\/blog.brunnenbraeu.eu\/wp-content\/uploads\/2024\/10\/Bruederla-das-Wirtshaus-von-BroBier-Mini-1-300x143.jpg 300w, https:\/\/blog.brunnenbraeu.eu\/wp-content\/uploads\/2024\/10\/Bruederla-das-Wirtshaus-von-BroBier-Mini-1-150x71.jpg 150w, https:\/\/blog.brunnenbraeu.eu\/wp-content\/uploads\/2024\/10\/Bruederla-das-Wirtshaus-von-BroBier-Mini-1-768x365.jpg 768w, https:\/\/blog.brunnenbraeu.eu\/wp-content\/uploads\/2024\/10\/Bruederla-das-Wirtshaus-von-BroBier-Mini-1.jpg 1063w\" sizes=\"auto, (max-width: 1024px) 100vw, 1024px\" \/><\/figure>\n\n\n\n<p class=\"has-text-align-center\" style=\"font-size:12px\"><strong>der angebotene Biertester <\/strong><\/p>\n\n\n\n<div style=\"height:30px\" aria-hidden=\"true\" class=\"wp-block-spacer\"><\/div>\n\n\n\n<p>Wir \u00fcberlegen nicht lang, suchen uns ein sch\u00f6nes Pl\u00e4tzchen und bestellen erstmal den angebotenen Biertester \u2013 f\u00fcnf kleine Probiergl\u00e4schen. Vier davon von <a href=\"https:\/\/brobier-brewing.jimdosite.com\/\" target=\"_blank\" rel=\"noreferrer noopener\">BroBier<\/a>, das f\u00fcnfte von der Brauerei, auf deren Sudwerk die beiden <a href=\"https:\/\/brobier-brewing.jimdosite.com\/\" target=\"_blank\" rel=\"noreferrer noopener\">BroBier<\/a>-Brauer ihre Biere produzieren \u2013 der <a href=\"https:\/\/recken.de\/\" target=\"_blank\" rel=\"noreferrer noopener\">Schlossbrauerei Reckendorf<\/a>.<\/p>\n\n\n\n<p>Dazu bestelle ich mir ein Krustenbratenbr\u00f6tchen und bin gespannt, was es damit auf sich hat.<\/p>\n\n\n\n<p>Die Biere sind alle f\u00fcnf sehr solide und sch\u00f6n stilgerecht gebraut:<\/p>\n\n\n\n<ul class=\"wp-block-list\">\n<li>BroBier \u2013 Helles (4,7%)<\/li>\n\n\n\n<li>BroBier \u2013 Fr\u00e4nkisches Vollbier (4,7%)<\/li>\n\n\n\n<li>BroBier \u2013 Fr\u00e4nkisches Rotbier (4,7%)<\/li>\n\n\n\n<li>Schlossbrauerei Reckendorf \u2013 Recken Kellerbier (5,0%)<\/li>\n\n\n\n<li>BroBier \u2013 Freiraum Ale (5,2%)<\/li>\n<\/ul>\n\n\n\n<p>Feine Sache, und wir sind schon mal sehr zufrieden.<\/p>\n\n\n\n<p>Dann kommt allerdings mein Krustenbratenbr\u00f6tchen und hinterl\u00e4sst einen tiefen Eindruck!<\/p>\n\n\n\n<p>Der dicke Krustenbraten mit einer wirklich beeindruckenden Schweinsbratenkruste ist so zwischen die Br\u00f6tchenh\u00e4lften gequetscht, dass es wirklich aussieht, als w\u00fcrde das Br\u00f6tchen die Z\u00e4hne fletschen. Ein Riesenbrocken vom feinsten, knusprigen Schweinsbraten!<\/p>\n\n\n\n<p>Aber auch nicht nur ein Riesenbrocken, sondern auch von hervorragender Qualit\u00e4t. Wunderbar zartes Fleisch und eine Kruste, die zwar richtig schon kross ist, sich aber trotzdem ganz leicht mit lautem Krachen zwischen den Z\u00e4hnen zermalmen l\u00e4sst. Und das alles f\u00fcr gerade mal einen F\u00fcnfer?<\/p>\n\n\n\n<p>Ach, hier in Bamberg ist die Welt noch in Ordnung \u2026<\/p>\n\n\n\n<figure class=\"wp-block-image size-large\"><img loading=\"lazy\" decoding=\"async\" width=\"1024\" height=\"1024\" src=\"https:\/\/blog.brunnenbraeu.eu\/wp-content\/uploads\/2024\/10\/Bruederla-das-Wirtshaus-von-BroBier-Mini-2-1024x1024.jpg\" alt=\"\" class=\"wp-image-45797\" srcset=\"https:\/\/blog.brunnenbraeu.eu\/wp-content\/uploads\/2024\/10\/Bruederla-das-Wirtshaus-von-BroBier-Mini-2-1024x1024.jpg 1024w, https:\/\/blog.brunnenbraeu.eu\/wp-content\/uploads\/2024\/10\/Bruederla-das-Wirtshaus-von-BroBier-Mini-2-300x300.jpg 300w, https:\/\/blog.brunnenbraeu.eu\/wp-content\/uploads\/2024\/10\/Bruederla-das-Wirtshaus-von-BroBier-Mini-2-150x150.jpg 150w, https:\/\/blog.brunnenbraeu.eu\/wp-content\/uploads\/2024\/10\/Bruederla-das-Wirtshaus-von-BroBier-Mini-2-768x768.jpg 768w, https:\/\/blog.brunnenbraeu.eu\/wp-content\/uploads\/2024\/10\/Bruederla-das-Wirtshaus-von-BroBier-Mini-2.jpg 1063w\" sizes=\"auto, (max-width: 1024px) 100vw, 1024px\" \/><\/figure>\n\n\n\n<p class=\"has-text-align-center\" style=\"font-size:12px\"><strong>Mahlzeit! Kiefernsperre inklusive \u2026<\/strong><\/p>\n\n\n\n<div style=\"height:30px\" aria-hidden=\"true\" class=\"wp-block-spacer\"><\/div>\n\n\n\n<p>Wir unterhalten uns noch einen Moment mit dem netten Barmann, und er schw\u00e4rmt uns vor, wie sch\u00f6n das sei, hier ein bereits fertig eingerichtetes (und das auch noch ansprechend und geschmackvoll) Wirtshaus \u00fcbernommen haben zu k\u00f6nnen \u2013 das h\u00e4tte den Start f\u00fcr einen BroBier-Ausschank erheblich vereinfacht. Mit dem <a href=\"https:\/\/bruederla.de\/\" target=\"_blank\" rel=\"noreferrer noopener\">Br\u00fcderla<\/a> w\u00fcrde man sich nun in der bunten Bamberger Bierszene sehr erfolgreich pr\u00e4sentieren k\u00f6nnen.<\/p>\n\n\n\n<p>Wir w\u00fcnschen es ihm und dem Team drumherum, dass das so stimmt. Gute Biere, hervorragendes und preiswertes Essen, angenehme Atmosph\u00e4re und netter Service. Passt alles.<\/p>\n\n\n\n<p>Auch wenn es erst einer Pleite eines anderen bedurft hatte, um das <a href=\"https:\/\/bruederla.de\/\" target=\"_blank\" rel=\"noreferrer noopener\">Br\u00fcderla, das Wirtshaus von BroBier<\/a>, auf die Schiene zu setzen. Des einen Leid, des anderen Freud \u2026<\/p>\n\n\n\n<p><em>Das <a href=\"https:\/\/bruederla.de\/\" target=\"_blank\" rel=\"noreferrer noopener\">Br\u00fcderla, das Wirtshaus von BroBier<\/a>, ist montags, mittwochs und donnerstags ab 17:00 Uhr, freitags, sonnabends und sonntags ab 11:00 Uhr durchgehend ge\u00f6ffnet; dienstags ist zu \u2013 Ruhetag! Der Obstmarkt als zentraler Punkt in der Altstadt ist aus allen Richtungen bequem zu Fu\u00df zu erreichen; die Wirtschaft <a href=\"https:\/\/bruederla.de\/\" target=\"_blank\" rel=\"noreferrer noopener\">Br\u00fcderla<\/a> liegt dann direkt am etwas tiefer gelegenen Brunnen.<\/em><\/p>\n\n\n\n<p class=\"has-text-align-center\"><a href=\"https:\/\/vquante.jalbum.net\/Alben13\/Bruederla\/index.html\" target=\"_blank\" rel=\"noreferrer noopener\">Bildergalerie<\/a><\/p>\n\n\n\n<p class=\"has-text-align-center\">Br\u00fcderla, das Wirtshaus von BroBier<br>Obstmarkt 1<br>96 047 Bamberg<br>Bayern<br>Deutschland<\/p>\n","protected":false},"excerpt":{"rendered":"<div class=\"mh-excerpt\"><p>Zweieinhalb Jahre ist es her, dass ich mitten w\u00e4hrend des ersten Pandemie-Jahrs das Bierhaus Bamberg besucht und \u00fcber den Mut der Betreiber gestaunt habe. Heute stehen wir an gleicher Stelle, aber es ist nicht mehr das Bierhaus Bamberg, sondern das Br\u00fcderla, das Wirtshaus von BroBier. Die Pandemie hatte seinerzeit wohl <a class=\"mh-excerpt-more\" href=\"https:\/\/blog.brunnenbraeu.eu\/?p=45794\" title=\"Br\u00fcderla, das Wirtshaus von BroBierBambergDEU\">[&#8230;]<\/a><\/p>\n<\/div>","protected":false},"author":1,"featured_media":45796,"comment_status":"open","ping_status":"open","sticky":false,"template":"","format":"standard","meta":{"footnotes":""},"categories":[48,6,10,11],"tags":[],"class_list":{"0":"post-45794","1":"post","2":"type-post","3":"status-publish","4":"format-standard","5":"has-post-thumbnail","7":"category-bayern-deutschland","8":"category-bier-vor-ort","9":"category-bierbars-biergaerten-bierlokale","10":"category-deutschland"},"_links":{"self":[{"href":"https:\/\/blog.brunnenbraeu.eu\/index.php?rest_route=\/wp\/v2\/posts\/45794","targetHints":{"allow":["GET"]}}],"collection":[{"href":"https:\/\/blog.brunnenbraeu.eu\/index.php?rest_route=\/wp\/v2\/posts"}],"about":[{"href":"https:\/\/blog.brunnenbraeu.eu\/index.php?rest_route=\/wp\/v2\/types\/post"}],"author":[{"embeddable":true,"href":"https:\/\/blog.brunnenbraeu.eu\/index.php?rest_route=\/wp\/v2\/users\/1"}],"replies":[{"embeddable":true,"href":"https:\/\/blog.brunnenbraeu.eu\/index.php?rest_route=%2Fwp%2Fv2%2Fcomments&post=45794"}],"version-history":[{"count":3,"href":"https:\/\/blog.brunnenbraeu.eu\/index.php?rest_route=\/wp\/v2\/posts\/45794\/revisions"}],"predecessor-version":[{"id":45883,"href":"https:\/\/blog.brunnenbraeu.eu\/index.php?rest_route=\/wp\/v2\/posts\/45794\/revisions\/45883"}],"wp:featuredmedia":[{"embeddable":true,"href":"https:\/\/blog.brunnenbraeu.eu\/index.php?rest_route=\/wp\/v2\/media\/45796"}],"wp:attachment":[{"href":"https:\/\/blog.brunnenbraeu.eu\/index.php?rest_route=%2Fwp%2Fv2%2Fmedia&parent=45794"}],"wp:term":[{"taxonomy":"category","embeddable":true,"href":"https:\/\/blog.brunnenbraeu.eu\/index.php?rest_route=%2Fwp%2Fv2%2Fcategories&post=45794"},{"taxonomy":"post_tag","embeddable":true,"href":"https:\/\/blog.brunnenbraeu.eu\/index.php?rest_route=%2Fwp%2Fv2%2Ftags&post=45794"}],"curies":[{"name":"wp","href":"https:\/\/api.w.org\/{rel}","templated":true}]}}