{"id":46853,"date":"2025-04-18T17:55:48","date_gmt":"2025-04-18T15:55:48","guid":{"rendered":"https:\/\/blog.brunnenbraeu.eu\/?p=46853"},"modified":"2025-04-18T17:55:48","modified_gmt":"2025-04-18T15:55:48","slug":"dietrich-hoellhuber-wolfgang-kaulfrankenalbein-wanderfuehrer-fuer-biertrinker","status":"publish","type":"post","link":"https:\/\/blog.brunnenbraeu.eu\/?p=46853","title":{"rendered":"Dietrich H\u00f6llhuber, Wolfgang Kaul:<br>Frankenalb<br>Ein Wanderf\u00fchrer f\u00fcr Biertrinker"},"content":{"rendered":"\n<p>Vierzig Jahre alt ist dieser Wanderf\u00fchrer, und trotzdem bereitet es mir Freude, ihn zu lesen. Viele Adressen, die dort beschrieben sind, wird es vielleicht nicht mehr geben, andere, neuere sind hinzugekommen. Ich begebe mich also gewisserma\u00dfen auf eine ganz besondere Wanderung, nicht nur durch die Frankenalb, sondern auch durch die Zeit.<\/p>\n\n\n\n<figure class=\"wp-block-image size-large is-resized\"><img loading=\"lazy\" decoding=\"async\" width=\"714\" height=\"1024\" src=\"https:\/\/blog.brunnenbraeu.eu\/wp-content\/uploads\/2025\/04\/Frankenalb-\u2013-Ein-Wanderfuehrer-fuer-Biertrinker-Mini-1-714x1024.jpg\" alt=\"\" class=\"wp-image-46854\" style=\"width:840px;height:auto\" srcset=\"https:\/\/blog.brunnenbraeu.eu\/wp-content\/uploads\/2025\/04\/Frankenalb-\u2013-Ein-Wanderfuehrer-fuer-Biertrinker-Mini-1-714x1024.jpg 714w, https:\/\/blog.brunnenbraeu.eu\/wp-content\/uploads\/2025\/04\/Frankenalb-\u2013-Ein-Wanderfuehrer-fuer-Biertrinker-Mini-1-209x300.jpg 209w, https:\/\/blog.brunnenbraeu.eu\/wp-content\/uploads\/2025\/04\/Frankenalb-\u2013-Ein-Wanderfuehrer-fuer-Biertrinker-Mini-1-105x150.jpg 105w, https:\/\/blog.brunnenbraeu.eu\/wp-content\/uploads\/2025\/04\/Frankenalb-\u2013-Ein-Wanderfuehrer-fuer-Biertrinker-Mini-1-768x1102.jpg 768w, https:\/\/blog.brunnenbraeu.eu\/wp-content\/uploads\/2025\/04\/Frankenalb-\u2013-Ein-Wanderfuehrer-fuer-Biertrinker-Mini-1.jpg 1063w\" sizes=\"auto, (max-width: 714px) 100vw, 714px\" \/><\/figure>\n\n\n\n<p class=\"has-text-align-center\" style=\"font-size:12px\"><strong>Dietrich H\u00f6llhuber, Wolfgang Kaul:<br>Frankenalb \u2013 Ein Wanderf\u00fchrer f\u00fcr Biertrinker<\/strong><\/p>\n\n\n\n<div style=\"height:30px\" aria-hidden=\"true\" class=\"wp-block-spacer\"><\/div>\n\n\n\n<p>Das Vorwort der beiden Autoren beschreibt sehr sch\u00f6n, warum sie diesen speziellen Wanderf\u00fchrer f\u00fcr Biertrinker geschrieben haben, obwohl es doch schon so viele Wanderf\u00fchrer \u00fcber Franken gibt. Weil \u2026 in den anderen Wanderf\u00fchrern nichts \u00fcber bierige Einkehrm\u00f6glichkeiten geschrieben steht. Sie selbst formulieren es so:<\/p>\n\n\n\n<p>\u201eUnd dann: Der gem\u00fctliche Gasthof f\u00fchrt ausgerechnet ein Bier, das man auch zuhause um die Ecke bekommen kann, der sch\u00f6ne Bierkeller wird von einer Gro\u00dfbrauerei unterhalten, die nicht mehr das charakteristische Bier von fr\u00fcher bieten kann, ein per Zufall ausgesuchtes Gasthaus entpuppt sich als standhafter Einheitssaucenverwender. Soll man (\u2026) Essen und Trinken, Rast und Brotzeit, Bier und Getr\u00e4nke dem Zufall \u00fcberlassen?\u201c<\/p>\n\n\n\n<p>Liebevolle f\u00fcnfzehn Seiten umfasst die Einleitung, der ich obiges Zitat entnommen habe. Sie erkl\u00e4rt, weist hin, erl\u00e4utert und macht Lust auf die folgenden insgesamt 22 Beschreibungen von m\u00f6glichen Wandertouren. Jede Beschreibung nennt zun\u00e4chst den Start der Wanderung, meistens ein Brauereigastst\u00e4tte, der auch gleichzeitig das Ziel des Rundwegs darstellt. Es folgt eine sch\u00f6ne Beschreibung des Wanderwegs einschlie\u00dflich einer groben Skizze, und als letzter Teil werden die bierigen Zwischenziele, die die jeweilige Wanderung umfasst, aufgelistet und beschrieben. Sch\u00f6ne Fotos lockern die Texte auf, und f\u00fcr einen Moment muss ich \u00fcberlegen: Sind die Farben in den vergangenen vierzig Jahren verblasst, oder haben wir uns an Internetbilder in den knalligsten Farben so sehr gew\u00f6hnt, dass uns die ganz normalen Fotos von damals so flach und blass vorkommen?<\/p>\n\n\n\n<figure class=\"wp-block-image size-large\"><img loading=\"lazy\" decoding=\"async\" width=\"1024\" height=\"862\" src=\"https:\/\/blog.brunnenbraeu.eu\/wp-content\/uploads\/2025\/04\/Frankenalb-\u2013-Ein-Wanderfuehrer-fuer-Biertrinker-Mini-2-1024x862.jpg\" alt=\"\" class=\"wp-image-46855\" srcset=\"https:\/\/blog.brunnenbraeu.eu\/wp-content\/uploads\/2025\/04\/Frankenalb-\u2013-Ein-Wanderfuehrer-fuer-Biertrinker-Mini-2-1024x862.jpg 1024w, https:\/\/blog.brunnenbraeu.eu\/wp-content\/uploads\/2025\/04\/Frankenalb-\u2013-Ein-Wanderfuehrer-fuer-Biertrinker-Mini-2-300x253.jpg 300w, https:\/\/blog.brunnenbraeu.eu\/wp-content\/uploads\/2025\/04\/Frankenalb-\u2013-Ein-Wanderfuehrer-fuer-Biertrinker-Mini-2-150x126.jpg 150w, https:\/\/blog.brunnenbraeu.eu\/wp-content\/uploads\/2025\/04\/Frankenalb-\u2013-Ein-Wanderfuehrer-fuer-Biertrinker-Mini-2-768x647.jpg 768w, https:\/\/blog.brunnenbraeu.eu\/wp-content\/uploads\/2025\/04\/Frankenalb-\u2013-Ein-Wanderfuehrer-fuer-Biertrinker-Mini-2.jpg 1063w\" sizes=\"auto, (max-width: 1024px) 100vw, 1024px\" \/><\/figure>\n\n\n\n<p class=\"has-text-align-center\" style=\"font-size:12px\"><strong>bunt bebilderte Beschreibungen der Wanderrouten<\/strong><\/p>\n\n\n\n<div style=\"height:30px\" aria-hidden=\"true\" class=\"wp-block-spacer\"><\/div>\n\n\n\n<p>F\u00fcr die Leser, die vielleicht gar nicht so sehr auf die Beschreibung der Wanderrouten aus sind, sondern sich eher unmittelbar f\u00fcr die ganzen Brauereigastst\u00e4tten interessieren, von denen in diesem Buch die Rede ist, findet sich nach der letzten, der zweiundzwanzigsten, Route noch eine Liste aller immerhin 74 (vierundsiebzig!) erw\u00e4hnten Brauereigastst\u00e4tten.<\/p>\n\n\n\n<p>Wer ebenso wie ich Spa\u00df daran hat, in l\u00e4ngst vergangenen Biererlebnissen zu schm\u00f6kern, kann dieses Buch sicherlich antiquarisch noch finden.<\/p>\n\n\n\n<p class=\"has-text-align-center\">Dietrich H\u00f6llhuber, Wolfgang Kaul<br>Frankenalb \u2013 Ein Wanderf\u00fchrer f\u00fcr Biertrinker<br>Verlag Hans Carl<br>N\u00fcrnberg, 1985<br>ISBN 3-418-00499-7<\/p>\n","protected":false},"excerpt":{"rendered":"<div class=\"mh-excerpt\"><p>Vierzig Jahre alt ist dieser Wanderf\u00fchrer, und trotzdem bereitet es mir Freude, ihn zu lesen. Viele Adressen, die dort beschrieben sind, wird es vielleicht nicht mehr geben, andere, neuere sind hinzugekommen. Ich begebe mich also gewisserma\u00dfen auf eine ganz besondere Wanderung, nicht nur durch die Frankenalb, sondern auch durch die <a class=\"mh-excerpt-more\" href=\"https:\/\/blog.brunnenbraeu.eu\/?p=46853\" title=\"Dietrich H\u00f6llhuber, Wolfgang Kaul:FrankenalbEin Wanderf\u00fchrer f\u00fcr Biertrinker\">[&#8230;]<\/a><\/p>\n<\/div>","protected":false},"author":1,"featured_media":46854,"comment_status":"open","ping_status":"open","sticky":false,"template":"","format":"standard","meta":{"footnotes":""},"categories":[61,60],"tags":[],"class_list":{"0":"post-46853","1":"post","2":"type-post","3":"status-publish","4":"format-standard","5":"has-post-thumbnail","7":"category-buecher","8":"category-rezensionen"},"_links":{"self":[{"href":"https:\/\/blog.brunnenbraeu.eu\/index.php?rest_route=\/wp\/v2\/posts\/46853","targetHints":{"allow":["GET"]}}],"collection":[{"href":"https:\/\/blog.brunnenbraeu.eu\/index.php?rest_route=\/wp\/v2\/posts"}],"about":[{"href":"https:\/\/blog.brunnenbraeu.eu\/index.php?rest_route=\/wp\/v2\/types\/post"}],"author":[{"embeddable":true,"href":"https:\/\/blog.brunnenbraeu.eu\/index.php?rest_route=\/wp\/v2\/users\/1"}],"replies":[{"embeddable":true,"href":"https:\/\/blog.brunnenbraeu.eu\/index.php?rest_route=%2Fwp%2Fv2%2Fcomments&post=46853"}],"version-history":[{"count":1,"href":"https:\/\/blog.brunnenbraeu.eu\/index.php?rest_route=\/wp\/v2\/posts\/46853\/revisions"}],"predecessor-version":[{"id":46856,"href":"https:\/\/blog.brunnenbraeu.eu\/index.php?rest_route=\/wp\/v2\/posts\/46853\/revisions\/46856"}],"wp:featuredmedia":[{"embeddable":true,"href":"https:\/\/blog.brunnenbraeu.eu\/index.php?rest_route=\/wp\/v2\/media\/46854"}],"wp:attachment":[{"href":"https:\/\/blog.brunnenbraeu.eu\/index.php?rest_route=%2Fwp%2Fv2%2Fmedia&parent=46853"}],"wp:term":[{"taxonomy":"category","embeddable":true,"href":"https:\/\/blog.brunnenbraeu.eu\/index.php?rest_route=%2Fwp%2Fv2%2Fcategories&post=46853"},{"taxonomy":"post_tag","embeddable":true,"href":"https:\/\/blog.brunnenbraeu.eu\/index.php?rest_route=%2Fwp%2Fv2%2Ftags&post=46853"}],"curies":[{"name":"wp","href":"https:\/\/api.w.org\/{rel}","templated":true}]}}