{"id":47122,"date":"2025-05-03T23:33:00","date_gmt":"2025-05-03T21:33:00","guid":{"rendered":"https:\/\/blog.brunnenbraeu.eu\/?p=47122"},"modified":"2025-07-13T17:20:21","modified_gmt":"2025-07-13T15:20:21","slug":"de-heeren-van-liedekerckedenderleeuwbel","status":"publish","type":"post","link":"https:\/\/blog.brunnenbraeu.eu\/?p=47122","title":{"rendered":"De Heeren van Liedekercke<br>Denderleeuw<br>BEL"},"content":{"rendered":"\n<p>Das ist so richtig typisch belgisch. Ohne R\u00fccksicht auf \u00c4sthetik, mehr den Gag in den Vordergrund r\u00fcckend, ist das ganze Geb\u00e4ude in leuchtendem Biergelb gestrichen. Bis auf die obere H\u00e4lfte des oberen Stockwerks. Die ist wei\u00df. Und somit sieht das ganze Haus aus wie ein \u00fcberdimensioniertes, zugegebenerma\u00dfen allerdings viereckiges, Bierglas. Und es f\u00e4llt auf. Was es ja soll.<\/p>\n\n\n\n<p>Und f\u00fcr alle die, bei denen der Groschen zu langsam f\u00e4llt, sind auch noch Tafeln mit \u00fcberdimensionierten Hopfendolden und einige Brauerei-Werbeschilder an der Fassade befestigt. Die Botschaft wird klar: Hier im Restaurant <a href=\"https:\/\/www.heerenvanliedekercke.be\/\" target=\"_blank\" rel=\"noreferrer noopener\">De Heeren van Liedekercke<\/a> gibt\u2019s nicht nur gutes Bier, sondern hier wird Bier gelebt. Mit allen Sinnen.<\/p>\n\n\n\n<p>Wir gehen durch den rotgestrichenen Eingang und direkt hinunter in das Tiefgeschoss, in den mit Bierutensilien bis auf den letzten Quadratzentimeter dekorierten Speiseraum. Ein erstklassiges Biermen\u00fc hat uns <a href=\"https:\/\/www.facebook.com\/profile.php?id=100021732875007\" target=\"_blank\" rel=\"noreferrer noopener\">Frederic Paquet<\/a>&nbsp;von&nbsp;<a href=\"https:\/\/www.belgoshop.de\/\" target=\"_blank\" rel=\"noreferrer noopener\">belgoshop.de<\/a>, der die Bier-Genussreise durch Belgien organisiert hat, versprochen, und wir sind gespannt.<\/p>\n\n\n\n<p>Lange m\u00fcssen wir nicht warten, bis uns das erste Bier als Aperitif serviert wird, was fast ein bisschen schade ist. So viele Bier-Memorabilia gibt es zu bewundern und zu fotografieren. So viel Bier- und Brauerei-\u201ePlunder\u201c \u2013 das ginge auch ohne Restaurant fast schon als Biermuseum durch!<\/p>\n\n\n\n<p>Ich rei\u00dfe mich los von meiner Erkundungstour durch den Raum, wende mich von leeren Gl\u00e4sern und Flaschen ab, hin zu ihren vollen Pendants. Im schlanken Sektglas wird uns ein fruchtiges und dennoch trockenes Bier serviert \u2013 ein mittlerweile zehn Jahre altes (!), hochvergorenes Bier namens Goedele\u2019s Bloesem, gebraut bei <a href=\"https:\/\/www.lindemans.be\/\" target=\"_blank\" rel=\"noreferrer noopener\">Lindemans<\/a> zu Ehren der Geburt der Wirtstochter der <a href=\"https:\/\/www.heerenvanliedekercke.be\/\" target=\"_blank\" rel=\"noreferrer noopener\">Heeren van Liedekercke<\/a> am 9. Oktober 2015. Sechs Prozent Alkohol hat es \u201enur\u201c \u2013 f\u00fcr ein Bier, das man jahrelang lagern und altern lassen m\u00f6chte, erstaunlich wenig. Und es schmeckt!<\/p>\n\n\n\n<p>Es dauert einen Moment, bis alle am Tisch die Geschichte zu dem Bier geh\u00f6rt und ihr Glas auch mit der geb\u00fchrenden Konzentration verkostet haben, aber nun kehrt langsam etwas Ruhe ein, und die erste Vorspeise wird serviert. Ab jetzt geht es Schlag auf Schlag. Ein Gang nach dem anderen kommt, und zu jedem gr\u00f6\u00dferen Gang wird nicht nur ein passendes Bier serviert, sondern gleich zwei. Eines der beiden eher im harmonischen Gleichklang, das andere tendenziell eher kontrastierend. Immer aber eine gelungene Beer-Food-Kombination.<\/p>\n\n\n\n<figure class=\"wp-block-image size-large\"><img loading=\"lazy\" decoding=\"async\" width=\"1022\" height=\"1024\" src=\"https:\/\/blog.brunnenbraeu.eu\/wp-content\/uploads\/2025\/06\/De-Heeren-van-Liedekercke-Mini-2-1022x1024.jpg\" alt=\"\" class=\"wp-image-47127\" srcset=\"https:\/\/blog.brunnenbraeu.eu\/wp-content\/uploads\/2025\/06\/De-Heeren-van-Liedekercke-Mini-2-1022x1024.jpg 1022w, https:\/\/blog.brunnenbraeu.eu\/wp-content\/uploads\/2025\/06\/De-Heeren-van-Liedekercke-Mini-2-300x300.jpg 300w, https:\/\/blog.brunnenbraeu.eu\/wp-content\/uploads\/2025\/06\/De-Heeren-van-Liedekercke-Mini-2-150x150.jpg 150w, https:\/\/blog.brunnenbraeu.eu\/wp-content\/uploads\/2025\/06\/De-Heeren-van-Liedekercke-Mini-2-768x769.jpg 768w, https:\/\/blog.brunnenbraeu.eu\/wp-content\/uploads\/2025\/06\/De-Heeren-van-Liedekercke-Mini-2.jpg 1063w\" sizes=\"auto, (max-width: 1022px) 100vw, 1022px\" \/><\/figure>\n\n\n\n<p class=\"has-text-align-center\" style=\"font-size:12px\"><strong>es geht Schlag auf Schlag<\/strong><\/p>\n\n\n\n<div style=\"height:30px\" aria-hidden=\"true\" class=\"wp-block-spacer\"><\/div>\n\n\n\n<p>Der Chronist kommt in Stress. Einerseits m\u00f6chte er die Gerichte und die Biere mit allen Sinnen genie\u00dfen, andererseits aber auch seiner Chronistenpflicht nachkommen und Buch f\u00fchren. Herrjeh, es ist nicht zu schaffen, und notgedrungen beschr\u00e4nkt er seine Buchf\u00fchrung auf die Begleitbiere. Was auch immer in den wunderbaren Gerichten enthalten ist, wie auch immer diese Speisen sich nennen \u2026 sei\u2019s drum, der Fokus liegt auf dem Genuss selbiger, nicht auf dem Verschriftlichen. M\u00f6gen die Bilder in der Galerie f\u00fcr sich selbst sprechen.<\/p>\n\n\n\n<p>Aber die Biere! Die Biere hat er vollst\u00e4ndig erfasst. Glaubt er jedenfalls, der Chronist:<\/p>\n\n\n\n<ul class=\"wp-block-list\">\n<li>Brasserie Lindemans \u2013 Goedele\u2019s Bloesem [2015] (6,0%)<\/li>\n\n\n\n<li>Lambiek Fabriek \u2013 Brett-Elle \u2013 Oude Geuze (5,5%)<\/li>\n\n\n\n<li>Microbrasserie Den Herberg \u2013 Heeren van Liedekercke Hausbier (6,0%)<\/li>\n\n\n\n<li>Brasserie Demanez \u2013 Magerotte Triple BR (9,0%)<\/li>\n\n\n\n<li>Brouwerij De Glazen Toren \u2013 Jan de Lichte \u2013 Dubbel Witbier [2023] (7,0%)<\/li>\n\n\n\n<li>Les 3 Fourquets \u2013 Lupulus Ardens Tripel (8.5%)<\/li>\n\n\n\n<li>Brasserie de l&#8217;Abbaye des Rocs \u2013 Montagnarde 1979 (9,0)%<\/li>\n\n\n\n<li>Brouwerij Boelens \u2013 Heerenbier (8,0%)<\/li>\n<\/ul>\n\n\n\n<figure class=\"wp-block-image size-large\"><img loading=\"lazy\" decoding=\"async\" width=\"1024\" height=\"1024\" src=\"https:\/\/blog.brunnenbraeu.eu\/wp-content\/uploads\/2025\/06\/De-Heeren-van-Liedekercke-Mini-1-1024x1024.jpg\" alt=\"\" class=\"wp-image-47128\" srcset=\"https:\/\/blog.brunnenbraeu.eu\/wp-content\/uploads\/2025\/06\/De-Heeren-van-Liedekercke-Mini-1-1024x1024.jpg 1024w, https:\/\/blog.brunnenbraeu.eu\/wp-content\/uploads\/2025\/06\/De-Heeren-van-Liedekercke-Mini-1-300x300.jpg 300w, https:\/\/blog.brunnenbraeu.eu\/wp-content\/uploads\/2025\/06\/De-Heeren-van-Liedekercke-Mini-1-150x150.jpg 150w, https:\/\/blog.brunnenbraeu.eu\/wp-content\/uploads\/2025\/06\/De-Heeren-van-Liedekercke-Mini-1-768x769.jpg 768w, https:\/\/blog.brunnenbraeu.eu\/wp-content\/uploads\/2025\/06\/De-Heeren-van-Liedekercke-Mini-1.jpg 1063w\" sizes=\"auto, (max-width: 1024px) 100vw, 1024px\" \/><\/figure>\n\n\n\n<p class=\"has-text-align-center\" style=\"font-size:12px\"><strong>Ob das wirklich alle Biere sind?<\/strong><\/p>\n\n\n\n<div style=\"height:30px\" aria-hidden=\"true\" class=\"wp-block-spacer\"><\/div>\n\n\n\n<p>Wir essen, schnuppern, trinken, schwelgen, genie\u00dfen und schmelzen dahin. Mit jeder servierten Speise, mit jedem Bier flie\u00dfen die Sinne \u00fcber. Wir lassen uns treiben und gehen, sp\u00fcren gar nicht, wie die Zeit verfliegt, und erst als elegante Tabletts mit Kaffee und Pralinen vor uns stehen, registrieren wir, dass der Abend sich dem Ende zuneigt.<\/p>\n\n\n\n<p>Der G\u00fcrtel spannt ein wenig, und wir werden heute Nacht auf dem R\u00fccken schlafen m\u00fcssen. Aber das war es wert. Was f\u00fcr eine kulinarische Achterbahnfahrt!<\/p>\n\n\n\n<p><em>Das Bierrestaurant <a href=\"https:\/\/www.heerenvanliedekercke.be\/\" target=\"_blank\" rel=\"noreferrer noopener\">De Heeren van Liedekercke<\/a> ist donnerstags ab 17:00 Uhr, freitags und sonnabends ab 11:45 Uhr und sonntags ab 12:30 Uhr durchgehend ge\u00f6ffnet, zus\u00e4tzlich montags von 11:45 bis 14:30 Uhr. Dienstags und mittwochs ist zu. Wie kommt man da hin? Man kann die Bahn nehmen, die Z\u00fcge mit den Nummern S3, S5 und S6, bis Iddergem, und dann l\u00e4uft man etwa eine Viertelstunde in Richtung Osten. Leider an einer Hauptstra\u00dfe entlang.<\/em><\/p>\n\n\n\n<p class=\"has-text-align-center\"><a href=\"https:\/\/vquante.jalbum.net\/Alben15\/Liedekercke\/index.html\" target=\"_blank\" rel=\"noreferrer noopener\">Bildergalerie<\/a><\/p>\n\n\n\n<p class=\"has-text-align-center\">De Heeren van Liedekercke<br>Kasteelstraat 33<br>9470 Denderleeuw<br>Belgien<\/p>\n\n\n\n<p>Vielen lieben Dank an&nbsp;<a href=\"https:\/\/www.facebook.com\/profile.php?id=100021732875007\" target=\"_blank\" rel=\"noreferrer noopener\">Frederic Paquet<\/a>&nbsp;und&nbsp;<a href=\"https:\/\/www.belgoshop.de\/\" target=\"_blank\" rel=\"noreferrer noopener\">belgoshop.de<\/a>&nbsp;f\u00fcr die Organisation dieses Besuchs!<\/p>\n","protected":false},"excerpt":{"rendered":"<div class=\"mh-excerpt\"><p>Das ist so richtig typisch belgisch. Ohne R\u00fccksicht auf \u00c4sthetik, mehr den Gag in den Vordergrund r\u00fcckend, ist das ganze Geb\u00e4ude in leuchtendem Biergelb gestrichen. Bis auf die obere H\u00e4lfte des oberen Stockwerks. Die ist wei\u00df. Und somit sieht das ganze Haus aus wie ein \u00fcberdimensioniertes, zugegebenerma\u00dfen allerdings viereckiges, Bierglas. <a class=\"mh-excerpt-more\" href=\"https:\/\/blog.brunnenbraeu.eu\/?p=47122\" title=\"De Heeren van LiedekerckeDenderleeuwBEL\">[&#8230;]<\/a><\/p>\n<\/div>","protected":false},"author":1,"featured_media":47128,"comment_status":"open","ping_status":"open","sticky":false,"template":"","format":"standard","meta":{"footnotes":""},"categories":[85,6,10],"tags":[],"class_list":{"0":"post-47122","1":"post","2":"type-post","3":"status-publish","4":"format-standard","5":"has-post-thumbnail","7":"category-belgien-bierbars-biergaerten-bierlokale","8":"category-bier-vor-ort","9":"category-bierbars-biergaerten-bierlokale"},"_links":{"self":[{"href":"https:\/\/blog.brunnenbraeu.eu\/index.php?rest_route=\/wp\/v2\/posts\/47122","targetHints":{"allow":["GET"]}}],"collection":[{"href":"https:\/\/blog.brunnenbraeu.eu\/index.php?rest_route=\/wp\/v2\/posts"}],"about":[{"href":"https:\/\/blog.brunnenbraeu.eu\/index.php?rest_route=\/wp\/v2\/types\/post"}],"author":[{"embeddable":true,"href":"https:\/\/blog.brunnenbraeu.eu\/index.php?rest_route=\/wp\/v2\/users\/1"}],"replies":[{"embeddable":true,"href":"https:\/\/blog.brunnenbraeu.eu\/index.php?rest_route=%2Fwp%2Fv2%2Fcomments&post=47122"}],"version-history":[{"count":7,"href":"https:\/\/blog.brunnenbraeu.eu\/index.php?rest_route=\/wp\/v2\/posts\/47122\/revisions"}],"predecessor-version":[{"id":47307,"href":"https:\/\/blog.brunnenbraeu.eu\/index.php?rest_route=\/wp\/v2\/posts\/47122\/revisions\/47307"}],"wp:featuredmedia":[{"embeddable":true,"href":"https:\/\/blog.brunnenbraeu.eu\/index.php?rest_route=\/wp\/v2\/media\/47128"}],"wp:attachment":[{"href":"https:\/\/blog.brunnenbraeu.eu\/index.php?rest_route=%2Fwp%2Fv2%2Fmedia&parent=47122"}],"wp:term":[{"taxonomy":"category","embeddable":true,"href":"https:\/\/blog.brunnenbraeu.eu\/index.php?rest_route=%2Fwp%2Fv2%2Fcategories&post=47122"},{"taxonomy":"post_tag","embeddable":true,"href":"https:\/\/blog.brunnenbraeu.eu\/index.php?rest_route=%2Fwp%2Fv2%2Ftags&post=47122"}],"curies":[{"name":"wp","href":"https:\/\/api.w.org\/{rel}","templated":true}]}}