{"id":47897,"date":"2025-10-28T15:16:23","date_gmt":"2025-10-28T14:16:23","guid":{"rendered":"https:\/\/blog.brunnenbraeu.eu\/?p=47897"},"modified":"2026-01-05T20:07:48","modified_gmt":"2026-01-05T19:07:48","slug":"bier-im-winterleseprobe","status":"publish","type":"post","link":"https:\/\/blog.brunnenbraeu.eu\/?p=47897","title":{"rendered":"Bier im Winter<br>(Leseprobe)"},"content":{"rendered":"\n<p>Die Tage werden k\u00fcrzer, die Sommerzeit ist vorbei. Drau\u00dfen wird\u2019s herbstlich k\u00fchl, ab und an l\u00e4sst der Winter sein Kommen schon ahnen. Zeit, sich Gedanken zu machen, ob Bier auch im Winter schmeckt, oder?<\/p>\n\n\n\n<p>Nat\u00fcrlich nicht! Die Gedanken braucht man sich nicht zu machen, denn wie wir wissen, schmeckt Bier im Winter ganz vorz\u00fcglich. Lest einfach nach, im Bier-Brevier <a href=\"https:\/\/blog.brunnenbraeu.eu\/?p=33113\" target=\"_blank\" rel=\"noreferrer noopener\">Unser t\u00e4glich Bier gib uns heute<\/a>, in diesem wunderbaren Buch, in dem Ihr f\u00fcr jeden Tag des Jahres einen neuen Text, ein Gedicht, einen Aphorismus, eine Parabel oder eine Persiflage zum Thema Bier findet.<\/p>\n\n\n\n<p>Bier im Winter. Der Text vom 27. November:<\/p>\n\n\n\n<figure class=\"wp-block-image size-large\"><img loading=\"lazy\" decoding=\"async\" width=\"1024\" height=\"768\" src=\"https:\/\/blog.brunnenbraeu.eu\/wp-content\/uploads\/2025\/10\/Bier-im-Winter-Mini-1-1024x768.jpg\" alt=\"\" class=\"wp-image-47899\" srcset=\"https:\/\/blog.brunnenbraeu.eu\/wp-content\/uploads\/2025\/10\/Bier-im-Winter-Mini-1-1024x768.jpg 1024w, https:\/\/blog.brunnenbraeu.eu\/wp-content\/uploads\/2025\/10\/Bier-im-Winter-Mini-1-300x225.jpg 300w, https:\/\/blog.brunnenbraeu.eu\/wp-content\/uploads\/2025\/10\/Bier-im-Winter-Mini-1-150x112.jpg 150w, https:\/\/blog.brunnenbraeu.eu\/wp-content\/uploads\/2025\/10\/Bier-im-Winter-Mini-1-768x576.jpg 768w, https:\/\/blog.brunnenbraeu.eu\/wp-content\/uploads\/2025\/10\/Bier-im-Winter-Mini-1-678x509.jpg 678w, https:\/\/blog.brunnenbraeu.eu\/wp-content\/uploads\/2025\/10\/Bier-im-Winter-Mini-1-326x245.jpg 326w, https:\/\/blog.brunnenbraeu.eu\/wp-content\/uploads\/2025\/10\/Bier-im-Winter-Mini-1-80x60.jpg 80w, https:\/\/blog.brunnenbraeu.eu\/wp-content\/uploads\/2025\/10\/Bier-im-Winter-Mini-1.jpg 1063w\" sizes=\"auto, (max-width: 1024px) 100vw, 1024px\" \/><\/figure>\n\n\n\n<p class=\"has-text-align-center\" style=\"font-size:12px\"><strong>unser t\u00e4glich Bier gib uns heute<\/strong><\/p>\n\n\n\n<div style=\"height:50px\" aria-hidden=\"true\" class=\"wp-block-spacer\"><\/div>\n\n\n\n<hr class=\"wp-block-separator has-alpha-channel-opacity\"\/>\n\n\n\n<div style=\"height:50px\" aria-hidden=\"true\" class=\"wp-block-spacer\"><\/div>\n\n\n\n<p><strong>Bier im Winter<\/strong><\/p>\n\n\n\n<p>Wenn es drau\u00dfen klirrend kalt ist und wir von einem langen Spaziergang zur\u00fcckkommen, uns aus den dicken Jacken sch\u00e4len und die blaugefrorenen H\u00e4nde und F\u00fc\u00dfe massieren, dann steht uns der Sinn nach etwas, das uns wieder aufw\u00e4rmt und uns n\u00e4hrt, die K\u00e4lte vergessen macht.<\/p>\n\n\n\n<p>Was liegt dann n\u00e4her als ein Bier?<\/p>\n\n\n\n<p>Nat\u00fcrlich kein eiskaltes Weissbier oder Pils, aber warum nicht ein wunderbar runder und malziger, vollmundiger englischer Barley Wine, der schon auf der Zunge eine feine alkoholische W\u00e4rme verursacht?<\/p>\n\n\n\n<p>Ein kr\u00e4ftig r\u00f6stiges, gehaltvolles Russian Imperial Stout, das nach einem langen Spaziergang durch den Schnee wieder Kraft gibt? Ein tiefschwarzes, s\u00e4miges und gleichzeitig r\u00f6stiges wie s\u00fc\u00dfliches Baltic Porter, ein wunderbarer Energiespender?<\/p>\n\n\n\n<p>M\u00f6glicherweise ein belgisches Trappistenbier, ein Quadrupel, das schon beim sanften Ploppen des Naturkorkens eher an einen m\u00e4chtigen Rotwein erinnert als an ein Zischbier?<\/p>\n\n\n\n<p>Vielleicht aber auch ein fast schon viskos aus der Flasche tropfender Eisbock, der beim Schwenken des Glases feine Schlieren erzeugt und fast wie ein Weinbrand im Rachen und im Magen w\u00e4rmt? Oder ein auf dem Herd auf 70\u00b0 erhitztes, holzfassgereiftes belgisches Kriek, das auch ohne zus\u00e4tzliche Gew\u00fcrze als Gl\u00fchbier die Glieder w\u00e4rmt?<\/p>\n\n\n\n<p>Oder, Gipfel des Genusses, ein kr\u00e4ftiger, dunkler Doppelbock, der mit einem rotgl\u00fchenden Eisenstab gestachelt wird und mit seinem warmen Schaum und den vollen Karamellnoten sanft \u00fcber den Gaumen flie\u00dft?<\/p>\n\n\n\n<p>Ideen \u00fcber Ideen.<\/p>\n\n\n\n<p>Ach, V\u00e4terchen Frost, wer h\u00e4tte es geglaubt, dass Du uns erst so richtig auf den wahren Biergeschmack bringst!<\/p>\n\n\n\n<p><strong>Bier im Winter<\/strong><\/p>\n\n\n\n<div style=\"height:50px\" aria-hidden=\"true\" class=\"wp-block-spacer\"><\/div>\n\n\n\n<hr class=\"wp-block-separator has-alpha-channel-opacity\"\/>\n\n\n\n<div style=\"height:50px\" aria-hidden=\"true\" class=\"wp-block-spacer\"><\/div>\n\n\n\n<figure class=\"wp-block-image size-full is-resized\"><img loading=\"lazy\" decoding=\"async\" width=\"709\" height=\"996\" src=\"https:\/\/blog.brunnenbraeu.eu\/wp-content\/uploads\/2021\/04\/Prag-1.jpg\" alt=\"\" class=\"wp-image-36548\" style=\"width:840px;height:auto\" srcset=\"https:\/\/blog.brunnenbraeu.eu\/wp-content\/uploads\/2021\/04\/Prag-1.jpg 709w, https:\/\/blog.brunnenbraeu.eu\/wp-content\/uploads\/2021\/04\/Prag-1-214x300.jpg 214w, https:\/\/blog.brunnenbraeu.eu\/wp-content\/uploads\/2021\/04\/Prag-1-107x150.jpg 107w\" sizes=\"auto, (max-width: 709px) 100vw, 709px\" \/><\/figure>\n\n\n\n<p class=\"has-text-align-center\" style=\"font-size:12px\"><strong>unser t\u00e4glich Bier gib uns heute<\/strong><\/p>\n\n\n\n<div style=\"height:50px\" aria-hidden=\"true\" class=\"wp-block-spacer\"><\/div>\n\n\n\n<hr class=\"wp-block-separator has-alpha-channel-opacity\"\/>\n\n\n\n<div style=\"height:50px\" aria-hidden=\"true\" class=\"wp-block-spacer\"><\/div>\n\n\n\n<p class=\"has-text-align-center\">Mehr \u00fcber dieses wunderbare Buch, aus dem dieser Text stammt,&nbsp;<a href=\"https:\/\/blog.brunnenbraeu.eu\/?p=33113\" target=\"_blank\" rel=\"noreferrer noopener\">hier<\/a>&nbsp;und unter den Hashtags&nbsp;<a href=\"https:\/\/www.instagram.com\/explore\/tags\/bierbrevier\/\" target=\"_blank\" rel=\"noreferrer noopener\">#bierbrevier<\/a>&nbsp;und&nbsp;<a href=\"https:\/\/www.instagram.com\/explore\/tags\/unsertaeglichbiergibunsheute\/\" target=\"_blank\" rel=\"noreferrer noopener\">#unsertaeglichbiergibunsheute<\/a>&nbsp;in den Social Media.<\/p>\n\n\n\n<p class=\"has-text-align-center\">E.I. und Freunde: Unser t\u00e4glich Bier gib uns heute<br>tredition GmbH<br>Hamburg, 2020<br>ISBN Paperback: 978-3-347-13125-5<br>ISBN Hardcover: 978-3-347-13126-2<br>ISBN E-Book: 978-3-347-13127-9<\/p>\n","protected":false},"excerpt":{"rendered":"<div class=\"mh-excerpt\"><p>Die Tage werden k\u00fcrzer, die Sommerzeit ist vorbei. Drau\u00dfen wird\u2019s herbstlich k\u00fchl, ab und an l\u00e4sst der Winter sein Kommen schon ahnen. Zeit, sich Gedanken zu machen, ob Bier auch im Winter schmeckt, oder? Nat\u00fcrlich nicht! Die Gedanken braucht man sich nicht zu machen, denn wie wir wissen, schmeckt Bier <a class=\"mh-excerpt-more\" href=\"https:\/\/blog.brunnenbraeu.eu\/?p=47897\" title=\"Bier im Winter(Leseprobe)\">[&#8230;]<\/a><\/p>\n<\/div>","protected":false},"author":1,"featured_media":47899,"comment_status":"open","ping_status":"open","sticky":false,"template":"","format":"standard","meta":{"footnotes":""},"categories":[61,60],"tags":[],"class_list":{"0":"post-47897","1":"post","2":"type-post","3":"status-publish","4":"format-standard","5":"has-post-thumbnail","7":"category-buecher","8":"category-rezensionen"},"_links":{"self":[{"href":"https:\/\/blog.brunnenbraeu.eu\/index.php?rest_route=\/wp\/v2\/posts\/47897","targetHints":{"allow":["GET"]}}],"collection":[{"href":"https:\/\/blog.brunnenbraeu.eu\/index.php?rest_route=\/wp\/v2\/posts"}],"about":[{"href":"https:\/\/blog.brunnenbraeu.eu\/index.php?rest_route=\/wp\/v2\/types\/post"}],"author":[{"embeddable":true,"href":"https:\/\/blog.brunnenbraeu.eu\/index.php?rest_route=\/wp\/v2\/users\/1"}],"replies":[{"embeddable":true,"href":"https:\/\/blog.brunnenbraeu.eu\/index.php?rest_route=%2Fwp%2Fv2%2Fcomments&post=47897"}],"version-history":[{"count":4,"href":"https:\/\/blog.brunnenbraeu.eu\/index.php?rest_route=\/wp\/v2\/posts\/47897\/revisions"}],"predecessor-version":[{"id":48449,"href":"https:\/\/blog.brunnenbraeu.eu\/index.php?rest_route=\/wp\/v2\/posts\/47897\/revisions\/48449"}],"wp:featuredmedia":[{"embeddable":true,"href":"https:\/\/blog.brunnenbraeu.eu\/index.php?rest_route=\/wp\/v2\/media\/47899"}],"wp:attachment":[{"href":"https:\/\/blog.brunnenbraeu.eu\/index.php?rest_route=%2Fwp%2Fv2%2Fmedia&parent=47897"}],"wp:term":[{"taxonomy":"category","embeddable":true,"href":"https:\/\/blog.brunnenbraeu.eu\/index.php?rest_route=%2Fwp%2Fv2%2Fcategories&post=47897"},{"taxonomy":"post_tag","embeddable":true,"href":"https:\/\/blog.brunnenbraeu.eu\/index.php?rest_route=%2Fwp%2Fv2%2Ftags&post=47897"}],"curies":[{"name":"wp","href":"https:\/\/api.w.org\/{rel}","templated":true}]}}