{"id":48218,"date":"2024-06-25T10:23:00","date_gmt":"2024-06-25T08:23:00","guid":{"rendered":"https:\/\/blog.brunnenbraeu.eu\/?p=48218"},"modified":"2026-01-01T14:43:56","modified_gmt":"2026-01-01T13:43:56","slug":"kolumnebierige-bemerkungenvom-brunnenbraeu-8","status":"publish","type":"post","link":"https:\/\/blog.brunnenbraeu.eu\/?p=48218","title":{"rendered":"Kolumne<br>Bierige Bemerkungen<br>vom Brunnenbr\u00e4u"},"content":{"rendered":"\n<p>Der Sommer hat gerade begonnen, und bald naht der 23. Juli.<\/p>\n\n\n\n<p>Wisst Ihr, was das Besondere am 23. Juli ist? Es ist seit 2021 der Tag der Rauchbierbewahrung.<\/p>\n\n\n\n<p>Und warum gerade der 23. Juli?<\/p>\n\n\n\n<p>Nun, fr\u00fcher hatten alle Biere einen mehr oder weniger kr\u00e4ftigen Rauchgeschmack. Das kam daher, dass das Malz \u00fcber offenem Feuer getrocknet (\u201egedarrt\u201c) wurde und daher auch die Aromen des Rauchs aufgenommen hat. Je nach Material, mit dem man das Feuer entfacht hat (Torf, Eichenholz, Buchenholz), gingen die Aromen in unterschiedliche Richtungen, aber leicht rauchig wurde das Malz immer, meistens sogar stark, und das Raucharoma ging dann logischerweise auch auf das Bier \u00fcber.<\/p>\n\n\n\n<p>Am 23. Juli 1635 jedoch, also vor fast vierhundert Jahren, wurde eine rauchfreie Malztrocknungsanlage patentiert, bei der die Hitze des offenen Feuers zun\u00e4chst auf einen anderen Luftstrom \u00fcbertragen wurde, und dieser (rauchfreie) Luftstrom dann das Malz trocknete. Die Erfindung setzte sich rasch durch, und heute gibt es nur noch wenige Brauereien, die Rauchbiere herstellen und deren besonderen, historischen Geschmack bewahren.<\/p>\n\n\n\n<p>In Bamberg sind es die Brauereien Schlenkerla und Spezial, die fast ausschlie\u00dflich Rauchbiere herstellen und sich damit r\u00fchmen, die einzigen Brauereien weltweit zu sein, die durchg\u00e4ngig immer auf Rauchbier gesetzt, den alten Brauch also nie aufgegeben haben.<\/p>\n\n\n\n<p>Rund um Bamberg gibt es im fr\u00e4nkischen Raum mittlerweile wieder einige Brauereien, die Rauchbier als neue \u201ealte\u201c Spezialit\u00e4t wiederentdeckt haben, und in Schottland ist das Darren des Malzes \u00fcber Torf auch nie ganz ausgestorben \u2013 auch wenn dieses Malz meistens zur Herstellung von Whisky genutzt wurde und sein intensiv phenolischer Torfgeschmack erst in den letzten Jahren f\u00fcr das Bierbrauen wieder entdeckt wurde.<\/p>\n\n\n\n<p>In Polen gibt es mit dem Piwo Grodziskie (Gr\u00e4tzer Bier) ebenfalls einen Bierstil, der Rauchbiercharakter hat. Er war in den Neunzigern des letzten Jahrhunderts im Wirren der Umbr\u00fcche vor\u00fcbergehend verschwunden, die Brauerei in Grodzisk stillgelegt und das Sudwerk verkauft worden. Zum Gl\u00fcck fand sich ein Investor, und es gibt jetzt eine nagelneue Brauerei in Grodzisk, die das Gr\u00e4tzer Bier wieder produziert. Zu dessen Herstellung wird \u00fcber Eichenholz gedarrtes Malz verwendet, das einen deutlich milderen und weicheren Rauchgeschmack erzeugt als die im Bamberger Raum \u00fcblicherweise verwendete Buche.<\/p>\n\n\n\n<p>Und \u2013 na klar! \u2013 im Zuge der Craftbier-Revolution brauen zunehmend mehr kleine und innovative Brauereien verschiedene Rauchbiersorten. Da wird nach Herzenslust mit verschiedenen H\u00f6lzern experimentiert \u2013 neben Buche und Eiche gibt es Experimente mit Kirschholz oder Lorbeer, und \u00e4hnlich wie beim R\u00e4uchern von Fisch sind der Phantasie keine Grenzen gesetzt.<\/p>\n\n\n\n<p>Tja, bis zum 23. Juli ist es nicht mehr lang. Die Zeit reicht vielleicht gerade noch, einmal daheim ein eigenes Rauchbier zu brauen und p\u00fcnktlich zum Festtag den Nachbarn und Freunden zu kredenzen! F\u00fcr ganz Experimentierlustige vielleicht sogar mit einem selbst ger\u00e4ucherten Malz?<\/p>\n\n\n\n<div style=\"height:50px\" aria-hidden=\"true\" class=\"wp-block-spacer\"><\/div>\n\n\n\n<figure class=\"wp-block-image size-large\"><img loading=\"lazy\" decoding=\"async\" width=\"1024\" height=\"983\" src=\"https:\/\/blog.brunnenbraeu.eu\/wp-content\/uploads\/2025\/12\/Kolumne-\u2013-Brauerlebnis-Juli-2024-Mini-1-1024x983.jpg\" alt=\"\" class=\"wp-image-48220\" srcset=\"https:\/\/blog.brunnenbraeu.eu\/wp-content\/uploads\/2025\/12\/Kolumne-\u2013-Brauerlebnis-Juli-2024-Mini-1-1024x983.jpg 1024w, https:\/\/blog.brunnenbraeu.eu\/wp-content\/uploads\/2025\/12\/Kolumne-\u2013-Brauerlebnis-Juli-2024-Mini-1-300x288.jpg 300w, https:\/\/blog.brunnenbraeu.eu\/wp-content\/uploads\/2025\/12\/Kolumne-\u2013-Brauerlebnis-Juli-2024-Mini-1-150x144.jpg 150w, https:\/\/blog.brunnenbraeu.eu\/wp-content\/uploads\/2025\/12\/Kolumne-\u2013-Brauerlebnis-Juli-2024-Mini-1-768x737.jpg 768w, https:\/\/blog.brunnenbraeu.eu\/wp-content\/uploads\/2025\/12\/Kolumne-\u2013-Brauerlebnis-Juli-2024-Mini-1.jpg 1063w\" sizes=\"auto, (max-width: 1024px) 100vw, 1024px\" \/><\/figure>\n\n\n\n<div style=\"height:50px\" aria-hidden=\"true\" class=\"wp-block-spacer\"><\/div>\n\n\n\n<p>Dieser Text ist im Juli 2024 im <a href=\"https:\/\/www.hobbybrauerversand.de\/Die-neue-Kolumne-von-Volker-R-Quante\" target=\"_blank\" rel=\"noreferrer noopener\">Newsletter<\/a> zum&nbsp;<a href=\"https:\/\/www.hobbybrauerversand.de\/Brauerlebnis\" target=\"_blank\" rel=\"noreferrer noopener\">Kundenmagazin<\/a>&nbsp;\u201eBrauerlebnis \u2013 Das Magazin f\u00fcr Hobbybrauer\u201c von&nbsp;<a href=\"https:\/\/blog.brunnenbraeu.eu\/?p=32929\" target=\"_blank\" rel=\"noreferrer noopener\">Hopfen und mehr<\/a>&nbsp;erschienen. Das <a href=\"https:\/\/www.hobbybrauerversand.de\/Brauerlebnis\" target=\"_blank\" rel=\"noreferrer noopener\">Kundenmagazin<\/a> selbst war im Zuge der \u00dcbernahme von <a href=\"https:\/\/blog.brunnenbraeu.eu\/?p=32929\" target=\"_blank\" rel=\"noreferrer noopener\">Hopfen und mehr<\/a> durch die Firma <a href=\"https:\/\/braumarkt.com\/\" target=\"_blank\" rel=\"noreferrer noopener\">Braumarkt<\/a> kurz vorher eingestellt worden.<\/p>\n","protected":false},"excerpt":{"rendered":"<div class=\"mh-excerpt\"><p>Der Sommer hat gerade begonnen, und bald naht der 23. Juli. Wisst Ihr, was das Besondere am 23. Juli ist? Es ist seit 2021 der Tag der Rauchbierbewahrung. Und warum gerade der 23. Juli? Nun, fr\u00fcher hatten alle Biere einen mehr oder weniger kr\u00e4ftigen Rauchgeschmack. Das kam daher, dass das <a class=\"mh-excerpt-more\" href=\"https:\/\/blog.brunnenbraeu.eu\/?p=48218\" title=\"KolumneBierige Bemerkungenvom Brunnenbr\u00e4u\">[&#8230;]<\/a><\/p>\n<\/div>","protected":false},"author":1,"featured_media":48220,"comment_status":"open","ping_status":"open","sticky":false,"template":"","format":"standard","meta":{"footnotes":""},"categories":[160],"tags":[],"class_list":{"0":"post-48218","1":"post","2":"type-post","3":"status-publish","4":"format-standard","5":"has-post-thumbnail","7":"category-beer-nuggets"},"_links":{"self":[{"href":"https:\/\/blog.brunnenbraeu.eu\/index.php?rest_route=\/wp\/v2\/posts\/48218","targetHints":{"allow":["GET"]}}],"collection":[{"href":"https:\/\/blog.brunnenbraeu.eu\/index.php?rest_route=\/wp\/v2\/posts"}],"about":[{"href":"https:\/\/blog.brunnenbraeu.eu\/index.php?rest_route=\/wp\/v2\/types\/post"}],"author":[{"embeddable":true,"href":"https:\/\/blog.brunnenbraeu.eu\/index.php?rest_route=\/wp\/v2\/users\/1"}],"replies":[{"embeddable":true,"href":"https:\/\/blog.brunnenbraeu.eu\/index.php?rest_route=%2Fwp%2Fv2%2Fcomments&post=48218"}],"version-history":[{"count":2,"href":"https:\/\/blog.brunnenbraeu.eu\/index.php?rest_route=\/wp\/v2\/posts\/48218\/revisions"}],"predecessor-version":[{"id":48398,"href":"https:\/\/blog.brunnenbraeu.eu\/index.php?rest_route=\/wp\/v2\/posts\/48218\/revisions\/48398"}],"wp:featuredmedia":[{"embeddable":true,"href":"https:\/\/blog.brunnenbraeu.eu\/index.php?rest_route=\/wp\/v2\/media\/48220"}],"wp:attachment":[{"href":"https:\/\/blog.brunnenbraeu.eu\/index.php?rest_route=%2Fwp%2Fv2%2Fmedia&parent=48218"}],"wp:term":[{"taxonomy":"category","embeddable":true,"href":"https:\/\/blog.brunnenbraeu.eu\/index.php?rest_route=%2Fwp%2Fv2%2Fcategories&post=48218"},{"taxonomy":"post_tag","embeddable":true,"href":"https:\/\/blog.brunnenbraeu.eu\/index.php?rest_route=%2Fwp%2Fv2%2Ftags&post=48218"}],"curies":[{"name":"wp","href":"https:\/\/api.w.org\/{rel}","templated":true}]}}