{"id":48806,"date":"2026-03-14T22:45:00","date_gmt":"2026-03-14T21:45:00","guid":{"rendered":"https:\/\/blog.brunnenbraeu.eu\/?p=48806"},"modified":"2026-04-19T11:02:03","modified_gmt":"2026-04-19T09:02:03","slug":"lesung-drei-autoren-bier-und-weinstubenrauch-wein-bierwunstorf-deu","status":"publish","type":"post","link":"https:\/\/blog.brunnenbraeu.eu\/?p=48806","title":{"rendered":"\u201eLesung \u2013 drei Autoren, Bier und Wein\u201c<br>stubenrauch.wein.bier<br>Wunstorf (DEU)"},"content":{"rendered":"\n<p><strong>Mehr Buch, weniger Bier \u2013 und trotzdem hervorragend!<\/strong><\/p>\n\n\n\n<p>Rappelvoll war\u2019s bei <a href=\"https:\/\/blog.brunnenbraeu.eu\/?p=46547\" target=\"_blank\" rel=\"noreferrer noopener\">stubenrauch.wein.bier<\/a> \u2013 alle verf\u00fcgbaren Pl\u00e4tze, egal ob auf Bank, Stuhl, Hocker, Bierbank oder Sessel, waren belegt, als am 14. M\u00e4rz 2026 drei Autoren aus der Region mit ihren B\u00fcchern und Geschichten zum literarischen Genussabend vorbeikamen.<\/p>\n\n\n\n<p><a href=\"https:\/\/www.instagram.com\/nils.meyer_selbach\/\" target=\"_blank\" rel=\"noreferrer noopener\">Nils Meyer-Selbach<\/a> brachte seine Ahrensburg-Krimis mit, <a href=\"https:\/\/manfredhenze.de\/\" target=\"_blank\" rel=\"noreferrer noopener\">Manfred Henze<\/a> seine auf realen Verbrechen der Vergangenheit basierenden Romane und Erz\u00e4hlungen aus der Region rund um das Steinhuder Meer, und ich kn\u00fcpfte das Band zwischen Literatur und Genuss mit meinen Biergeschichten \u2013 von denen immerhin eine auch im Milieu der organisierten (Terror-)Kriminalit\u00e4t spielte.<\/p>\n\n\n\n<p><a href=\"https:\/\/www.instagram.com\/stubenrauch.wein.bier\/\" target=\"_blank\" rel=\"noreferrer noopener\">Daniel Stubenrauch<\/a> als Gastgeber hatte die K\u00fchlschr\u00e4nke mit spannenden Bieren und Weinen bis zum Rand gef\u00fcllt, und f\u00fcr die Halbzeitpause hatte er ein \u00fcppiges und schmackhaftes kaltes B\u00fcffet vorbereitet.<\/p>\n\n\n\n<figure class=\"wp-block-image size-large\"><img loading=\"lazy\" decoding=\"async\" width=\"1024\" height=\"817\" src=\"https:\/\/blog.brunnenbraeu.eu\/wp-content\/uploads\/2026\/03\/\u201eDrei-Autoren-Bier-und-Wein-Mini-1-1024x817.jpg\" alt=\"\" class=\"wp-image-48808\" srcset=\"https:\/\/blog.brunnenbraeu.eu\/wp-content\/uploads\/2026\/03\/\u201eDrei-Autoren-Bier-und-Wein-Mini-1-1024x817.jpg 1024w, https:\/\/blog.brunnenbraeu.eu\/wp-content\/uploads\/2026\/03\/\u201eDrei-Autoren-Bier-und-Wein-Mini-1-300x239.jpg 300w, https:\/\/blog.brunnenbraeu.eu\/wp-content\/uploads\/2026\/03\/\u201eDrei-Autoren-Bier-und-Wein-Mini-1-150x120.jpg 150w, https:\/\/blog.brunnenbraeu.eu\/wp-content\/uploads\/2026\/03\/\u201eDrei-Autoren-Bier-und-Wein-Mini-1-768x613.jpg 768w, https:\/\/blog.brunnenbraeu.eu\/wp-content\/uploads\/2026\/03\/\u201eDrei-Autoren-Bier-und-Wein-Mini-1.jpg 1063w\" sizes=\"auto, (max-width: 1024px) 100vw, 1024px\" \/><\/figure>\n\n\n\n<p class=\"has-text-align-center\" style=\"font-size:12px\"><strong>ein literarischer Genussabend<\/strong><\/p>\n\n\n\n<div style=\"height:50px\" aria-hidden=\"true\" class=\"wp-block-spacer\"><\/div>\n\n\n\n<p>Mit ein bisschen Versp\u00e4tung ging\u2019s los, und es wurde ein kunterbunter, spannender und genussreicher Abend \u2013 die letzten begeisterten G\u00e4ste gingen, nachdem sie das Erlebte noch in fl\u00fcssiger Form nachbereitet hatten und sich das eine oder andere Buch hatten signieren lassen, erst gegen Mitternacht zufrieden nachhause.<\/p>\n\n\n\n<p>Sch\u00f6n war\u2019s, und dass das Bier diesmal nicht haupts\u00e4chlich sensorisch im Mittelpunkt, sondern vorrangig \u201enur\u201c in literarisch-humorvoll verpackter Form als Side Dish pr\u00e4sent war, hat der Qualit\u00e4t der Veranstaltung nicht geschadet.<\/p>\n\n\n\n<p>Ein gro\u00dfer Dank geht an meine beiden Mitstreiter <a href=\"https:\/\/www.instagram.com\/nils.meyer_selbach\/\" target=\"_blank\" rel=\"noreferrer noopener\">Nils<\/a> und <a href=\"https:\/\/manfredhenze.de\/\" target=\"_blank\" rel=\"noreferrer noopener\">Manfred<\/a>, mit denen das B\u00fchnenprogramm v\u00f6llig reibungslos ablief, als ob wir es schon x Male geprobt h\u00e4tten, und an <a href=\"https:\/\/www.instagram.com\/stubenrauch.wein.bier\/\" target=\"_blank\" rel=\"noreferrer noopener\">Daniel<\/a> f\u00fcr die Idee, den Rahmen und die hervorragende Organisation.<\/p>\n\n\n\n<p>Hoffentlich bald mal wieder!<\/p>\n\n\n\n<p class=\"has-text-align-center\"><a href=\"https:\/\/vquante.jalbum.net\/Alben18\/DreiAutorenBierundWein\/index.html\" target=\"_blank\" rel=\"noreferrer noopener\">Bildergalerie<\/a><\/p>\n\n\n\n<p class=\"has-text-align-center\">stubenrauch.wein.bier<br>Lange Stra\u00dfe 84<br>31 515 Wunstorf<br>Niedersachsen<br>Deutschland<\/p>\n","protected":false},"excerpt":{"rendered":"<div class=\"mh-excerpt\"><p>Mehr Buch, weniger Bier \u2013 und trotzdem hervorragend! Rappelvoll war\u2019s bei stubenrauch.wein.bier \u2013 alle verf\u00fcgbaren Pl\u00e4tze, egal ob auf Bank, Stuhl, Hocker, Bierbank oder Sessel, waren belegt, als am 14. M\u00e4rz 2026 drei Autoren aus der Region mit ihren B\u00fcchern und Geschichten zum literarischen Genussabend vorbeikamen. Nils Meyer-Selbach brachte seine <a class=\"mh-excerpt-more\" href=\"https:\/\/blog.brunnenbraeu.eu\/?p=48806\" title=\"\u201eLesung \u2013 drei Autoren, Bier und Wein\u201cstubenrauch.wein.bierWunstorf (DEU)\">[&#8230;]<\/a><\/p>\n<\/div>","protected":false},"author":1,"featured_media":48808,"comment_status":"open","ping_status":"open","sticky":false,"template":"","format":"standard","meta":{"footnotes":""},"categories":[160,2,3],"tags":[],"class_list":{"0":"post-48806","1":"post","2":"type-post","3":"status-publish","4":"format-standard","5":"has-post-thumbnail","7":"category-beer-nuggets","8":"category-bier-erleben","9":"category-bierverkostungen"},"_links":{"self":[{"href":"https:\/\/blog.brunnenbraeu.eu\/index.php?rest_route=\/wp\/v2\/posts\/48806","targetHints":{"allow":["GET"]}}],"collection":[{"href":"https:\/\/blog.brunnenbraeu.eu\/index.php?rest_route=\/wp\/v2\/posts"}],"about":[{"href":"https:\/\/blog.brunnenbraeu.eu\/index.php?rest_route=\/wp\/v2\/types\/post"}],"author":[{"embeddable":true,"href":"https:\/\/blog.brunnenbraeu.eu\/index.php?rest_route=\/wp\/v2\/users\/1"}],"replies":[{"embeddable":true,"href":"https:\/\/blog.brunnenbraeu.eu\/index.php?rest_route=%2Fwp%2Fv2%2Fcomments&post=48806"}],"version-history":[{"count":3,"href":"https:\/\/blog.brunnenbraeu.eu\/index.php?rest_route=\/wp\/v2\/posts\/48806\/revisions"}],"predecessor-version":[{"id":48810,"href":"https:\/\/blog.brunnenbraeu.eu\/index.php?rest_route=\/wp\/v2\/posts\/48806\/revisions\/48810"}],"wp:featuredmedia":[{"embeddable":true,"href":"https:\/\/blog.brunnenbraeu.eu\/index.php?rest_route=\/wp\/v2\/media\/48808"}],"wp:attachment":[{"href":"https:\/\/blog.brunnenbraeu.eu\/index.php?rest_route=%2Fwp%2Fv2%2Fmedia&parent=48806"}],"wp:term":[{"taxonomy":"category","embeddable":true,"href":"https:\/\/blog.brunnenbraeu.eu\/index.php?rest_route=%2Fwp%2Fv2%2Fcategories&post=48806"},{"taxonomy":"post_tag","embeddable":true,"href":"https:\/\/blog.brunnenbraeu.eu\/index.php?rest_route=%2Fwp%2Fv2%2Ftags&post=48806"}],"curies":[{"name":"wp","href":"https:\/\/api.w.org\/{rel}","templated":true}]}}