{"id":48817,"date":"2026-03-13T22:45:00","date_gmt":"2026-03-13T21:45:00","guid":{"rendered":"https:\/\/blog.brunnenbraeu.eu\/?p=48817"},"modified":"2026-04-12T17:38:33","modified_gmt":"2026-04-12T15:38:33","slug":"bier-trifft-buchprobierbarpassau-deu","status":"publish","type":"post","link":"https:\/\/blog.brunnenbraeu.eu\/?p=48817","title":{"rendered":"\u201eBier trifft Buch\u201c<br>ProBierBar<br>Passau (DEU)"},"content":{"rendered":"\n<p><strong>Im Sommer eine Eisdiele, und im Winter?<\/strong><\/p>\n\n\n\n<p>Nun, in diesem Winter ist der <a href=\"https:\/\/eisladn.de\/\" target=\"_blank\" rel=\"noreferrer noopener\">EIS LADN<\/a> in Passau zum ersten Mal eine kleine und urgem\u00fctliche Bierbar \u2013 als ProBierBar, als tempor\u00e4res Projekt von <a href=\"https:\/\/www.facebook.com\/jochen.haas.3\" target=\"_blank\" rel=\"noreferrer noopener\">Jochen Haas<\/a> und seiner <a href=\"https:\/\/www.probierschule.de\/\" target=\"_blank\" rel=\"noreferrer noopener\">ProBierSchule<\/a>. Mit gerade mal einem Dutzend Sitzpl\u00e4tzen, wenn man alle St\u00fchle und improvisierten Sesselchen und Hocker zusammenrechnet, bietet sie nicht wirklich viel Platz, ganz im Gegenteil, die Bar ist winzig klein. Um so wichtiger ist es dann aber, was man draus macht.<\/p>\n\n\n\n<figure class=\"wp-block-image size-large\"><img loading=\"lazy\" decoding=\"async\" width=\"1024\" height=\"768\" src=\"https:\/\/blog.brunnenbraeu.eu\/wp-content\/uploads\/2026\/03\/\u201eBier-trifft-Buch-in-der-ProBierBar-Mini-1-1024x768.jpg\" alt=\"\" class=\"wp-image-48819\" srcset=\"https:\/\/blog.brunnenbraeu.eu\/wp-content\/uploads\/2026\/03\/\u201eBier-trifft-Buch-in-der-ProBierBar-Mini-1-1024x768.jpg 1024w, https:\/\/blog.brunnenbraeu.eu\/wp-content\/uploads\/2026\/03\/\u201eBier-trifft-Buch-in-der-ProBierBar-Mini-1-300x225.jpg 300w, https:\/\/blog.brunnenbraeu.eu\/wp-content\/uploads\/2026\/03\/\u201eBier-trifft-Buch-in-der-ProBierBar-Mini-1-150x112.jpg 150w, https:\/\/blog.brunnenbraeu.eu\/wp-content\/uploads\/2026\/03\/\u201eBier-trifft-Buch-in-der-ProBierBar-Mini-1-768x576.jpg 768w, https:\/\/blog.brunnenbraeu.eu\/wp-content\/uploads\/2026\/03\/\u201eBier-trifft-Buch-in-der-ProBierBar-Mini-1-678x509.jpg 678w, https:\/\/blog.brunnenbraeu.eu\/wp-content\/uploads\/2026\/03\/\u201eBier-trifft-Buch-in-der-ProBierBar-Mini-1-326x245.jpg 326w, https:\/\/blog.brunnenbraeu.eu\/wp-content\/uploads\/2026\/03\/\u201eBier-trifft-Buch-in-der-ProBierBar-Mini-1-80x60.jpg 80w, https:\/\/blog.brunnenbraeu.eu\/wp-content\/uploads\/2026\/03\/\u201eBier-trifft-Buch-in-der-ProBierBar-Mini-1.jpg 1063w\" sizes=\"auto, (max-width: 1024px) 100vw, 1024px\" \/><\/figure>\n\n\n\n<p class=\"has-text-align-center\" style=\"font-size:12px\"><strong>die ProBierBar<\/strong><\/p>\n\n\n\n<div style=\"height:50px\" aria-hidden=\"true\" class=\"wp-block-spacer\"><\/div>\n\n\n\n<p>Am Abend des 13. M\u00e4rz 2026 zum Beispiel wurde sie zum Schmelztiegel von Bier- und Buchliebhabern. Freunde kreativer und internationaler Bierstile, Leseratten und Fans von Anekdoten aus der Bierwelt kamen gleicherma\u00dfen auf ihre Kosten. Teils aus der Region, teils extra aus \u00d6sterreich oder dem N\u00fcrnberger Raum angereist, dr\u00e4ngelten sie sich im kleinen Gastraum, genossen spannende Biere und lauschten den Biergeschichten, die sie entf\u00fchrten auf eine Reise durch Raum und Zeit. Ob zur\u00fcck zu den Urspr\u00fcngen des Biers ins Zweistromland der Sumerer vor vielen tausend Jahren oder wenigstens in das sp\u00e4te Mittelalter, als neben Gerste und Weizen noch ganz andere Getreidesorten verbraut wurden, oder in die tiefen Keller einer regionalen Brauerei, das weite Rund eines Fu\u00dfballstadions oder ins Festzelt auf der M\u00fcnchner Wies\u2019n \u2013 die Bierreise war bunt, vielf\u00e4ltig, lustig.<\/p>\n\n\n\n<p>Neben den sieben im Programm vorgesehenen Bieren gab es f\u00fcr die, die nie genug kriegen k\u00f6nnen, nat\u00fcrlich auch noch weitere Spezialit\u00e4ten aus den gut sortierten K\u00fchlschr\u00e4nken der ProBierBar \u2013 sei es zum Vorgl\u00fchen, zum Zwischensp\u00fclen oder als fl\u00fcssigen Nachtisch.<\/p>\n\n\n\n<ul class=\"wp-block-list\">\n<li>Maise &amp; Friends x Lervig \u2013 Fusion IPA \u2013 Hazy Double IPA (7,9%)<\/li>\n\n\n\n<li>Camba Bavaria \u2013 Nelson Reloaded \u2013 Dry Hopped Wheat Beer (5,3%)<\/li>\n\n\n\n<li>Brauerei Aldersbach \u2013 Bock auf Birne \u2013 Aldersbacher Maibock 10 Monate im Williams Christ Fass gereift (11,0%)<\/li>\n\n\n\n<li>Bayerische L\u00f6wenbrauerei Passau \u2013 Passauer Hell (5,0%)<\/li>\n\n\n\n<li>Augustiner Br\u00e4u \u2013 Edelstoff (5,6%)<\/li>\n\n\n\n<li>Brauerei Sch\u00f6nram \u2013 Sch\u00f6nramer Pils (5,0%)<\/li>\n\n\n\n<li>Apostelbr\u00e4u Hauzenberg \u2013 1. Original Dinkel Bier (4,8%)<\/li>\n\n\n\n<li>Budweiser \u2013 Budvar (5,0%)<\/li>\n\n\n\n<li>Uerige Oberg\u00e4rige Hausbrauerei \u2013 Altbier (4,7%)<\/li>\n<\/ul>\n\n\n\n<p>Viel zu schnell war es sp\u00e4ter Abend, und rotgl\u00fchend-begeisterte Biergesichter entschwanden nach und nach in die kalte Nachtluft der Passauer Altstadt.<\/p>\n\n\n\n<figure class=\"wp-block-image size-large\"><img loading=\"lazy\" decoding=\"async\" width=\"986\" height=\"1024\" src=\"https:\/\/blog.brunnenbraeu.eu\/wp-content\/uploads\/2026\/03\/\u201eBier-trifft-Buch-in-der-ProBierBar-Mini-2-1-986x1024.jpeg\" alt=\"\" class=\"wp-image-48823\" srcset=\"https:\/\/blog.brunnenbraeu.eu\/wp-content\/uploads\/2026\/03\/\u201eBier-trifft-Buch-in-der-ProBierBar-Mini-2-1-986x1024.jpeg 986w, https:\/\/blog.brunnenbraeu.eu\/wp-content\/uploads\/2026\/03\/\u201eBier-trifft-Buch-in-der-ProBierBar-Mini-2-1-289x300.jpeg 289w, https:\/\/blog.brunnenbraeu.eu\/wp-content\/uploads\/2026\/03\/\u201eBier-trifft-Buch-in-der-ProBierBar-Mini-2-1-144x150.jpeg 144w, https:\/\/blog.brunnenbraeu.eu\/wp-content\/uploads\/2026\/03\/\u201eBier-trifft-Buch-in-der-ProBierBar-Mini-2-1-768x798.jpeg 768w, https:\/\/blog.brunnenbraeu.eu\/wp-content\/uploads\/2026\/03\/\u201eBier-trifft-Buch-in-der-ProBierBar-Mini-2-1.jpeg 1063w\" sizes=\"auto, (max-width: 986px) 100vw, 986px\" \/><\/figure>\n\n\n\n<p class=\"has-text-align-center\" style=\"font-size:12px\"><strong>fr\u00f6hlich und kurzweilig<\/strong><\/p>\n\n\n\n<div style=\"height:50px\" aria-hidden=\"true\" class=\"wp-block-spacer\"><\/div>\n\n\n\n<p>Eine fr\u00f6hliche und kurzweilige Veranstaltung, spannende Biere und riesig viel Spa\u00df!<\/p>\n\n\n\n<p>Herzlichen Dank, <a href=\"https:\/\/www.facebook.com\/jochen.haas.3\" target=\"_blank\" rel=\"noreferrer noopener\">Jochen<\/a>, dass Du diese Veranstaltung organisiert und bienenflei\u00dfig unterst\u00fctzt hast \u2013 es war mir eine Ehre und Freude, mit meinen Geschichten hier Gast gewesen zu sein!<\/p>\n\n\n\n<p class=\"has-text-align-center\"><a href=\"https:\/\/vquante.jalbum.net\/Alben18\/BiertrifftBuchPassau\/index.html\" target=\"_blank\" rel=\"noreferrer noopener\">Bildergalerie<\/a><\/p>\n\n\n\n<p class=\"has-text-align-center\">ProBierBar Passau<br>im EIS LADN<br>Rosengasse 5<br>94 032 Passau<br>Bayern<br>Deutschland<\/p>\n","protected":false},"excerpt":{"rendered":"<div class=\"mh-excerpt\"><p>Im Sommer eine Eisdiele, und im Winter? Nun, in diesem Winter ist der EIS LADN in Passau zum ersten Mal eine kleine und urgem\u00fctliche Bierbar \u2013 als ProBierBar, als tempor\u00e4res Projekt von Jochen Haas und seiner ProBierSchule. Mit gerade mal einem Dutzend Sitzpl\u00e4tzen, wenn man alle St\u00fchle und improvisierten Sesselchen <a class=\"mh-excerpt-more\" href=\"https:\/\/blog.brunnenbraeu.eu\/?p=48817\" title=\"\u201eBier trifft Buch\u201cProBierBarPassau (DEU)\">[&#8230;]<\/a><\/p>\n<\/div>","protected":false},"author":1,"featured_media":48823,"comment_status":"open","ping_status":"open","sticky":false,"template":"","format":"standard","meta":{"footnotes":""},"categories":[160,2,3],"tags":[],"class_list":{"0":"post-48817","1":"post","2":"type-post","3":"status-publish","4":"format-standard","5":"has-post-thumbnail","7":"category-beer-nuggets","8":"category-bier-erleben","9":"category-bierverkostungen"},"_links":{"self":[{"href":"https:\/\/blog.brunnenbraeu.eu\/index.php?rest_route=\/wp\/v2\/posts\/48817","targetHints":{"allow":["GET"]}}],"collection":[{"href":"https:\/\/blog.brunnenbraeu.eu\/index.php?rest_route=\/wp\/v2\/posts"}],"about":[{"href":"https:\/\/blog.brunnenbraeu.eu\/index.php?rest_route=\/wp\/v2\/types\/post"}],"author":[{"embeddable":true,"href":"https:\/\/blog.brunnenbraeu.eu\/index.php?rest_route=\/wp\/v2\/users\/1"}],"replies":[{"embeddable":true,"href":"https:\/\/blog.brunnenbraeu.eu\/index.php?rest_route=%2Fwp%2Fv2%2Fcomments&post=48817"}],"version-history":[{"count":3,"href":"https:\/\/blog.brunnenbraeu.eu\/index.php?rest_route=\/wp\/v2\/posts\/48817\/revisions"}],"predecessor-version":[{"id":48824,"href":"https:\/\/blog.brunnenbraeu.eu\/index.php?rest_route=\/wp\/v2\/posts\/48817\/revisions\/48824"}],"wp:featuredmedia":[{"embeddable":true,"href":"https:\/\/blog.brunnenbraeu.eu\/index.php?rest_route=\/wp\/v2\/media\/48823"}],"wp:attachment":[{"href":"https:\/\/blog.brunnenbraeu.eu\/index.php?rest_route=%2Fwp%2Fv2%2Fmedia&parent=48817"}],"wp:term":[{"taxonomy":"category","embeddable":true,"href":"https:\/\/blog.brunnenbraeu.eu\/index.php?rest_route=%2Fwp%2Fv2%2Fcategories&post=48817"},{"taxonomy":"post_tag","embeddable":true,"href":"https:\/\/blog.brunnenbraeu.eu\/index.php?rest_route=%2Fwp%2Fv2%2Ftags&post=48817"}],"curies":[{"name":"wp","href":"https:\/\/api.w.org\/{rel}","templated":true}]}}