{"id":49081,"date":"2026-03-15T16:11:00","date_gmt":"2026-03-15T15:11:00","guid":{"rendered":"https:\/\/blog.brunnenbraeu.eu\/?p=49081"},"modified":"2026-04-26T16:13:08","modified_gmt":"2026-04-26T14:13:08","slug":"lesung-drei-autoren-bier-und-weinstubenrauch-wein-bierwunstorf-deu-2","status":"publish","type":"post","link":"https:\/\/blog.brunnenbraeu.eu\/?p=49081","title":{"rendered":"\u201eLesung \u2013 drei Autoren, Bier und Wein\u201c<br>stubenrauch.wein.bier<br>Wunstorf (DEU)"},"content":{"rendered":"\n<p>Toll war es <a href=\"https:\/\/blog.brunnenbraeu.eu\/?p=48806\" target=\"_blank\" rel=\"noreferrer noopener\">am 14. M\u00e4rz 2026<\/a> bei der ersten Veranstaltung <a href=\"https:\/\/blog.brunnenbraeu.eu\/?p=48806\" target=\"_blank\" rel=\"noreferrer noopener\">Drei Autoren, Bier und Wein<\/a>, als bei <a href=\"https:\/\/blog.brunnenbraeu.eu\/?p=46547\" target=\"_blank\" rel=\"noreferrer noopener\">stubenrauch.wein.bier<\/a> der Laden aus allen N\u00e4hten platzte \u2013 so toll, dass der Entschluss schnell gefasst war: Das muss wiederholt werden! Unbedingt!<\/p>\n\n\n\n<p>Und so haben wir bereits einen neuen Termin festgelegt!<\/p>\n\n\n\n<p class=\"has-text-align-center has-large-font-size\"><strong>Wein \u2013 Bier \u2013 Literatur<\/strong><\/p>\n\n\n\n<p class=\"has-text-align-center\"><strong>Volker R. Quante, Manfred Henze und Nils Meyer-Selbach lesen aus ihren aktuellen B\u00fcchern.<\/strong><\/p>\n\n\n\n<p class=\"has-text-align-center\">Eintritt frei \u2013 Hutlesung!<br>Wem es gefallen hat, der darf zum Ende hin gerne eine Spende im Hut hinterlassen.<\/p>\n\n\n\n<p class=\"has-text-align-center\"><strong>Samstag, 14. November 2026, 19:00 Uhr, bei stubenrauch.wein.bier<\/strong><\/p>\n\n\n\n<div style=\"height:50px\" aria-hidden=\"true\" class=\"wp-block-spacer\"><\/div>\n\n\n\n<figure class=\"wp-block-image size-large is-resized\"><img loading=\"lazy\" decoding=\"async\" width=\"682\" height=\"1024\" src=\"https:\/\/blog.brunnenbraeu.eu\/wp-content\/uploads\/2026\/04\/Werbung-Mini-1-682x1024.jpeg\" alt=\"\" class=\"wp-image-49085\" style=\"width:840px;height:auto\" srcset=\"https:\/\/blog.brunnenbraeu.eu\/wp-content\/uploads\/2026\/04\/Werbung-Mini-1-682x1024.jpeg 682w, https:\/\/blog.brunnenbraeu.eu\/wp-content\/uploads\/2026\/04\/Werbung-Mini-1-200x300.jpeg 200w, https:\/\/blog.brunnenbraeu.eu\/wp-content\/uploads\/2026\/04\/Werbung-Mini-1-100x150.jpeg 100w, https:\/\/blog.brunnenbraeu.eu\/wp-content\/uploads\/2026\/04\/Werbung-Mini-1-768x1152.jpeg 768w, https:\/\/blog.brunnenbraeu.eu\/wp-content\/uploads\/2026\/04\/Werbung-Mini-1-1024x1536.jpeg 1024w, https:\/\/blog.brunnenbraeu.eu\/wp-content\/uploads\/2026\/04\/Werbung-Mini-1.jpeg 1063w\" sizes=\"auto, (max-width: 682px) 100vw, 682px\" \/><\/figure>\n\n\n\n<div style=\"height:50px\" aria-hidden=\"true\" class=\"wp-block-spacer\"><\/div>\n\n\n\n<p>Zu Gast bei\u00a0<a href=\"https:\/\/blog.brunnenbraeu.eu\/?p=46547\" target=\"_blank\" rel=\"noreferrer noopener\">stubenrauch.wein.bier<\/a>\u00a0sind am 14. November 2026 der Ahrensburger Krimiautor\u00a0<a href=\"https:\/\/www.ahrensburg-krimi.com\/\" target=\"_blank\" rel=\"noreferrer noopener\">Nils Meyer-Selbach<\/a>, der 2022 den ersten Ahrensburger Krimiroman \u201eAhrensmord\u201c als Anthologie herausgegeben hat, der langj\u00e4hrige Neust\u00e4dter Polizei-Chef\u00a0<a href=\"https:\/\/manfredhenze.de\/\" target=\"_blank\" rel=\"noreferrer noopener\">Manfred Henze<\/a>, dessen B\u00fccher reale Kriminalf\u00e4lle zum Inhalt haben, die sich im 19. und fr\u00fchen 20. Jahrhundert rund um das Steinhuder Meer zugetragen haben, sowie der Wunstorfer Bier-Literat\u00a0<a href=\"https:\/\/blog.brunnenbraeu.eu\/?page_id=46069\" target=\"_blank\" rel=\"noreferrer noopener\">Volker R. Quante<\/a>, der als Bierweltenbummler B\u00fccher, Zeitschriftenartikel, Kurzgeschichten und tausende Blog-Beitr\u00e4ge verfasst hat. Alle drei werden die G\u00e4ste <strong>mit neuen Texten<\/strong> und kurzweiligen Vortr\u00e4gen unterhalten.<\/p>\n\n\n\n<p>Wie schon beim letzten Mal stehen die Texte von\u00a0<a href=\"https:\/\/www.ahrensburg-krimi.com\/\" target=\"_blank\" rel=\"noreferrer noopener\">Nils Meyer-Selbach<\/a>\u00a0und\u00a0<a href=\"https:\/\/manfredhenze.de\/\" target=\"_blank\" rel=\"noreferrer noopener\">Manfred Henze<\/a> im Mittelpunkt des Abends und werden eingerahmt durch zwei \u201ebierige\u201c Kurzgeschichten von\u00a0<a href=\"https:\/\/blog.brunnenbraeu.eu\/?page_id=46069\" target=\"_blank\" rel=\"noreferrer noopener\">Volker R. Quante<\/a>. Dazu d\u00fcrfen passende, von\u00a0<a href=\"https:\/\/blog.brunnenbraeu.eu\/?page_id=46069\" target=\"_blank\" rel=\"noreferrer noopener\">Volker<\/a>\u00a0empfohlene Biere oder die Weine aus dem Angebot von\u00a0<a href=\"https:\/\/blog.brunnenbraeu.eu\/?p=46547\" target=\"_blank\" rel=\"noreferrer noopener\">stubenrauch.wein.bier<\/a>\u00a0genossen werden.<\/p>\n\n\n\n<p><strong>Wann?\u00a0<\/strong>Samstag, 14. November 2026, 19:00 Uhr.<br><strong>Wer?<\/strong>\u00a0<a href=\"https:\/\/blog.brunnenbraeu.eu\/?page_id=46069\" target=\"_blank\" rel=\"noreferrer noopener\">Volker R. Quante<\/a>,\u00a0<a href=\"https:\/\/manfredhenze.de\/\" target=\"_blank\" rel=\"noreferrer noopener\">Manfred Henze<\/a>,\u00a0<a href=\"https:\/\/www.ahrensburg-krimi.com\/\" target=\"_blank\" rel=\"noreferrer noopener\">Nils Meyer-Selbach<\/a>.<br><strong>Wo?<\/strong>\u00a0Bei\u00a0<a href=\"https:\/\/blog.brunnenbraeu.eu\/?p=46547\" target=\"_blank\" rel=\"noreferrer noopener\">stubenrauch.wein.bier<\/a>, Lange Stra\u00dfe 84, 31515 Wunstorf.<br><strong>Wie lange?<\/strong>\u00a0Zwei Stunden? Zweieinhalb? Oder mehr? Wir werden sehen!<br><strong>Warum?<\/strong>\u00a0Weil\u2019s Spa\u00df macht. Weil\u2019s fesselnde Texte sind. Weil\u2019s tolle Biere und Weine gibt.<br><strong>Wie teuer?<\/strong>\u00a0Gar nicht teuer!\u00a0<strong>Eintritt frei\u00a0<\/strong>\u2013 Hutlesung! Wem es gefallen hat, der darf zum Ende hin gerne eine Spende im Hut hinterlassen.<br><strong>Was noch?<\/strong>\u00a0Kaltes B\u00fcffet auf Vorbestellung (19,- EUR); Getr\u00e4nke separat; Anmeldung erbeten; Kurzentschlossene finden aber auch spontan noch Platz.<\/p>\n\n\n\n<p>Anmeldungen ab sofort<br>\u2013 bei\u00a0<a href=\"https:\/\/blog.brunnenbraeu.eu\/?p=46547\" target=\"_blank\" rel=\"noreferrer noopener\">stubenrauch.wein.bier<\/a>\u00a0im Laden<br>\u2013 unter +49 5031 5183 150<br>\u2013 \u00fcber\u00a0<a href=\"mailto:info@stubenrauch.wine\" target=\"_blank\" rel=\"noreferrer noopener\">info@stubenrauch.wine<\/a><\/p>\n","protected":false},"excerpt":{"rendered":"<div class=\"mh-excerpt\"><p>Toll war es am 14. M\u00e4rz 2026 bei der ersten Veranstaltung Drei Autoren, Bier und Wein, als bei stubenrauch.wein.bier der Laden aus allen N\u00e4hten platzte \u2013 so toll, dass der Entschluss schnell gefasst war: Das muss wiederholt werden! Unbedingt! Und so haben wir bereits einen neuen Termin festgelegt! Wein \u2013 <a class=\"mh-excerpt-more\" href=\"https:\/\/blog.brunnenbraeu.eu\/?p=49081\" title=\"\u201eLesung \u2013 drei Autoren, Bier und Wein\u201cstubenrauch.wein.bierWunstorf (DEU)\">[&#8230;]<\/a><\/p>\n<\/div>","protected":false},"author":1,"featured_media":49085,"comment_status":"open","ping_status":"open","sticky":false,"template":"","format":"standard","meta":{"footnotes":""},"categories":[160,2,3],"tags":[],"class_list":{"0":"post-49081","1":"post","2":"type-post","3":"status-publish","4":"format-standard","5":"has-post-thumbnail","7":"category-beer-nuggets","8":"category-bier-erleben","9":"category-bierverkostungen"},"_links":{"self":[{"href":"https:\/\/blog.brunnenbraeu.eu\/index.php?rest_route=\/wp\/v2\/posts\/49081","targetHints":{"allow":["GET"]}}],"collection":[{"href":"https:\/\/blog.brunnenbraeu.eu\/index.php?rest_route=\/wp\/v2\/posts"}],"about":[{"href":"https:\/\/blog.brunnenbraeu.eu\/index.php?rest_route=\/wp\/v2\/types\/post"}],"author":[{"embeddable":true,"href":"https:\/\/blog.brunnenbraeu.eu\/index.php?rest_route=\/wp\/v2\/users\/1"}],"replies":[{"embeddable":true,"href":"https:\/\/blog.brunnenbraeu.eu\/index.php?rest_route=%2Fwp%2Fv2%2Fcomments&post=49081"}],"version-history":[{"count":4,"href":"https:\/\/blog.brunnenbraeu.eu\/index.php?rest_route=\/wp\/v2\/posts\/49081\/revisions"}],"predecessor-version":[{"id":49087,"href":"https:\/\/blog.brunnenbraeu.eu\/index.php?rest_route=\/wp\/v2\/posts\/49081\/revisions\/49087"}],"wp:featuredmedia":[{"embeddable":true,"href":"https:\/\/blog.brunnenbraeu.eu\/index.php?rest_route=\/wp\/v2\/media\/49085"}],"wp:attachment":[{"href":"https:\/\/blog.brunnenbraeu.eu\/index.php?rest_route=%2Fwp%2Fv2%2Fmedia&parent=49081"}],"wp:term":[{"taxonomy":"category","embeddable":true,"href":"https:\/\/blog.brunnenbraeu.eu\/index.php?rest_route=%2Fwp%2Fv2%2Fcategories&post=49081"},{"taxonomy":"post_tag","embeddable":true,"href":"https:\/\/blog.brunnenbraeu.eu\/index.php?rest_route=%2Fwp%2Fv2%2Ftags&post=49081"}],"curies":[{"name":"wp","href":"https:\/\/api.w.org\/{rel}","templated":true}]}}