{"id":49602,"date":"2026-09-06T16:29:41","date_gmt":"2026-09-06T14:29:41","guid":{"rendered":"https:\/\/blog.brunnenbraeu.eu\/?p=49602"},"modified":"2026-09-06T16:29:42","modified_gmt":"2026-09-06T14:29:42","slug":"the-beerlabbruessel-bel","status":"publish","type":"post","link":"https:\/\/blog.brunnenbraeu.eu\/?p=49602","title":{"rendered":"The Beerlab<br>Br\u00fcssel (BEL)"},"content":{"rendered":"\n<p class=\"wp-block-paragraph\">[Blick zur\u00fcck auf Juli 2025]<\/p>\n\n\n\n<p class=\"wp-block-paragraph\">Als Abschluss eines Besuchs der <a href=\"https:\/\/blog.brunnenbraeu.eu\/?p=49553\" target=\"_blank\" rel=\"noopener\">Belgian Beer World Experience<\/a> oder einfach nur so auf ein belgisches Bier \u2013 der Besuch der Rooftop-Bar <a href=\"https:\/\/thebeerlabrooftop.be\/de\" target=\"_blank\" rel=\"noopener\">The Beerlab<\/a> auf dem Dach der Br\u00fcsseler B\u00f6rse lohnt sich aus zweierlei Gr\u00fcnden: Erstens ist der Blick \u00fcber die Br\u00fcsseler Innenstadt bei gutem Wetter ausgezeichnet (und wird eigentlich nur noch getoppt von der in Touristenkreisen noch v\u00f6llig unbekannten Dachterrasse mit Bar auf dem Geb\u00e4ude der Br\u00fcsseler Stadtverwaltung, Rue des Halles 4) und zweitens gibt es eine riesengro\u00dfe Auswahl von Bieren der Mehrzahl aller belgischen Brauereien \u2013 insgesamt rund 150 St\u00fcck, 49 davon vom Fass.<\/p>\n\n\n\n<p class=\"wp-block-paragraph\">Zugegeben, das Ambiente ist eher unpers\u00f6nlich, man merkt der Bar an, dass sie in erster Linie dazu dient, dass die Besucher der Ausstellung nach ihrem Rundgang hier ihren Biergutschein einl\u00f6sen k\u00f6nnen. Durch den steten Wechsel, wenige G\u00e4ste verweilen hier l\u00e4nger als nur auf ihr Freibier, bleibt es unruhig, aber trotzdem: Blick und Auswahl lohnen den Besuch.<\/p>\n\n\n\n<figure class=\"wp-block-image size-large\"><img loading=\"lazy\" decoding=\"async\" width=\"1024\" height=\"617\" src=\"https:\/\/blog.brunnenbraeu.eu\/wp-content\/uploads\/2026\/09\/The-Beerlab-Mini-1-1024x617.jpg\" alt=\"\" class=\"wp-image-49604\" srcset=\"https:\/\/blog.brunnenbraeu.eu\/wp-content\/uploads\/2026\/09\/The-Beerlab-Mini-1-1024x617.jpg 1024w, https:\/\/blog.brunnenbraeu.eu\/wp-content\/uploads\/2026\/09\/The-Beerlab-Mini-1-150x90.jpg 150w, https:\/\/blog.brunnenbraeu.eu\/wp-content\/uploads\/2026\/09\/The-Beerlab-Mini-1-300x181.jpg 300w, https:\/\/blog.brunnenbraeu.eu\/wp-content\/uploads\/2026\/09\/The-Beerlab-Mini-1-767x462.jpg 767w, https:\/\/blog.brunnenbraeu.eu\/wp-content\/uploads\/2026\/09\/The-Beerlab-Mini-1.jpg 1063w\" sizes=\"auto, (max-width: 1024px) 100vw, 1024px\" \/><\/figure>\n\n\n\n<p class=\"has-text-align-center wp-block-paragraph\" style=\"font-size:12px\"><strong>ein eher unpers\u00f6nliches Ambiente<\/strong><\/p>\n\n\n\n<div style=\"height:50px\" aria-hidden=\"true\" class=\"wp-block-spacer\"><\/div>\n\n\n\n<p class=\"wp-block-paragraph\">Als Gemeinschaftsprojekt der Belgischen Brauer bietet die Bar f\u00fcr jeden noch so exotischen Geschmack ein passendes Bier \u2013 vom alkoholfreien oder Leichtbier \u00fcber moderate Trink- und Zischbiere bis zu schweren und schwersten Genussbieren, deren Komplexit\u00e4t sich nur in winzigen Schlucken \u00f6ffnet, ist alles dabei. Sauer, bitter, malzig, s\u00fc\u00df, fruchtig, holzig \u2013 kaum eine sensorische Empfindung kann hier nicht abgedeckt werden.<\/p>\n\n\n\n<p class=\"wp-block-paragraph\">Wer dem Bier allerdings partout nichts abgewinnen kann, sondern auf Softdrinks und Wein umsteigen m\u00f6chte, findet nur ein ganz, ganz schmales Angebot. Je ein roter, ros\u00e9farbener und wei\u00dfer Wein, ein Schaumwein, Cola, Apfelschorle und Wasser. Das war\u2019s.<\/p>\n\n\n\n<p class=\"wp-block-paragraph\">Belgien ist und bleibt halt ein Bierland, und die belgische Bierkultur verk\u00f6rpert sich nun mal genau hier, in der Ausstellung <a href=\"https:\/\/blog.brunnenbraeu.eu\/?p=49553\" target=\"_blank\" rel=\"noopener\">Belgian Beer World Experience<\/a>, auf deren Dach sich <a href=\"https:\/\/thebeerlabrooftop.be\/de\" target=\"_blank\" rel=\"noopener\">The Beerlab<\/a> befindet.<\/p>\n\n\n\n<p class=\"wp-block-paragraph\"><em><a href=\"https:\/\/thebeerlabrooftop.be\/de\" target=\"_blank\" rel=\"noopener\">The Beerlab<\/a> ist t\u00e4glich ab 16:30 Uhr ge\u00f6ffnet; Besucher der Ausstellung kommen vorher schon rein. Zu erreichen ist die Bar einfach: Das Geb\u00e4ude der Br\u00fcsseler B\u00f6rse liegt zwei Minuten zu Fu\u00df westlich des Grand Place; innerhalb des Geb\u00e4udes f\u00e4hrt ein Fahrstuhl direkt in die oberste Etage zur Bar.<\/em><\/p>\n\n\n\n<p class=\"has-text-align-center wp-block-paragraph\"><a href=\"https:\/\/vquante.jalbum.net\/Alben20\/Beerlab\/\" target=\"_blank\" rel=\"noopener\">Bildergalerie<\/a><\/p>\n\n\n\n<p class=\"has-text-align-center wp-block-paragraph\">The Beerlab<br>Boulevard Anspach 80<br>1000 Br\u00fcssel<br>Belgien<\/p>\n","protected":false},"excerpt":{"rendered":"<div class=\"mh-excerpt\"><p>[Blick zur\u00fcck auf Juli 2025] Als Abschluss eines Besuchs der Belgian Beer World Experience oder einfach nur so auf ein belgisches Bier \u2013 der Besuch der Rooftop-Bar The Beerlab auf dem Dach der Br\u00fcsseler B\u00f6rse lohnt sich aus zweierlei Gr\u00fcnden: Erstens ist der Blick \u00fcber die Br\u00fcsseler Innenstadt bei gutem <a class=\"mh-excerpt-more\" href=\"https:\/\/blog.brunnenbraeu.eu\/?p=49602\" title=\"The BeerlabBr\u00fcssel (BEL)\">[&#8230;]<\/a><\/p>\n<\/div>","protected":false},"author":1,"featured_media":49604,"comment_status":"open","ping_status":"open","sticky":false,"template":"","format":"standard","meta":{"footnotes":""},"categories":[85,6,10],"tags":[],"class_list":["post-49602","post","type-post","status-publish","format-standard","has-post-thumbnail","category-belgien-bierbars-biergaerten-bierlokale","category-bier-vor-ort","category-bierbars-biergaerten-bierlokale"],"_links":{"self":[{"href":"https:\/\/blog.brunnenbraeu.eu\/index.php?rest_route=\/wp\/v2\/posts\/49602","targetHints":{"allow":["GET"]}}],"collection":[{"href":"https:\/\/blog.brunnenbraeu.eu\/index.php?rest_route=\/wp\/v2\/posts"}],"about":[{"href":"https:\/\/blog.brunnenbraeu.eu\/index.php?rest_route=\/wp\/v2\/types\/post"}],"author":[{"embeddable":true,"href":"https:\/\/blog.brunnenbraeu.eu\/index.php?rest_route=\/wp\/v2\/users\/1"}],"replies":[{"embeddable":true,"href":"https:\/\/blog.brunnenbraeu.eu\/index.php?rest_route=%2Fwp%2Fv2%2Fcomments&post=49602"}],"version-history":[{"count":3,"href":"https:\/\/blog.brunnenbraeu.eu\/index.php?rest_route=\/wp\/v2\/posts\/49602\/revisions"}],"predecessor-version":[{"id":49606,"href":"https:\/\/blog.brunnenbraeu.eu\/index.php?rest_route=\/wp\/v2\/posts\/49602\/revisions\/49606"}],"wp:featuredmedia":[{"embeddable":true,"href":"https:\/\/blog.brunnenbraeu.eu\/index.php?rest_route=\/wp\/v2\/media\/49604"}],"wp:attachment":[{"href":"https:\/\/blog.brunnenbraeu.eu\/index.php?rest_route=%2Fwp%2Fv2%2Fmedia&parent=49602"}],"wp:term":[{"taxonomy":"category","embeddable":true,"href":"https:\/\/blog.brunnenbraeu.eu\/index.php?rest_route=%2Fwp%2Fv2%2Fcategories&post=49602"},{"taxonomy":"post_tag","embeddable":true,"href":"https:\/\/blog.brunnenbraeu.eu\/index.php?rest_route=%2Fwp%2Fv2%2Ftags&post=49602"}],"curies":[{"name":"wp","href":"https:\/\/api.w.org\/{rel}","templated":true}]}}