{"id":5228,"date":"2016-09-23T23:05:30","date_gmt":"2016-09-23T21:05:30","guid":{"rendered":"http:\/\/blog.brunnenbraeu.eu\/?p=5228"},"modified":"2023-02-17T06:17:37","modified_gmt":"2023-02-17T05:17:37","slug":"oktoberfest-v-brne-2016brnocze","status":"publish","type":"post","link":"https:\/\/blog.brunnenbraeu.eu\/?p=5228","title":{"rendered":"Oktoberfest v Brn\u011b 2016<br \/>Brno<br \/>CZE"},"content":{"rendered":"\n<p>Deutsches Oktoberfest im Ausland? Ganz einfach!<\/p>\n\n\n\n<p>Man nehme ein gro\u00dfes Zelt. Form, Farbe, Gr\u00f6\u00dfe ist egal. Die Inneneinrichtung ist auch egal. Es k\u00f6nnen gerne Biertische und -b\u00e4nke sein, m\u00fcssen es aber nicht. Kunststoffstehtische von der letzten Gartenparty gehen auch. Was muss, ist aber blau-wei\u00df-rautierte Dekoration \u2013 Tischdecken, Servietten oder Girlanden.<\/p>\n\n\n\n<p>Wie bitte, lieber bayerischer Lokalpatriot? Das sei nicht blau-wei\u00df, sondern wei\u00df-blau? Na, heraldisch sicherlich richtig, wenn man \u00fcberlegt, was Farbe und was Hintergrund ist, aber jetzt mal Hand auf\u2019s Herz: Wo sieht man an der Tischdecke den Unterschied?<\/p>\n\n\n\n<p>Genau, nirgends, und so seien wir doch froh, dass \u00fcberhaupt die Farben blau und wei\u00df verwendet werden. Es h\u00e4tte doch viel schlimmer kommen k\u00f6nnen, bis hin zu fr\u00e4nkischem Rot-Wei\u00df. Oder Wei\u00df-Rot. Das sehen die Franken n\u00e4mlich nicht so eng, wie der Rest der Bayern. Man sehe sich nur einmal die Bezirksflagge Oberfrankens einerseits (Rot unten), und die der Bezirke Mittel- und Unterfranken andererseits (Rot oben) einmal an.<\/p>\n\n\n\n<figure class=\"wp-block-image size-large\"><img loading=\"lazy\" decoding=\"async\" width=\"1024\" height=\"521\" src=\"https:\/\/blog.brunnenbraeu.eu\/wp-content\/uploads\/2016\/09\/Oktoberfest-v-Brne-2016-Mini-1-1024x521.jpg\" alt=\"\" class=\"wp-image-42663\" srcset=\"https:\/\/blog.brunnenbraeu.eu\/wp-content\/uploads\/2016\/09\/Oktoberfest-v-Brne-2016-Mini-1-1024x521.jpg 1024w, https:\/\/blog.brunnenbraeu.eu\/wp-content\/uploads\/2016\/09\/Oktoberfest-v-Brne-2016-Mini-1-300x153.jpg 300w, https:\/\/blog.brunnenbraeu.eu\/wp-content\/uploads\/2016\/09\/Oktoberfest-v-Brne-2016-Mini-1-150x76.jpg 150w, https:\/\/blog.brunnenbraeu.eu\/wp-content\/uploads\/2016\/09\/Oktoberfest-v-Brne-2016-Mini-1-768x391.jpg 768w, https:\/\/blog.brunnenbraeu.eu\/wp-content\/uploads\/2016\/09\/Oktoberfest-v-Brne-2016-Mini-1.jpg 1063w\" sizes=\"auto, (max-width: 1024px) 100vw, 1024px\" \/><\/figure>\n\n\n\n<p class=\"has-text-align-center\" style=\"font-size:12px\"><strong>im Festzelt<\/strong><\/p>\n\n\n\n<p>Egal, wir sehen jedenfalls die bayerischen Rauten vor uns, und dann gibt es nur noch drei Dinge, die sein m\u00fcssen: Dicke-Backen-Musik, zur Not vom Band oder als MP3, Brezeln und \u2013 bayerisches Oktoberfestbier.<\/p>\n\n\n\n<p>Fertig ist das Oktoberfest.<\/p>\n\n\n\n<figure class=\"wp-block-image size-large\"><img loading=\"lazy\" decoding=\"async\" width=\"1024\" height=\"958\" src=\"https:\/\/blog.brunnenbraeu.eu\/wp-content\/uploads\/2016\/09\/Oktoberfest-v-Brne-2016-Mini-2-1024x958.jpg\" alt=\"\" class=\"wp-image-42664\" srcset=\"https:\/\/blog.brunnenbraeu.eu\/wp-content\/uploads\/2016\/09\/Oktoberfest-v-Brne-2016-Mini-2-1024x958.jpg 1024w, https:\/\/blog.brunnenbraeu.eu\/wp-content\/uploads\/2016\/09\/Oktoberfest-v-Brne-2016-Mini-2-300x281.jpg 300w, https:\/\/blog.brunnenbraeu.eu\/wp-content\/uploads\/2016\/09\/Oktoberfest-v-Brne-2016-Mini-2-150x140.jpg 150w, https:\/\/blog.brunnenbraeu.eu\/wp-content\/uploads\/2016\/09\/Oktoberfest-v-Brne-2016-Mini-2-768x718.jpg 768w, https:\/\/blog.brunnenbraeu.eu\/wp-content\/uploads\/2016\/09\/Oktoberfest-v-Brne-2016-Mini-2.jpg 1063w\" sizes=\"auto, (max-width: 1024px) 100vw, 1024px\" \/><\/figure>\n\n\n\n<p class=\"has-text-align-center\" style=\"font-size:12px\"><strong>mindestens ein M\u00fcnchner Bier muss im Angebot sein<\/strong><\/p>\n\n\n\n<p>Und genau so einfach ist auch der Ansatz auf dem Platz vor der Jakobskirche in Br\u00fcnn. Der Stehausschank <a rel=\"noreferrer noopener\" href=\"https:\/\/blog.brunnenbraeu.eu\/?p=5221\" target=\"_blank\">V\u00fd\u010dep Na Stoj\u00e1ka<\/a> hat genau das gemacht. Zelt, Tischdecken, Musik und bayerisches Bier. L\u00f6wenbr\u00e4u. Oigin\u00e1ln\u00ed pivo oktoberfest z Mnichova.<\/p>\n\n\n\n<p>Nun, vielleicht sind die Zelte in M\u00fcnchen dann doch ein bisschen gr\u00f6\u00dfer \u2026<\/p>\n\n\n\n<p>Vielleicht ist die Dekoration auch ein wenig d\u00fcrftig \u2026<\/p>\n\n\n\n<p>Vielleicht w\u00e4re es mit Livemusik auch etwas stimmungsvoller \u2026<\/p>\n\n\n\n<p>Und die Brezeln, wo sind denn eigentlich die Brezeln? Jetzt haben wir doch vergessen, die zu bestellen \u2026<\/p>\n\n\n\n<p>Aber egal. Oktoberfest! Und das in S\u00fcdm\u00e4hrens Hauptstadt, in Br\u00fcnn.<\/p>\n\n\n\n<p class=\"has-text-align-center\"><a href=\"https:\/\/vquante.jalbum.net\/Alben6\/OktoberfestBrno2016\/index.html\" target=\"_blank\" rel=\"noreferrer noopener\">Bilder<\/a><\/p>\n\n\n\n<p class=\"has-text-align-center\">V\u00fd\u010dep Na Stoj\u00e1ka Jakub\u00e1k<br>B\u011bhounsk\u00e1 16<br>602 00 Brno<br>Tschechien<\/p>\n","protected":false},"excerpt":{"rendered":"<div class=\"mh-excerpt\"><p>Deutsches Oktoberfest im Ausland? Ganz einfach! Man nehme ein gro\u00dfes Zelt. Form, Farbe, Gr\u00f6\u00dfe ist egal. Die Inneneinrichtung ist auch egal. Es k\u00f6nnen gerne Biertische und -b\u00e4nke sein, m\u00fcssen es aber nicht. Kunststoffstehtische von der letzten Gartenparty gehen auch. Was muss, ist aber blau-wei\u00df-rautierte Dekoration \u2013 Tischdecken, Servietten oder Girlanden. <a class=\"mh-excerpt-more\" href=\"https:\/\/blog.brunnenbraeu.eu\/?p=5228\" title=\"Oktoberfest v Brn\u011b 2016BrnoCZE\">[&#8230;]<\/a><\/p>\n<\/div>","protected":false},"author":1,"featured_media":42663,"comment_status":"open","ping_status":"open","sticky":false,"template":"","format":"standard","meta":{"footnotes":""},"categories":[2,40],"tags":[],"class_list":{"0":"post-5228","1":"post","2":"type-post","3":"status-publish","4":"format-standard","5":"has-post-thumbnail","7":"category-bier-erleben","8":"category-bierfestivals"},"_links":{"self":[{"href":"https:\/\/blog.brunnenbraeu.eu\/index.php?rest_route=\/wp\/v2\/posts\/5228","targetHints":{"allow":["GET"]}}],"collection":[{"href":"https:\/\/blog.brunnenbraeu.eu\/index.php?rest_route=\/wp\/v2\/posts"}],"about":[{"href":"https:\/\/blog.brunnenbraeu.eu\/index.php?rest_route=\/wp\/v2\/types\/post"}],"author":[{"embeddable":true,"href":"https:\/\/blog.brunnenbraeu.eu\/index.php?rest_route=\/wp\/v2\/users\/1"}],"replies":[{"embeddable":true,"href":"https:\/\/blog.brunnenbraeu.eu\/index.php?rest_route=%2Fwp%2Fv2%2Fcomments&post=5228"}],"version-history":[{"count":1,"href":"https:\/\/blog.brunnenbraeu.eu\/index.php?rest_route=\/wp\/v2\/posts\/5228\/revisions"}],"predecessor-version":[{"id":42665,"href":"https:\/\/blog.brunnenbraeu.eu\/index.php?rest_route=\/wp\/v2\/posts\/5228\/revisions\/42665"}],"wp:featuredmedia":[{"embeddable":true,"href":"https:\/\/blog.brunnenbraeu.eu\/index.php?rest_route=\/wp\/v2\/media\/42663"}],"wp:attachment":[{"href":"https:\/\/blog.brunnenbraeu.eu\/index.php?rest_route=%2Fwp%2Fv2%2Fmedia&parent=5228"}],"wp:term":[{"taxonomy":"category","embeddable":true,"href":"https:\/\/blog.brunnenbraeu.eu\/index.php?rest_route=%2Fwp%2Fv2%2Fcategories&post=5228"},{"taxonomy":"post_tag","embeddable":true,"href":"https:\/\/blog.brunnenbraeu.eu\/index.php?rest_route=%2Fwp%2Fv2%2Ftags&post=5228"}],"curies":[{"name":"wp","href":"https:\/\/api.w.org\/{rel}","templated":true}]}}