{"id":5353,"date":"2016-09-01T23:00:20","date_gmt":"2016-09-01T21:00:20","guid":{"rendered":"http:\/\/blog.brunnenbraeu.eu\/?p=5353"},"modified":"2022-09-18T07:13:14","modified_gmt":"2022-09-18T05:13:14","slug":"die-glaeserne-privatbrauerei-schadhalledeu","status":"publish","type":"post","link":"https:\/\/blog.brunnenbraeu.eu\/?p=5353","title":{"rendered":"Die Gl\u00e4serne Privatbrauerei Schad<br \/>Halle<br \/>DEU"},"content":{"rendered":"\n<p><strong>Nachtrag 1. September 2016:<\/strong> Laut einer <a rel=\"noreferrer noopener\" href=\"http:\/\/www.mz-web.de\/halle-saale\/traditionsgaststaette--zum-schad--am-reileck-gibt-auf-24674996\" target=\"_blank\">Meldung der Mitteldeutschen Zeitung<\/a> wurde Die Gl\u00e4serne Privatbrauerei Schad mittlerweile geschlossen, beziehungsweise nach den ausgewiesenen Betriebsferien nicht mehr er\u00f6ffnet. Offensichtlich hatte sich der gew\u00fcnschte wirtschaftliche Erfolg nicht eingestellt, und bereits Ende 2015 war das Sudwerk demontiert worden. Nicht mehr Schad, sondern Schade!<\/p>\n\n\n\n<p class=\"has-text-align-center has-large-font-size\"><strong>Die Gl\u00e4serne Privatbrauerei Schad<\/strong><\/p>\n\n\n\n<p>Betrachtet man den Gasthof Schad, so reicht seine Geschichte zur\u00fcck bis in die Zeit vor der Wende \u2013 nach eigenen Angaben wurde der Gasthof bereits im Jahr 1983 als \u201eIngo Schad\u2019s Speisegastst\u00e4tte\u201c er\u00f6ffnet. Zehn Jahre sp\u00e4ter \u2013 nun nach der Wende \u2013 wurde aus der Speisegastst\u00e4tte eine Gasthausbrauerei, und 2010 wurde eine gl\u00e4serne Sudanlage installiert, die sowohl durch ein Fenster von der Stra\u00dfe als auch durch eine Scheibe von der Gaststube aus gut einsehbar ist, so dass man w\u00e4hrend des Sudes dem Brauer auf die Finger schauen kann. Und seitdem hei\u00dft das Restaurant konsequenter- und richtigerweise Die Gl\u00e4serne Privatbrauerei Schad.<\/p>\n\n\n\n<figure class=\"wp-block-image size-large\"><img loading=\"lazy\" decoding=\"async\" width=\"1024\" height=\"768\" src=\"https:\/\/blog.brunnenbraeu.eu\/wp-content\/uploads\/2022\/09\/Die-Glaeserne-Privatbrauerei-Schad-Mini-1-1024x768.jpg\" alt=\"\" class=\"wp-image-41649\" srcset=\"https:\/\/blog.brunnenbraeu.eu\/wp-content\/uploads\/2022\/09\/Die-Glaeserne-Privatbrauerei-Schad-Mini-1-1024x768.jpg 1024w, https:\/\/blog.brunnenbraeu.eu\/wp-content\/uploads\/2022\/09\/Die-Glaeserne-Privatbrauerei-Schad-Mini-1-300x225.jpg 300w, https:\/\/blog.brunnenbraeu.eu\/wp-content\/uploads\/2022\/09\/Die-Glaeserne-Privatbrauerei-Schad-Mini-1-150x112.jpg 150w, https:\/\/blog.brunnenbraeu.eu\/wp-content\/uploads\/2022\/09\/Die-Glaeserne-Privatbrauerei-Schad-Mini-1-768x576.jpg 768w, https:\/\/blog.brunnenbraeu.eu\/wp-content\/uploads\/2022\/09\/Die-Glaeserne-Privatbrauerei-Schad-Mini-1-678x509.jpg 678w, https:\/\/blog.brunnenbraeu.eu\/wp-content\/uploads\/2022\/09\/Die-Glaeserne-Privatbrauerei-Schad-Mini-1-326x245.jpg 326w, https:\/\/blog.brunnenbraeu.eu\/wp-content\/uploads\/2022\/09\/Die-Glaeserne-Privatbrauerei-Schad-Mini-1-80x60.jpg 80w, https:\/\/blog.brunnenbraeu.eu\/wp-content\/uploads\/2022\/09\/Die-Glaeserne-Privatbrauerei-Schad-Mini-1.jpg 1063w\" sizes=\"auto, (max-width: 1024px) 100vw, 1024px\" \/><\/figure>\n\n\n\n<p class=\"has-text-align-center\" style=\"font-size:12px\"><strong>das gl\u00e4serne Sudwerk<\/strong><\/p>\n\n\n\n<p>Die Gaststube selbst ist urgem\u00fctlich. Unter dicken, dunklen Holzbalken findet man zahlreiche kleine und gr\u00f6\u00dfere Tische, teilweise in einem gr\u00f6\u00dferen Raum, teilweise in kleinen, heimeligen Ecken. Ein gro\u00dfer runder Tisch verf\u00fcgt \u00fcber eine Modelleisenbahn, die die Salz- und Pfefferstreuer von einem Gast zum anderen transportieren kann. Oben, zwischen den dunklen Holzbalken befinden sich Bretter, auf denen zahlreiche unterschiedliche Bierflaschen gesammelt sind.<\/p>\n\n\n\n<figure class=\"wp-block-image size-large\"><img loading=\"lazy\" decoding=\"async\" width=\"1024\" height=\"493\" src=\"https:\/\/blog.brunnenbraeu.eu\/wp-content\/uploads\/2016\/09\/Die-Glaeserne-Privatbrauerei-Schad-Mini-2-1024x493.jpg\" alt=\"\" class=\"wp-image-41650\" srcset=\"https:\/\/blog.brunnenbraeu.eu\/wp-content\/uploads\/2016\/09\/Die-Glaeserne-Privatbrauerei-Schad-Mini-2-1024x493.jpg 1024w, https:\/\/blog.brunnenbraeu.eu\/wp-content\/uploads\/2016\/09\/Die-Glaeserne-Privatbrauerei-Schad-Mini-2-300x144.jpg 300w, https:\/\/blog.brunnenbraeu.eu\/wp-content\/uploads\/2016\/09\/Die-Glaeserne-Privatbrauerei-Schad-Mini-2-150x72.jpg 150w, https:\/\/blog.brunnenbraeu.eu\/wp-content\/uploads\/2016\/09\/Die-Glaeserne-Privatbrauerei-Schad-Mini-2-768x370.jpg 768w, https:\/\/blog.brunnenbraeu.eu\/wp-content\/uploads\/2016\/09\/Die-Glaeserne-Privatbrauerei-Schad-Mini-2.jpg 1063w\" sizes=\"auto, (max-width: 1024px) 100vw, 1024px\" \/><\/figure>\n\n\n\n<p class=\"has-text-align-center\" style=\"font-size:12px\"><strong>Tisch mit Modelleisenbahn<\/strong><\/p>\n\n\n\n<p>Die K\u00fcche ist preiswert und gut \u2013 die Portionen sind nicht nur gro\u00df, sondern auch schmackhaft, und besonders attraktiv ist das B\u00fcffet-Angebot w\u00e4hrend der Woche in der Mittagszeit. F\u00fcr gerade 5,90 Euro bekommt man eine wirklich gute Auswahl an warmen und kalten Speisen, einschlie\u00dflich verschiedener Vorsuppen, Kuchen und S\u00fc\u00dfspeisen. Da findet sich f\u00fcr jeden Geschmack etwas.<\/p>\n\n\n\n<p>Mit den hier gebrauten Bieren konzentriert man sich zun\u00e4chst auf die Standard-Palette Hell, Dunkel, Weizen; daneben gibt es aber auch Saisonbiere \u2013 w\u00e4hrend unseres Besuches am 2. Januar 2012 noch den Nikolator Doppelbock, ein sehr dunkles und wirklich starkes Bier mit 16,9\u00b0 Stammw\u00fcrze und 8,9 % Alkohol. Lecker!<\/p>\n\n\n\n<p>Alles in allem eine nette, kleine Gasthausbrauerei, die insbesondere auch mit vielen Themenabenden (Krimidinner, Westerndinner und \u00e4hnliche unterhaltsame Veranstaltungen) auf sich aufmerksam macht.<\/p>\n\n\n\n<p class=\"has-text-align-center\"><a rel=\"noreferrer noopener\" href=\"https:\/\/vquante.jalbum.net\/Alben4\/Schad\/\" target=\"_blank\">Bilder<\/a><\/p>\n\n\n\n<p class=\"has-text-align-center\">Die Gl\u00e4serne Privatbrauerei Schad<br>Reilstra\u00dfe 10<br>06 114 Halle<br>Sachsen Anhalt<br>Deutschland<\/p>\n","protected":false},"excerpt":{"rendered":"<div class=\"mh-excerpt\"><p>Nachtrag 1. September 2016: Laut einer Meldung der Mitteldeutschen Zeitung wurde Die Gl\u00e4serne Privatbrauerei Schad mittlerweile geschlossen, beziehungsweise nach den ausgewiesenen Betriebsferien nicht mehr er\u00f6ffnet. Offensichtlich hatte sich der gew\u00fcnschte wirtschaftliche Erfolg nicht eingestellt, und bereits Ende 2015 war das Sudwerk demontiert worden. Nicht mehr Schad, sondern Schade! Die Gl\u00e4serne <a class=\"mh-excerpt-more\" href=\"https:\/\/blog.brunnenbraeu.eu\/?p=5353\" title=\"Die Gl\u00e4serne Privatbrauerei SchadHalleDEU\">[&#8230;]<\/a><\/p>\n<\/div>","protected":false},"author":1,"featured_media":41649,"comment_status":"open","ping_status":"open","sticky":false,"template":"","format":"standard","meta":{"footnotes":""},"categories":[6,13,14,41],"tags":[],"class_list":{"0":"post-5353","1":"post","2":"type-post","3":"status-publish","4":"format-standard","5":"has-post-thumbnail","7":"category-bier-vor-ort","8":"category-brauereien","9":"category-deutschland-brauereien","10":"category-sachsen-anhalt"},"_links":{"self":[{"href":"https:\/\/blog.brunnenbraeu.eu\/index.php?rest_route=\/wp\/v2\/posts\/5353","targetHints":{"allow":["GET"]}}],"collection":[{"href":"https:\/\/blog.brunnenbraeu.eu\/index.php?rest_route=\/wp\/v2\/posts"}],"about":[{"href":"https:\/\/blog.brunnenbraeu.eu\/index.php?rest_route=\/wp\/v2\/types\/post"}],"author":[{"embeddable":true,"href":"https:\/\/blog.brunnenbraeu.eu\/index.php?rest_route=\/wp\/v2\/users\/1"}],"replies":[{"embeddable":true,"href":"https:\/\/blog.brunnenbraeu.eu\/index.php?rest_route=%2Fwp%2Fv2%2Fcomments&post=5353"}],"version-history":[{"count":3,"href":"https:\/\/blog.brunnenbraeu.eu\/index.php?rest_route=\/wp\/v2\/posts\/5353\/revisions"}],"predecessor-version":[{"id":41653,"href":"https:\/\/blog.brunnenbraeu.eu\/index.php?rest_route=\/wp\/v2\/posts\/5353\/revisions\/41653"}],"wp:featuredmedia":[{"embeddable":true,"href":"https:\/\/blog.brunnenbraeu.eu\/index.php?rest_route=\/wp\/v2\/media\/41649"}],"wp:attachment":[{"href":"https:\/\/blog.brunnenbraeu.eu\/index.php?rest_route=%2Fwp%2Fv2%2Fmedia&parent=5353"}],"wp:term":[{"taxonomy":"category","embeddable":true,"href":"https:\/\/blog.brunnenbraeu.eu\/index.php?rest_route=%2Fwp%2Fv2%2Fcategories&post=5353"},{"taxonomy":"post_tag","embeddable":true,"href":"https:\/\/blog.brunnenbraeu.eu\/index.php?rest_route=%2Fwp%2Fv2%2Ftags&post=5353"}],"curies":[{"name":"wp","href":"https:\/\/api.w.org\/{rel}","templated":true}]}}