{"id":6208,"date":"2021-07-30T23:02:00","date_gmt":"2021-07-30T21:02:00","guid":{"rendered":"http:\/\/blog.brunnenbraeu.eu\/?p=6208"},"modified":"2021-09-24T06:08:52","modified_gmt":"2021-09-24T04:08:52","slug":"hotel-oberpfaelzer-hofwindischeschenbachdeu","status":"publish","type":"post","link":"https:\/\/blog.brunnenbraeu.eu\/?p=6208","title":{"rendered":"Hotel Oberpf\u00e4lzer Hof<br \/>Windischeschenbach<br \/>DEU"},"content":{"rendered":"\n<p><strong>Nachtrag 30. Juli 2021:<\/strong> Den <a href=\"http:\/\/www.oberpfaelzer-hof.de\/\" target=\"_blank\" rel=\"noreferrer noopener\">Oberpf\u00e4lzer Hof<\/a> gibt es nicht mehr. Er ist nicht nur geschlossen, sondern verschwunden. Statt seiner sehe ich in der Innenstadt von Windischeschenbach lediglich einen Bauzaun und eine schon gr\u00fcn \u00fcberwucherte Brache.<\/p>\n\n\n\n<figure class=\"wp-block-image size-large\"><img loading=\"lazy\" decoding=\"async\" width=\"1024\" height=\"768\" src=\"https:\/\/blog.brunnenbraeu.eu\/wp-content\/uploads\/2021\/09\/Hotel-Oberpfaelzer-Hof-Mini-2-1024x768.jpg\" alt=\"\" class=\"wp-image-37770\" srcset=\"https:\/\/blog.brunnenbraeu.eu\/wp-content\/uploads\/2021\/09\/Hotel-Oberpfaelzer-Hof-Mini-2-1024x768.jpg 1024w, https:\/\/blog.brunnenbraeu.eu\/wp-content\/uploads\/2021\/09\/Hotel-Oberpfaelzer-Hof-Mini-2-300x225.jpg 300w, https:\/\/blog.brunnenbraeu.eu\/wp-content\/uploads\/2021\/09\/Hotel-Oberpfaelzer-Hof-Mini-2-150x112.jpg 150w, https:\/\/blog.brunnenbraeu.eu\/wp-content\/uploads\/2021\/09\/Hotel-Oberpfaelzer-Hof-Mini-2-768x576.jpg 768w, https:\/\/blog.brunnenbraeu.eu\/wp-content\/uploads\/2021\/09\/Hotel-Oberpfaelzer-Hof-Mini-2-678x509.jpg 678w, https:\/\/blog.brunnenbraeu.eu\/wp-content\/uploads\/2021\/09\/Hotel-Oberpfaelzer-Hof-Mini-2-326x245.jpg 326w, https:\/\/blog.brunnenbraeu.eu\/wp-content\/uploads\/2021\/09\/Hotel-Oberpfaelzer-Hof-Mini-2-80x60.jpg 80w, https:\/\/blog.brunnenbraeu.eu\/wp-content\/uploads\/2021\/09\/Hotel-Oberpfaelzer-Hof-Mini-2.jpg 1063w\" sizes=\"auto, (max-width: 1024px) 100vw, 1024px\" \/><\/figure>\n\n\n\n<p class=\"has-text-align-center\" style=\"font-size:12px\"><strong>Weg. Einfach weg.<\/strong><\/p>\n\n\n\n<p>Und angesichts der dicken gr\u00fcnen Decke war es wohl auch nicht gestern, dass das Hotel abgerissen worden ist, sondern es muss schon eine gewisse Zeit her sein.<\/p>\n\n\n\n<p>Kein Zoigl mehr auf diesem Grundst\u00fcck.<\/p>\n\n\n\n<p class=\"has-text-align-center has-large-font-size\"><strong>Hotel Oberpf\u00e4lzer Hof<\/strong><\/p>\n\n\n\n<p>Das <a rel=\"noreferrer noopener\" href=\"http:\/\/www.oberpfaelzer-hof.de\/\" target=\"_blank\">Hotel Oberpf\u00e4lzer Hof<\/a> ist ein gutb\u00fcrgerliches, famili\u00e4r gef\u00fchrtes Hotel mitten in Windischeschenbach. Am 30. April 2004 diente es uns aus Ausgangspunkt der ersten <a rel=\"noreferrer noopener\" href=\"https:\/\/blog.brunnenbraeu.eu\/?cat=64\" target=\"_blank\">Tour de Bier<\/a>, und von hier aus erkundeten wir mit gro\u00dfen Augen und offenen M\u00fcndern die Welt des Zoigl-Biers.<\/p>\n\n\n\n<figure class=\"wp-block-image size-large\"><img loading=\"lazy\" decoding=\"async\" width=\"1024\" height=\"764\" src=\"https:\/\/blog.brunnenbraeu.eu\/wp-content\/uploads\/2021\/09\/Hotel-Oberpfaelzer-Hof-Mini-1-1024x764.jpg\" alt=\"\" class=\"wp-image-37768\" srcset=\"https:\/\/blog.brunnenbraeu.eu\/wp-content\/uploads\/2021\/09\/Hotel-Oberpfaelzer-Hof-Mini-1-1024x764.jpg 1024w, https:\/\/blog.brunnenbraeu.eu\/wp-content\/uploads\/2021\/09\/Hotel-Oberpfaelzer-Hof-Mini-1-300x224.jpg 300w, https:\/\/blog.brunnenbraeu.eu\/wp-content\/uploads\/2021\/09\/Hotel-Oberpfaelzer-Hof-Mini-1-150x112.jpg 150w, https:\/\/blog.brunnenbraeu.eu\/wp-content\/uploads\/2021\/09\/Hotel-Oberpfaelzer-Hof-Mini-1-768x573.jpg 768w, https:\/\/blog.brunnenbraeu.eu\/wp-content\/uploads\/2021\/09\/Hotel-Oberpfaelzer-Hof-Mini-1-80x60.jpg 80w, https:\/\/blog.brunnenbraeu.eu\/wp-content\/uploads\/2021\/09\/Hotel-Oberpfaelzer-Hof-Mini-1.jpg 1063w\" sizes=\"auto, (max-width: 1024px) 100vw, 1024px\" \/><\/figure>\n\n\n\n<p class=\"has-text-align-center\" style=\"font-size:12px\"><strong>Hotel Oberpf\u00e4lzer Hof<\/strong><\/p>\n\n\n\n<p>Im Gegensatz zu den meisten Zoigl-Stuben im Raum Windischeschenbach, die ihren Zoigl nur an einigen Wochenenden pro Jahr ausschenken, ist der Zoigl im <a rel=\"noreferrer noopener\" href=\"http:\/\/www.oberpfaelzer-hof.de\/\" target=\"_blank\">Hotel Oberpf\u00e4lzer Hof<\/a> das ganze Jahr hindurch erh\u00e4ltlich. Eigentlich ein kleiner Bruch mit der <a href=\"https:\/\/zoiglbier.de\/\" target=\"_blank\" rel=\"noreferrer noopener\">Tradition des Zoigls<\/a>, aber aus Sicht eines Hoteliers nat\u00fcrlich verst\u00e4ndlich.<\/p>\n\n\n\n<p><em>Das <a rel=\"noreferrer noopener\" href=\"http:\/\/www.oberpfaelzer-hof.de\/\" target=\"_blank\">Hotel Oberpf\u00e4lzer Hof<\/a><\/em> l<em>iegt zentral mitten in Windischeschenbach und verf\u00fcgt neben G\u00e4stezimmern auch \u00fcber ein bodenst\u00e4ndiges Restaurant und einen kleinen Biergarten im Innenhof.<\/em><\/p>\n\n\n\n<p class=\"has-text-align-center\"><a rel=\"noreferrer noopener\" href=\"https:\/\/www.brunnenbraeu.org\/Alben3\/OberpfaelzerHof\/\" target=\"_blank\">Bilder<\/a><\/p>\n\n\n\n<p class=\"has-text-align-center\">Hotel Oberpf\u00e4lzer Hof<br>Hauptstra\u00dfe 1<br>92 670 Windischeschenbach<br>Bayern<br>Deutschland<\/p>\n","protected":false},"excerpt":{"rendered":"<div class=\"mh-excerpt\"><p>Nachtrag 30. Juli 2021: Den Oberpf\u00e4lzer Hof gibt es nicht mehr. Er ist nicht nur geschlossen, sondern verschwunden. Statt seiner sehe ich in der Innenstadt von Windischeschenbach lediglich einen Bauzaun und eine schon gr\u00fcn \u00fcberwucherte Brache. Weg. Einfach weg. Und angesichts der dicken gr\u00fcnen Decke war es wohl auch nicht <a class=\"mh-excerpt-more\" href=\"https:\/\/blog.brunnenbraeu.eu\/?p=6208\" title=\"Hotel Oberpf\u00e4lzer HofWindischeschenbachDEU\">[&#8230;]<\/a><\/p>\n<\/div>","protected":false},"author":1,"featured_media":37768,"comment_status":"open","ping_status":"open","sticky":false,"template":"","format":"standard","meta":{"footnotes":""},"categories":[48,6,10,11],"tags":[],"class_list":{"0":"post-6208","1":"post","2":"type-post","3":"status-publish","4":"format-standard","5":"has-post-thumbnail","7":"category-bayern-deutschland","8":"category-bier-vor-ort","9":"category-bierbars-biergaerten-bierlokale","10":"category-deutschland"},"_links":{"self":[{"href":"https:\/\/blog.brunnenbraeu.eu\/index.php?rest_route=\/wp\/v2\/posts\/6208","targetHints":{"allow":["GET"]}}],"collection":[{"href":"https:\/\/blog.brunnenbraeu.eu\/index.php?rest_route=\/wp\/v2\/posts"}],"about":[{"href":"https:\/\/blog.brunnenbraeu.eu\/index.php?rest_route=\/wp\/v2\/types\/post"}],"author":[{"embeddable":true,"href":"https:\/\/blog.brunnenbraeu.eu\/index.php?rest_route=\/wp\/v2\/users\/1"}],"replies":[{"embeddable":true,"href":"https:\/\/blog.brunnenbraeu.eu\/index.php?rest_route=%2Fwp%2Fv2%2Fcomments&post=6208"}],"version-history":[{"count":4,"href":"https:\/\/blog.brunnenbraeu.eu\/index.php?rest_route=\/wp\/v2\/posts\/6208\/revisions"}],"predecessor-version":[{"id":37773,"href":"https:\/\/blog.brunnenbraeu.eu\/index.php?rest_route=\/wp\/v2\/posts\/6208\/revisions\/37773"}],"wp:featuredmedia":[{"embeddable":true,"href":"https:\/\/blog.brunnenbraeu.eu\/index.php?rest_route=\/wp\/v2\/media\/37768"}],"wp:attachment":[{"href":"https:\/\/blog.brunnenbraeu.eu\/index.php?rest_route=%2Fwp%2Fv2%2Fmedia&parent=6208"}],"wp:term":[{"taxonomy":"category","embeddable":true,"href":"https:\/\/blog.brunnenbraeu.eu\/index.php?rest_route=%2Fwp%2Fv2%2Fcategories&post=6208"},{"taxonomy":"post_tag","embeddable":true,"href":"https:\/\/blog.brunnenbraeu.eu\/index.php?rest_route=%2Fwp%2Fv2%2Ftags&post=6208"}],"curies":[{"name":"wp","href":"https:\/\/api.w.org\/{rel}","templated":true}]}}