{"id":9004,"date":"2017-04-22T23:35:05","date_gmt":"2017-04-22T21:35:05","guid":{"rendered":"http:\/\/blog.brunnenbraeu.eu\/?p=9004"},"modified":"2017-05-01T07:52:38","modified_gmt":"2017-05-01T05:52:38","slug":"the-stuyck-co-madridesp","status":"publish","type":"post","link":"https:\/\/blog.brunnenbraeu.eu\/?p=9004","title":{"rendered":"The Stuyck Co.<br \/>Madrid<br \/>ESP"},"content":{"rendered":"<p style=\"text-align: justify;\"><span style=\"color: #0000ff;\"><a style=\"color: #0000ff;\" href=\"http:\/\/thestuyckco.com\/\" target=\"_blank\" rel=\"noopener noreferrer\">The Stuyck Co.<\/a><\/span> \u2013 ein merkw\u00fcrdiger Name f\u00fcr eine Craftbier-Bar. Wenn ich w\u00e4hrend meines Bummels durch Madrid f\u00fcr jede neue Variation der Aussprache des Namens <em>Stuyck<\/em> nur einen Euro bekommen h\u00e4tte \u2026 ich h\u00e4tte meinen kompletten Kneipenbummel an diesem Sonnabend finanzieren k\u00f6nnen!<\/p>\n<p style=\"text-align: justify;\">Ob einfach nur Buchstabe f\u00fcr Buchstabe, ob aufgrund des englischen Artikels vor dem Namen eher britisch angehaucht, jeder, mit dem ich gesprochen habe, fand eine neue Interpretation. Nur eines war allen Gespr\u00e4chen gemein: Die Feststellung, dass es sich um eine ganz tolle Bierbar handele und ich dort unbedingt hinm\u00fcsse!<\/p>\n<p style=\"text-align: justify;\">Und so bummele ich weiter durch Malasa\u00f1a, den bunten Szene-Stadtteil Madrids. Eigentlich habe ich genug gesehen f\u00fcr heute, die Augen werden langsam m\u00fcde. Genug Bier hatte ich auch schon. Als Aperitif, zum Essen, danach, und dann noch einmal beim Stopp in der kleinen Brauerei <span style=\"color: #0000ff;\"><a style=\"color: #0000ff;\" href=\"https:\/\/blog.brunnenbraeu.eu\/?p=8994\" target=\"_blank\" rel=\"noopener noreferrer\">F\u00e1brica Maravillas<\/a><\/span>, nur wenige Schritte von hier. Aber nach all den Lobeshymnen traue ich mich nicht, <span style=\"color: #0000ff;\"><a style=\"color: #0000ff;\" href=\"http:\/\/thestuyckco.com\/\" target=\"_blank\" rel=\"noopener noreferrer\">The Stuyck Co.<\/a><\/span> zu verpassen, lenke meine Schritte also noch in die Calle Corredera Alta de San Pablo.<\/p>\n<p style=\"text-align: justify;\">Nebenbei tippe ich noch ein wenig auf meinem schlauen Telefon herum und erfahre, dass <span style=\"color: #0000ff;\"><a style=\"color: #0000ff;\" href=\"http:\/\/thestuyckco.com\/\" target=\"_blank\" rel=\"noopener noreferrer\">The Stuyck Co.<\/a><\/span> schlicht und einfach den Namen des Eigners tr\u00e4gt, Rafael Stuyck, und dass dieser wiederum zwar Spanier ist, aber seinen Stammbaum bis zur\u00fcck zu einer H\u00e4ndlerfamilie aus Antwerpen verfolgen kann. Aha, Stuyck kommt also aus dem Fl\u00e4mischen. Damit ist die Aussprache klar, und die merkw\u00fcrdige Rechtschreibung ebenfalls.<\/p>\n<figure id=\"attachment_9007\" aria-describedby=\"caption-attachment-9007\" style=\"width: 811px\" class=\"wp-caption aligncenter\"><a href=\"https:\/\/www.brunnenbraeu.org\/Alben\/TheStuyck\/album\/index.html\" target=\"_blank\" rel=\"noopener noreferrer\"><img loading=\"lazy\" decoding=\"async\" class=\"wp-image-9007 size-full\" src=\"https:\/\/blog.brunnenbraeu.eu\/wp-content\/uploads\/Stuyck-1.jpg\" alt=\"The Stuyck Co., Madrid\" width=\"811\" height=\"425\" srcset=\"https:\/\/blog.brunnenbraeu.eu\/wp-content\/uploads\/Stuyck-1.jpg 811w, https:\/\/blog.brunnenbraeu.eu\/wp-content\/uploads\/Stuyck-1-150x79.jpg 150w, https:\/\/blog.brunnenbraeu.eu\/wp-content\/uploads\/Stuyck-1-300x157.jpg 300w, https:\/\/blog.brunnenbraeu.eu\/wp-content\/uploads\/Stuyck-1-768x402.jpg 768w\" sizes=\"auto, (max-width: 811px) 100vw, 811px\" \/><\/a><figcaption id=\"caption-attachment-9007\" class=\"wp-caption-text\">The Stuyck Co.<\/figcaption><\/figure>\n<p style=\"text-align: justify;\">Von au\u00dfen sehe ich nur schlichtes Schwarzwei\u00df \u2013 wei\u00df gestrichene Ziegelw\u00e4nde, schwarz konstrastierend dazu die Fenster- und T\u00fcrrahmen, Fensterl\u00e4den und T\u00fcren. Durch die Fenster f\u00e4llt goldgelb das Licht aus dem Inneren. Gem\u00fctlich sieht es aus. \u00dcberf\u00fcllt ist es nicht, ich finde noch bequem einen Platz in der Ecke, kann mein Bier und mein Sch\u00e4lchen mit N\u00fcssen auf einem Brettchen abstellen, ohne st\u00e4ndig Angst haben zu m\u00fcssen, dass mich jemand anrempelt.<\/p>\n<p style=\"text-align: justify;\">Der Blick auf die Bar zeigt eine bogenf\u00f6rmige Zapfanlage mit zw\u00f6lf normalen Zapfh\u00e4hnen und zwei langen Hebeln, mit denen Cask-Pumpen bedient werden. Vierzehn Sorten. Dar\u00fcber h\u00e4ngen \u00fcber Kopf, ebenfalls im Rund angeordnet, \u2018zig Probiergl\u00e4ser der Marke TeKu. Steht nur ein Barmann (oder eine Barfrau\u2026) hinter der Theke, hat er (oder sie) alles in bequemer Reichweite, kommt an alle Zapfh\u00e4hne und an alle Gl\u00e4ser heran, ohne gro\u00df hin- und herlaufen zu m\u00fcssen. Sehr effizient. Schwieriger wird es, wenn zu zweit gearbeitet werden soll, und ich werde mehrmals Zeuge, wie sich die beiden Barm\u00e4nner freundlich anknuffen, wenn der eine dem anderen einmal wieder unn\u00f6tig im Wege steht.<\/p>\n<p style=\"text-align: justify;\">Aber egal, mir geht es nicht um Effizienz, sondern um das Bier, und der Blick auf die vierzehn schwarzen Holzbretter, die direkt im Eingangsbereich an der Wand h\u00e4ngen, zeigt mir eine tolle Bierauswahl. Vorwiegend spanische Biere \u2013 es gibt hier im Land mittlerweile unz\u00e4hlige kleine und auch gute Handwerksbrauereien, und man k\u00f6nnte Monate, wenn nicht Jahre damit verbringen, deren Biere zu verkosten. Aber auch ein paar internationale Spezialit\u00e4ten sind dabei, ich sehe <em>Epic<\/em>, <em>Alvinne<\/em> und <em>To \u00d8l<\/em>. Bei fast allen Biere handelt es sich um wirklich exotische Stile, neben einem einzigen <em>Lager<\/em> und einem einzigen <em>Pale Ale<\/em> sind alle anderen Biere geschmacksintensiv, fordernd, experimentell und laden eher zum Verkosten denn zum Durstl\u00f6schen ein. Die knackig hopfigen <em>India Pale Ales<\/em> sind da noch die herk\u00f6mmlichsten Stile, spannender wird es mit der <em>Gose North<\/em> von <em>To \u00d8l<\/em>, die mit Meersalz, Quitte und Sanddorn gebraut ist, dem <em>Relaxing Coffee<\/em> von <em>I.C.A.<\/em>, dem <em>Instituto de la Cerveza Artesana<\/em>, einem <em>Milk Stout<\/em> mit kalten Kaffeeextakt, oder dem <em>Stay Puft<\/em> von <em>Tiny Rebel<\/em>, einem <em>Stout<\/em> mit Marshmallows. Die perfekten Biere, um den morgigen Tag des Reinheitsgebots angemessen zu w\u00fcrdigen!<\/p>\n<figure id=\"attachment_9009\" aria-describedby=\"caption-attachment-9009\" style=\"width: 995px\" class=\"wp-caption aligncenter\"><a href=\"https:\/\/www.brunnenbraeu.org\/Alben\/TheStuyck\/album\/index.html\" target=\"_blank\" rel=\"noopener noreferrer\"><img loading=\"lazy\" decoding=\"async\" class=\"wp-image-9009 size-full\" src=\"https:\/\/blog.brunnenbraeu.eu\/wp-content\/uploads\/Stuyck-3.jpg\" alt=\"The Stuyck Co., Madrid\" width=\"995\" height=\"425\" srcset=\"https:\/\/blog.brunnenbraeu.eu\/wp-content\/uploads\/Stuyck-3.jpg 995w, https:\/\/blog.brunnenbraeu.eu\/wp-content\/uploads\/Stuyck-3-150x64.jpg 150w, https:\/\/blog.brunnenbraeu.eu\/wp-content\/uploads\/Stuyck-3-300x128.jpg 300w, https:\/\/blog.brunnenbraeu.eu\/wp-content\/uploads\/Stuyck-3-768x328.jpg 768w\" sizes=\"auto, (max-width: 995px) 100vw, 995px\" \/><\/a><figcaption id=\"caption-attachment-9009\" class=\"wp-caption-text\">exotische und fordernder Bierstile<\/figcaption><\/figure>\n<p style=\"text-align: justify;\">Im Glas vor mir habe ich das <em>Fat &amp; Fruity<\/em> stehen, von der <em>Dry &amp; Bitter Brewing Company<\/em> aus D\u00e4nemark. Ein beh\u00e4biges, fruchtaromatisches <em>India Pale Ale<\/em>. Nicht sehr alkoholstark, lediglich 6,2%, daf\u00fcr aber eine Wucht, was den Malzk\u00f6rper und die hopfigen Fruchtaromen anbelangt. <em>Fat &amp; Fruity<\/em> \u2013 es tr\u00e4gt seinen Namen zu Recht.<\/p>\n<p style=\"text-align: justify;\">Knackige, kernige und aromastarke Biere brauchen auch eine entsprechende Begleitung, und so bietet <span style=\"color: #0000ff;\"><a style=\"color: #0000ff;\" href=\"http:\/\/thestuyckco.com\/\" target=\"_blank\" rel=\"noopener noreferrer\">The Stuyck Co.<\/a><\/span> auch w\u00fcrzige internationale Snacks dazu. Ob Gambas, Chicken Wings, Chili con Carne oder eine deftige K\u00e4seplatte \u2013 hier kann man sich als Gast spannende Beer-&amp;-Food-Kombinationen zusammenstellen. Und wer angesichts der Bierauswahl unentschlossen ist, bekommt auch einen Flight von 4 x 13 cl zum Probieren und kann sich so systematisch durch die Bierauswahl arbeiten.<\/p>\n<figure id=\"attachment_9008\" aria-describedby=\"caption-attachment-9008\" style=\"width: 989px\" class=\"wp-caption aligncenter\"><a href=\"https:\/\/www.brunnenbraeu.org\/Alben\/TheStuyck\/album\/index.html\" target=\"_blank\" rel=\"noopener noreferrer\"><img loading=\"lazy\" decoding=\"async\" class=\"wp-image-9008 size-full\" src=\"https:\/\/blog.brunnenbraeu.eu\/wp-content\/uploads\/Stuyck-2.jpg\" alt=\"The Stuyck Co., Madrid\" width=\"989\" height=\"425\" srcset=\"https:\/\/blog.brunnenbraeu.eu\/wp-content\/uploads\/Stuyck-2.jpg 989w, https:\/\/blog.brunnenbraeu.eu\/wp-content\/uploads\/Stuyck-2-150x64.jpg 150w, https:\/\/blog.brunnenbraeu.eu\/wp-content\/uploads\/Stuyck-2-300x129.jpg 300w, https:\/\/blog.brunnenbraeu.eu\/wp-content\/uploads\/Stuyck-2-768x330.jpg 768w\" sizes=\"auto, (max-width: 989px) 100vw, 989px\" \/><\/a><figcaption id=\"caption-attachment-9008\" class=\"wp-caption-text\">trubelige Atmosph\u00e4re im vorderen Teil der Bar<\/figcaption><\/figure>\n<p style=\"text-align: justify;\">Im hinteren Bereich, wenn man an der Bar vorbeigeht, gibt es Sitzm\u00f6glichkeiten; dort geht es etwas ruhiger zu als im trubeligen Eingangsbereich. Auch dort aber: Unverputzte Ziegel, dicke Holzbalken, rustikales Interieur. Das Publikum ist gemischt, alle Altersklassen sind vertreten, der L\u00e4rmpegel gewaltig. Schafft man es, gegen das Geschrei der anderen anzut\u00f6nen, bekommt man vom Barpersonal guten Ratschlag, was die Biere anbelangt \u2013 das Angebot wechselt st\u00e4ndig, und die Jungs und M\u00e4dels hinter der Theke wissen Bescheid, wie was schmeckt. Lobenswert!<\/p>\n<p style=\"text-align: justify;\"><em><span style=\"color: #0000ff;\"><a style=\"color: #0000ff;\" href=\"http:\/\/thestuyckco.com\/\" target=\"_blank\" rel=\"noopener noreferrer\">The Stuyck Co.<\/a><\/span> ist t\u00e4glich ab 18:30 Uhr ge\u00f6ffnet, sonnabends, sonntags und feiertags schon ab 13:00 Uhr; kein Ruhetag. Zu erreichen ist die Bar in wenigen Schritten von der U-Bahn-Station Tribunal, Linie 1 (hellblaue Linie) oder Linie 10 (dunkelblau).<\/em><\/p>\n<p style=\"text-align: center;\"><span style=\"color: #0000ff;\"><a style=\"color: #0000ff;\" href=\"https:\/\/www.brunnenbraeu.org\/Alben\/TheStuyck\/album\/index.html\" target=\"_blank\" rel=\"noopener noreferrer\">Bilder<\/a><\/span><\/p>\n<p style=\"text-align: center;\">The Stuyck Co.<br \/>\nCalle Corredera Alta de San Pablo, 33<br \/>\n28004 Madrid<br \/>\nSpanien<\/p>\n<p><span style=\"border-radius: 2px; text-indent: 20px; width: auto; padding: 0px 4px 0px 0px; text-align: center; font: bold 11px\/20px 'Helvetica Neue',Helvetica,sans-serif; color: #ffffff; background: #bd081c  no-repeat scroll 3px 50% \/ 14px 14px; position: absolute; opacity: 1; z-index: 8675309; display: none; cursor: pointer;\">Merken<\/span><\/p>\n","protected":false},"excerpt":{"rendered":"<div class=\"mh-excerpt\"><p>The Stuyck Co. \u2013 ein merkw\u00fcrdiger Name f\u00fcr eine Craftbier-Bar. Wenn ich w\u00e4hrend meines Bummels durch Madrid f\u00fcr jede neue Variation der Aussprache des Namens Stuyck nur einen Euro bekommen h\u00e4tte \u2026 ich h\u00e4tte meinen kompletten Kneipenbummel an diesem Sonnabend finanzieren k\u00f6nnen! Ob einfach nur Buchstabe f\u00fcr Buchstabe, ob aufgrund <a class=\"mh-excerpt-more\" href=\"https:\/\/blog.brunnenbraeu.eu\/?p=9004\" title=\"The Stuyck Co.MadridESP\">[&#8230;]<\/a><\/p>\n<\/div>","protected":false},"author":1,"featured_media":9007,"comment_status":"open","ping_status":"open","sticky":false,"template":"","format":"standard","meta":{"footnotes":""},"categories":[6,10,147],"tags":[],"class_list":{"0":"post-9004","1":"post","2":"type-post","3":"status-publish","4":"format-standard","5":"has-post-thumbnail","7":"category-bier-vor-ort","8":"category-bierbars-biergaerten-bierlokale","9":"category-spanien-bierbars-biergaerten-bierlokale"},"_links":{"self":[{"href":"https:\/\/blog.brunnenbraeu.eu\/index.php?rest_route=\/wp\/v2\/posts\/9004","targetHints":{"allow":["GET"]}}],"collection":[{"href":"https:\/\/blog.brunnenbraeu.eu\/index.php?rest_route=\/wp\/v2\/posts"}],"about":[{"href":"https:\/\/blog.brunnenbraeu.eu\/index.php?rest_route=\/wp\/v2\/types\/post"}],"author":[{"embeddable":true,"href":"https:\/\/blog.brunnenbraeu.eu\/index.php?rest_route=\/wp\/v2\/users\/1"}],"replies":[{"embeddable":true,"href":"https:\/\/blog.brunnenbraeu.eu\/index.php?rest_route=%2Fwp%2Fv2%2Fcomments&post=9004"}],"version-history":[{"count":0,"href":"https:\/\/blog.brunnenbraeu.eu\/index.php?rest_route=\/wp\/v2\/posts\/9004\/revisions"}],"wp:featuredmedia":[{"embeddable":true,"href":"https:\/\/blog.brunnenbraeu.eu\/index.php?rest_route=\/wp\/v2\/media\/9007"}],"wp:attachment":[{"href":"https:\/\/blog.brunnenbraeu.eu\/index.php?rest_route=%2Fwp%2Fv2%2Fmedia&parent=9004"}],"wp:term":[{"taxonomy":"category","embeddable":true,"href":"https:\/\/blog.brunnenbraeu.eu\/index.php?rest_route=%2Fwp%2Fv2%2Fcategories&post=9004"},{"taxonomy":"post_tag","embeddable":true,"href":"https:\/\/blog.brunnenbraeu.eu\/index.php?rest_route=%2Fwp%2Fv2%2Ftags&post=9004"}],"curies":[{"name":"wp","href":"https:\/\/api.w.org\/{rel}","templated":true}]}}